{"id":32263,"date":"2012-09-07T08:26:48","date_gmt":"2012-09-07T06:26:48","guid":{"rendered":"https:\/\/www.masmallorca.es\/llocs-amb-encant\/mallorca-celebra-en-2013-el-ano-fray-junipero-serra.html"},"modified":"2024-04-16T18:06:48","modified_gmt":"2024-04-16T16:06:48","slug":"mallorca-celebra-en-2013-el-ano-fray-junipero-serra","status":"publish","type":"post","link":"https:\/\/www.masmallorca.es\/ca\/cultura\/mallorca-celebra-en-2013-el-ano-fray-junipero-serra.html","title":{"rendered":"Mallorca celebra el 2013 l&#8217;Any Fra Jun\u00edper Serra"},"content":{"rendered":"\n<p>Mallorca celebra el 2013 un important aniversari: es compleixen <strong>300 anys del naixement del Pare Jun\u00edper Serra<\/strong>, el apostolat en terres americanes li ha fet passar a la posteritat com un dels m\u00e9s famosos personatges de la cultura religiosa local.<\/p>\n\n\n\n<!--more-->\n\n\n\n<p>L&#8217;Associaci\u00f3 d&#8217;Amics de Fra Jun\u00edper Serra, fundada el 1955 i presidida en l&#8217;actualitat per Bartomeu Bestard, desenvolupa una crucial tasca de difusi\u00f3 de l&#8217;obra de l&#8217;ap\u00f2stol, <strong>nascut a Petra el 1713 i mort a Calif\u00f2rnia (EUA) el 1784.<\/strong> A petici\u00f3 de l&#8217;entitat, el <a href=\"http:\/\/www.conselldemallorca.net\" target=\"_blank\" rel=\"noreferrer noopener nofollow\">Consell de Mallorca<\/a> va aprovar el 14 de juny en sessi\u00f3 plen\u00e0ria la declaraci\u00f3 del <strong>2013 com a Any Jun\u00edper Serra<\/strong>.<\/p>\n\n\n\n<figure class=\"wp-block-gallery has-nested-images columns-default is-cropped wp-block-gallery-1 is-layout-flex wp-block-gallery-is-layout-flex\">\n<figure class=\"wp-block-image size-large\"><img loading=\"lazy\" decoding=\"async\" width=\"940\" height=\"627\" data-id=\"32209\" src=\"https:\/\/www.masmallorca.es\/wp-content\/uploads\/2024\/04\/fray-junipero-serra-Petra-escalera.jpg\" alt=\"\" class=\"wp-image-32209\" srcset=\"https:\/\/www.masmallorca.es\/wp-content\/uploads\/2024\/04\/fray-junipero-serra-Petra-escalera.jpg 940w, https:\/\/www.masmallorca.es\/wp-content\/uploads\/2024\/04\/fray-junipero-serra-Petra-escalera-300x200.jpg 300w, https:\/\/www.masmallorca.es\/wp-content\/uploads\/2024\/04\/fray-junipero-serra-Petra-escalera-768x512.jpg 768w\" sizes=\"(max-width: 940px) 100vw, 940px\" \/><figcaption class=\"wp-element-caption\">Museo Fray Jun\u00edpero Serra, Petra<\/figcaption><\/figure>\n\n\n\n<figure class=\"wp-block-image size-large\"><img loading=\"lazy\" decoding=\"async\" width=\"940\" height=\"627\" data-id=\"32214\" src=\"https:\/\/www.masmallorca.es\/wp-content\/uploads\/2024\/04\/fray-junipero-serra-Petra-Bartomeu-Bestard.jpg\" alt=\"\" class=\"wp-image-32214\" srcset=\"https:\/\/www.masmallorca.es\/wp-content\/uploads\/2024\/04\/fray-junipero-serra-Petra-Bartomeu-Bestard.jpg 940w, https:\/\/www.masmallorca.es\/wp-content\/uploads\/2024\/04\/fray-junipero-serra-Petra-Bartomeu-Bestard-300x200.jpg 300w, https:\/\/www.masmallorca.es\/wp-content\/uploads\/2024\/04\/fray-junipero-serra-Petra-Bartomeu-Bestard-768x512.jpg 768w\" sizes=\"(max-width: 940px) 100vw, 940px\" \/><figcaption class=\"wp-element-caption\"> Bartolom\u00e9 Bestard<\/figcaption><\/figure>\n<\/figure>\n\n\n\n<p>L&#8217;associaci\u00f3, integrada a la Fundaci\u00f3 Pare Serra, gestiona el Museu i Centre d&#8217;Estudis de Fra Jun\u00edper Serra, ubicat a la localitat natal del beat. <\/p>\n\n\n\n<p>Cada any rep uns tres mil visitants, amb <strong>una significativa participaci\u00f3 de turistes nord-americans<\/strong>, el que d\u00f3na una idea total de la seva integraci\u00f3 en els circuits culturals mallorquins i de la seva capacitat com a factor d&#8217;atracci\u00f3 d&#8217;un turisme religi\u00f3s i cultural que es despla\u00e7a a la illa exclusivament atret per la figura del beat. <\/p>\n\n\n\n<p>El museu, d&#8217;estil regionalista mallorqu\u00ed, projecte de l&#8217;arquitecte <a href=\"https:\/\/es.wikipedia.org\/wiki\/Gabriel_Alomar_Esteve\" target=\"_blank\" rel=\"noreferrer noopener\">Gabriel Alomar<\/a>, exposa una nodrida col\u00b7lecci\u00f3 de pintures, estampes, medalles, escultures, relleus, gravats i fotografies, procedents en la seva major part de donacions particulars.<\/p>\n\n\n\n<p>L&#8217;entitat tamb\u00e9 s&#8217;ocupa de la conservaci\u00f3 de la Casa Pairal on va transc\u00f3rrer part de la inf\u00e0ncia de l&#8217;ap\u00f2stol, situada al costat del museu. El convent francisc\u00e0 de Sant Bernardino, fundat a Petra el 1607, va ser on es va formar el beat, que als 36 anys va abandonar la seva illa natal rumb a Veracruz (M\u00e8xic) per iniciar la seva tasca missionera.<\/p>\n\n\n\n<p><strong>Fill predilecte de Petra<\/strong>, a iniciativa del pare Francesc Torres al municipi mallorqu\u00ed va dedicar una est\u00e0tua a la seva mem\u00f2ria obra de l&#8217;escultor Guillem Galm\u00e9s. El monument va ser erigit a la Pla\u00e7a Fra Jun\u00edper Serra, que va passar a anomenar-se aix\u00ed en erigir el monument amb motiu del 200 aniversari del seu naixement. La seva primera pedra es va col\u00b7locar el 21 de juliol de 1913.<\/p>\n\n\n\n<figure class=\"wp-block-gallery has-nested-images columns-default is-cropped wp-block-gallery-2 is-layout-flex wp-block-gallery-is-layout-flex\">\n<figure class=\"wp-block-image size-large\"><img loading=\"lazy\" decoding=\"async\" width=\"848\" height=\"1024\" data-id=\"32234\" src=\"https:\/\/www.masmallorca.es\/wp-content\/uploads\/2024\/04\/fray-junipero-serra-Petra-cartel-848x1024.jpg\" alt=\"\" class=\"wp-image-32234\" srcset=\"https:\/\/www.masmallorca.es\/wp-content\/uploads\/2024\/04\/fray-junipero-serra-Petra-cartel-848x1024.jpg 848w, https:\/\/www.masmallorca.es\/wp-content\/uploads\/2024\/04\/fray-junipero-serra-Petra-cartel-248x300.jpg 248w, https:\/\/www.masmallorca.es\/wp-content\/uploads\/2024\/04\/fray-junipero-serra-Petra-cartel-768x927.jpg 768w, https:\/\/www.masmallorca.es\/wp-content\/uploads\/2024\/04\/fray-junipero-serra-Petra-cartel.jpg 940w\" sizes=\"(max-width: 848px) 100vw, 848px\" \/><\/figure>\n\n\n\n<figure class=\"wp-block-image size-large\"><img loading=\"lazy\" decoding=\"async\" width=\"905\" height=\"1024\" data-id=\"32229\" src=\"https:\/\/www.masmallorca.es\/wp-content\/uploads\/2024\/04\/fray-junipero-serra-Petra-cartel-1-905x1024.jpg\" alt=\"\" class=\"wp-image-32229\" srcset=\"https:\/\/www.masmallorca.es\/wp-content\/uploads\/2024\/04\/fray-junipero-serra-Petra-cartel-1-905x1024.jpg 905w, https:\/\/www.masmallorca.es\/wp-content\/uploads\/2024\/04\/fray-junipero-serra-Petra-cartel-1-265x300.jpg 265w, https:\/\/www.masmallorca.es\/wp-content\/uploads\/2024\/04\/fray-junipero-serra-Petra-cartel-1-768x869.jpg 768w, https:\/\/www.masmallorca.es\/wp-content\/uploads\/2024\/04\/fray-junipero-serra-Petra-cartel-1.jpg 940w\" sizes=\"(max-width: 905px) 100vw, 905px\" \/><\/figure>\n<\/figure>\n\n\n\n<p>Finalment, a 4,5 quil\u00f2metres de Petra i 517 metres sobre el nivell del mar, al Puig de Son Burgues, s&#8217;aixeca el santuari i hostatgeria de la Mare de D\u00e9u de Bonany, la primera construcci\u00f3 data de 1606 i la seva actual configuraci\u00f3, de 1919 (en el cas del santuari) i de 1896 i 1918 en el de l&#8217;hosteria.<\/p>\n\n\n\n<p><strong>L&#8217;Associaci\u00f3 d&#8217;Amics Pare Jun\u00edper Serra<\/strong> fa una notable tasca de divulgaci\u00f3 d&#8217;aquesta figura tan important en el <strong>300 aniversari del seu naixement<\/strong>. <\/p>\n\n\n\n<p>L&#8217;entitat, que comen\u00e7a ja a rebre peticions d&#8217;informaci\u00f3, visites i entrevistes orientades a la declaraci\u00f3 del 2013 com a Any Fra Jun\u00edper Serra, cooperar\u00e0 amb la macroexposici\u00f3 juniperiana de la biblioteca Huntington de San Marino (Calif\u00f2rnia). <\/p>\n\n\n\n<p>Una cita ineludible que de ben segur refor\u00e7ar\u00e0 l&#8217;inter\u00e8s que mai ha deixat de despertar el beat mallorqu\u00ed entre el p\u00fablic local i estranger.<\/p>\n\n\n\n<figure class=\"wp-block-image size-full\"><a href=\"https:\/\/www.masmallorca.es\/wp-content\/uploads\/2024\/04\/fray-junipero-serra-Petra-mapa-america-max.jpg\" target=\"_blank\" rel=\"noreferrer noopener\"><img loading=\"lazy\" decoding=\"async\" width=\"940\" height=\"544\" src=\"https:\/\/www.masmallorca.es\/wp-content\/uploads\/2024\/04\/fray-junipero-serra-Petra-mapa-america.jpg\" alt=\"L'her\u00e8ncia espanyola i la contribuci\u00f3 a la independ\u00e8ncia americana\" class=\"wp-image-32244\" srcset=\"https:\/\/www.masmallorca.es\/wp-content\/uploads\/2024\/04\/fray-junipero-serra-Petra-mapa-america.jpg 940w, https:\/\/www.masmallorca.es\/wp-content\/uploads\/2024\/04\/fray-junipero-serra-Petra-mapa-america-300x174.jpg 300w, https:\/\/www.masmallorca.es\/wp-content\/uploads\/2024\/04\/fray-junipero-serra-Petra-mapa-america-768x444.jpg 768w\" sizes=\"(max-width: 940px) 100vw, 940px\" \/><\/a><figcaption class=\"wp-element-caption\">L&#8217;her\u00e8ncia espanyola i la contribuci\u00f3 a la independ\u00e8ncia americana<\/figcaption><\/figure>\n\n\n\n<p><strong>Visitas \/ Visits \/ F\u00fchrungen nach Vereinbarung<\/strong>:<br><a href=\"https:\/\/maps.google.es\/maps?f=q&amp;source=embed&amp;hl=es&amp;q=Carrer+del+Barracar+Alt,+6,+07520+Petra,+Illes+Balears&amp;aq=&amp;sll=41.692152,1.746005&amp;sspn=2.223161,4.938354&amp;ie=UTF8&amp;geocode=FXBsXAIdaHcvAA&amp;split=0&amp;hq=&amp;hnear=Carrer+del+Barracar+Alt,+6,+07520+Petra,+Illes+Balears&amp;t=m&amp;z=14&amp;iwloc=A\" target=\"_blank\" rel=\"noreferrer noopener\">Calle Barracart alt 6 07520 Petra, Museo Fray Junipero Serra<\/a>, Mallorca. Museo y centro de estudios Jun\u00edpero Serra.<\/p>\n","protected":false},"excerpt":{"rendered":"<p>Fray Jun\u00edpero Serra \/ placa en Petra<\/p>\n","protected":false},"author":1,"featured_media":32220,"comment_status":"closed","ping_status":"closed","sticky":false,"template":"","format":"standard","meta":{"_et_pb_use_builder":"","_et_pb_old_content":"","_et_gb_content_width":"","footnotes":""},"categories":[19],"tags":[],"class_list":["post-32263","post","type-post","status-publish","format-standard","has-post-thumbnail","hentry","category-cultura","et-has-post-format-content","et_post_format-et-post-format-standard"],"yoast_head":"<!-- This site is optimized with the Yoast SEO plugin v27.4 - https:\/\/yoast.com\/product\/yoast-seo-wordpress\/ -->\n<title>Mallorca celebra el 2013 l&#039;Any Fra Jun\u00edper Serra | +Mallorca<\/title>\n<meta name=\"description\" content=\"Mallorca va celebrar el 2013 un important aniversari: es compleixen 300 anys del naixement de Fray Jun\u00edpero Serra.\" \/>\n<meta name=\"robots\" content=\"index, follow, max-snippet:-1, max-image-preview:large, max-video-preview:-1\" \/>\n<link rel=\"canonical\" href=\"https:\/\/www.masmallorca.es\/ca\/cultura\/mallorca-celebra-en-2013-el-ano-fray-junipero-serra.html\" \/>\n<meta property=\"og:locale\" content=\"ca_ES\" \/>\n<meta property=\"og:type\" content=\"article\" \/>\n<meta property=\"og:title\" content=\"Mallorca celebra el 2013 l&#039;Any Fra Jun\u00edper Serra | +Mallorca\" \/>\n<meta property=\"og:description\" content=\"Mallorca va celebrar el 2013 un important aniversari: es compleixen 300 anys del naixement de Fray Jun\u00edpero Serra.\" \/>\n<meta property=\"og:url\" content=\"https:\/\/www.masmallorca.es\/ca\/cultura\/mallorca-celebra-en-2013-el-ano-fray-junipero-serra.html\" \/>\n<meta property=\"og:site_name\" content=\"+Mallorca: la revista de Mallorca\" \/>\n<meta property=\"article:publisher\" content=\"https:\/\/www.facebook.com\/mallorcamagazine\/\" \/>\n<meta property=\"article:published_time\" content=\"2012-09-07T06:26:48+00:00\" \/>\n<meta property=\"article:modified_time\" content=\"2024-04-16T16:06:48+00:00\" \/>\n<meta property=\"og:image\" content=\"https:\/\/www.masmallorca.es\/wp-content\/uploads\/2024\/04\/fray-junipero-serra-Petra-placa.jpg\" \/>\n\t<meta property=\"og:image:width\" content=\"940\" \/>\n\t<meta property=\"og:image:height\" content=\"627\" \/>\n\t<meta property=\"og:image:type\" content=\"image\/jpeg\" \/>\n<meta name=\"author\" content=\"masmallorca\" \/>\n<meta name=\"twitter:card\" content=\"summary_large_image\" \/>\n<meta name=\"twitter:creator\" content=\"@masmallorca\" \/>\n<meta name=\"twitter:site\" content=\"@masmallorca\" \/>\n<meta name=\"twitter:label1\" content=\"Written by\" \/>\n\t<meta name=\"twitter:data1\" content=\"masmallorca\" \/>\n\t<meta name=\"twitter:label2\" content=\"Est. reading time\" \/>\n\t<meta name=\"twitter:data2\" content=\"4 minutes\" \/>\n<script type=\"application\/ld+json\" class=\"yoast-schema-graph\">{\"@context\":\"https:\\\/\\\/schema.org\",\"@graph\":[{\"@type\":\"Article\",\"@id\":\"https:\\\/\\\/www.masmallorca.es\\\/ca\\\/cultura\\\/mallorca-celebra-en-2013-el-ano-fray-junipero-serra.html#article\",\"isPartOf\":{\"@id\":\"https:\\\/\\\/www.masmallorca.es\\\/ca\\\/cultura\\\/mallorca-celebra-en-2013-el-ano-fray-junipero-serra.html\"},\"author\":{\"name\":\"masmallorca\",\"@id\":\"https:\\\/\\\/www.masmallorca.es\\\/ca#\\\/schema\\\/person\\\/554c84e7dfd9917fdba2cace51081633\"},\"headline\":\"Mallorca celebra el 2013 l&#8217;Any Fra Jun\u00edper Serra\",\"datePublished\":\"2012-09-07T06:26:48+00:00\",\"dateModified\":\"2024-04-16T16:06:48+00:00\",\"mainEntityOfPage\":{\"@id\":\"https:\\\/\\\/www.masmallorca.es\\\/ca\\\/cultura\\\/mallorca-celebra-en-2013-el-ano-fray-junipero-serra.html\"},\"wordCount\":574,\"publisher\":{\"@id\":\"https:\\\/\\\/www.masmallorca.es\\\/ca#organization\"},\"image\":{\"@id\":\"https:\\\/\\\/www.masmallorca.es\\\/ca\\\/cultura\\\/mallorca-celebra-en-2013-el-ano-fray-junipero-serra.html#primaryimage\"},\"thumbnailUrl\":\"https:\\\/\\\/www.masmallorca.es\\\/wp-content\\\/uploads\\\/2024\\\/04\\\/fray-junipero-serra-Petra-placa.jpg\",\"articleSection\":[\"Cultura de Mallorca\"],\"inLanguage\":\"ca-ES\"},{\"@type\":\"WebPage\",\"@id\":\"https:\\\/\\\/www.masmallorca.es\\\/ca\\\/cultura\\\/mallorca-celebra-en-2013-el-ano-fray-junipero-serra.html\",\"url\":\"https:\\\/\\\/www.masmallorca.es\\\/ca\\\/cultura\\\/mallorca-celebra-en-2013-el-ano-fray-junipero-serra.html\",\"name\":\"Mallorca celebra el 2013 l'Any Fra Jun\u00edper Serra | +Mallorca\",\"isPartOf\":{\"@id\":\"https:\\\/\\\/www.masmallorca.es\\\/ca#website\"},\"primaryImageOfPage\":{\"@id\":\"https:\\\/\\\/www.masmallorca.es\\\/ca\\\/cultura\\\/mallorca-celebra-en-2013-el-ano-fray-junipero-serra.html#primaryimage\"},\"image\":{\"@id\":\"https:\\\/\\\/www.masmallorca.es\\\/ca\\\/cultura\\\/mallorca-celebra-en-2013-el-ano-fray-junipero-serra.html#primaryimage\"},\"thumbnailUrl\":\"https:\\\/\\\/www.masmallorca.es\\\/wp-content\\\/uploads\\\/2024\\\/04\\\/fray-junipero-serra-Petra-placa.jpg\",\"datePublished\":\"2012-09-07T06:26:48+00:00\",\"dateModified\":\"2024-04-16T16:06:48+00:00\",\"description\":\"Mallorca va celebrar el 2013 un important aniversari: es compleixen 300 anys del naixement de Fray Jun\u00edpero Serra.\",\"breadcrumb\":{\"@id\":\"https:\\\/\\\/www.masmallorca.es\\\/ca\\\/cultura\\\/mallorca-celebra-en-2013-el-ano-fray-junipero-serra.html#breadcrumb\"},\"inLanguage\":\"ca-ES\",\"potentialAction\":[{\"@type\":\"ReadAction\",\"target\":[\"https:\\\/\\\/www.masmallorca.es\\\/ca\\\/cultura\\\/mallorca-celebra-en-2013-el-ano-fray-junipero-serra.html\"]}]},{\"@type\":\"ImageObject\",\"inLanguage\":\"ca-ES\",\"@id\":\"https:\\\/\\\/www.masmallorca.es\\\/ca\\\/cultura\\\/mallorca-celebra-en-2013-el-ano-fray-junipero-serra.html#primaryimage\",\"url\":\"https:\\\/\\\/www.masmallorca.es\\\/wp-content\\\/uploads\\\/2024\\\/04\\\/fray-junipero-serra-Petra-placa.jpg\",\"contentUrl\":\"https:\\\/\\\/www.masmallorca.es\\\/wp-content\\\/uploads\\\/2024\\\/04\\\/fray-junipero-serra-Petra-placa.jpg\",\"width\":940,\"height\":627},{\"@type\":\"BreadcrumbList\",\"@id\":\"https:\\\/\\\/www.masmallorca.es\\\/ca\\\/cultura\\\/mallorca-celebra-en-2013-el-ano-fray-junipero-serra.html#breadcrumb\",\"itemListElement\":[{\"@type\":\"ListItem\",\"position\":1,\"name\":\"Portada\",\"item\":\"https:\\\/\\\/www.masmallorca.es\\\/ca\"},{\"@type\":\"ListItem\",\"position\":2,\"name\":\"Cultura de Mallorca\",\"item\":\"https:\\\/\\\/www.masmallorca.es\\\/ca\\\/cultura\"},{\"@type\":\"ListItem\",\"position\":3,\"name\":\"Mallorca celebra el 2013 l&#8217;Any Fra Jun\u00edper Serra\"}]},{\"@type\":\"WebSite\",\"@id\":\"https:\\\/\\\/www.masmallorca.es\\\/ca#website\",\"url\":\"https:\\\/\\\/www.masmallorca.es\\\/ca\",\"name\":\"+Mallorca: la revista de Mallorca\",\"description\":\"Molt m\u00e9s que sol i platja..\",\"publisher\":{\"@id\":\"https:\\\/\\\/www.masmallorca.es\\\/ca#organization\"},\"alternateName\":\"+Mallorca\",\"potentialAction\":[{\"@type\":\"SearchAction\",\"target\":{\"@type\":\"EntryPoint\",\"urlTemplate\":\"https:\\\/\\\/www.masmallorca.es\\\/ca?s={search_term_string}\"},\"query-input\":{\"@type\":\"PropertyValueSpecification\",\"valueRequired\":true,\"valueName\":\"search_term_string\"}}],\"inLanguage\":\"ca-ES\"},{\"@type\":\"Organization\",\"@id\":\"https:\\\/\\\/www.masmallorca.es\\\/ca#organization\",\"name\":\"Revista +Mallorca\",\"alternateName\":\"M\u00e1s Mallorca\",\"url\":\"https:\\\/\\\/www.masmallorca.es\\\/ca\",\"logo\":{\"@type\":\"ImageObject\",\"inLanguage\":\"ca-ES\",\"@id\":\"https:\\\/\\\/www.masmallorca.es\\\/ca#\\\/schema\\\/logo\\\/image\\\/\",\"url\":\"https:\\\/\\\/www.masmallorca.es\\\/wp-content\\\/uploads\\\/2021\\\/04\\\/logomallorca-1.png\",\"contentUrl\":\"https:\\\/\\\/www.masmallorca.es\\\/wp-content\\\/uploads\\\/2021\\\/04\\\/logomallorca-1.png\",\"width\":326,\"height\":84,\"caption\":\"Revista +Mallorca\"},\"image\":{\"@id\":\"https:\\\/\\\/www.masmallorca.es\\\/ca#\\\/schema\\\/logo\\\/image\\\/\"},\"sameAs\":[\"https:\\\/\\\/www.facebook.com\\\/mallorcamagazine\\\/\",\"https:\\\/\\\/x.com\\\/masmallorca\"]},{\"@type\":\"Person\",\"@id\":\"https:\\\/\\\/www.masmallorca.es\\\/ca#\\\/schema\\\/person\\\/554c84e7dfd9917fdba2cace51081633\",\"name\":\"masmallorca\"}]}<\/script>\n<!-- \/ Yoast SEO plugin. -->","yoast_head_json":{"title":"Mallorca celebra el 2013 l'Any Fra Jun\u00edper Serra | +Mallorca","description":"Mallorca va celebrar el 2013 un important aniversari: es compleixen 300 anys del naixement de Fray Jun\u00edpero Serra.","robots":{"index":"index","follow":"follow","max-snippet":"max-snippet:-1","max-image-preview":"max-image-preview:large","max-video-preview":"max-video-preview:-1"},"canonical":"https:\/\/www.masmallorca.es\/ca\/cultura\/mallorca-celebra-en-2013-el-ano-fray-junipero-serra.html","og_locale":"ca_ES","og_type":"article","og_title":"Mallorca celebra el 2013 l'Any Fra Jun\u00edper Serra | +Mallorca","og_description":"Mallorca va celebrar el 2013 un important aniversari: es compleixen 300 anys del naixement de Fray Jun\u00edpero Serra.","og_url":"https:\/\/www.masmallorca.es\/ca\/cultura\/mallorca-celebra-en-2013-el-ano-fray-junipero-serra.html","og_site_name":"+Mallorca: la revista de Mallorca","article_publisher":"https:\/\/www.facebook.com\/mallorcamagazine\/","article_published_time":"2012-09-07T06:26:48+00:00","article_modified_time":"2024-04-16T16:06:48+00:00","og_image":[{"width":940,"height":627,"url":"https:\/\/www.masmallorca.es\/wp-content\/uploads\/2024\/04\/fray-junipero-serra-Petra-placa.jpg","type":"image\/jpeg"}],"author":"masmallorca","twitter_card":"summary_large_image","twitter_creator":"@masmallorca","twitter_site":"@masmallorca","twitter_misc":{"Written by":"masmallorca","Est. reading time":"4 minutes"},"schema":{"@context":"https:\/\/schema.org","@graph":[{"@type":"Article","@id":"https:\/\/www.masmallorca.es\/ca\/cultura\/mallorca-celebra-en-2013-el-ano-fray-junipero-serra.html#article","isPartOf":{"@id":"https:\/\/www.masmallorca.es\/ca\/cultura\/mallorca-celebra-en-2013-el-ano-fray-junipero-serra.html"},"author":{"name":"masmallorca","@id":"https:\/\/www.masmallorca.es\/ca#\/schema\/person\/554c84e7dfd9917fdba2cace51081633"},"headline":"Mallorca celebra el 2013 l&#8217;Any Fra Jun\u00edper Serra","datePublished":"2012-09-07T06:26:48+00:00","dateModified":"2024-04-16T16:06:48+00:00","mainEntityOfPage":{"@id":"https:\/\/www.masmallorca.es\/ca\/cultura\/mallorca-celebra-en-2013-el-ano-fray-junipero-serra.html"},"wordCount":574,"publisher":{"@id":"https:\/\/www.masmallorca.es\/ca#organization"},"image":{"@id":"https:\/\/www.masmallorca.es\/ca\/cultura\/mallorca-celebra-en-2013-el-ano-fray-junipero-serra.html#primaryimage"},"thumbnailUrl":"https:\/\/www.masmallorca.es\/wp-content\/uploads\/2024\/04\/fray-junipero-serra-Petra-placa.jpg","articleSection":["Cultura de Mallorca"],"inLanguage":"ca-ES"},{"@type":"WebPage","@id":"https:\/\/www.masmallorca.es\/ca\/cultura\/mallorca-celebra-en-2013-el-ano-fray-junipero-serra.html","url":"https:\/\/www.masmallorca.es\/ca\/cultura\/mallorca-celebra-en-2013-el-ano-fray-junipero-serra.html","name":"Mallorca celebra el 2013 l'Any Fra Jun\u00edper Serra | +Mallorca","isPartOf":{"@id":"https:\/\/www.masmallorca.es\/ca#website"},"primaryImageOfPage":{"@id":"https:\/\/www.masmallorca.es\/ca\/cultura\/mallorca-celebra-en-2013-el-ano-fray-junipero-serra.html#primaryimage"},"image":{"@id":"https:\/\/www.masmallorca.es\/ca\/cultura\/mallorca-celebra-en-2013-el-ano-fray-junipero-serra.html#primaryimage"},"thumbnailUrl":"https:\/\/www.masmallorca.es\/wp-content\/uploads\/2024\/04\/fray-junipero-serra-Petra-placa.jpg","datePublished":"2012-09-07T06:26:48+00:00","dateModified":"2024-04-16T16:06:48+00:00","description":"Mallorca va celebrar el 2013 un important aniversari: es compleixen 300 anys del naixement de Fray Jun\u00edpero Serra.","breadcrumb":{"@id":"https:\/\/www.masmallorca.es\/ca\/cultura\/mallorca-celebra-en-2013-el-ano-fray-junipero-serra.html#breadcrumb"},"inLanguage":"ca-ES","potentialAction":[{"@type":"ReadAction","target":["https:\/\/www.masmallorca.es\/ca\/cultura\/mallorca-celebra-en-2013-el-ano-fray-junipero-serra.html"]}]},{"@type":"ImageObject","inLanguage":"ca-ES","@id":"https:\/\/www.masmallorca.es\/ca\/cultura\/mallorca-celebra-en-2013-el-ano-fray-junipero-serra.html#primaryimage","url":"https:\/\/www.masmallorca.es\/wp-content\/uploads\/2024\/04\/fray-junipero-serra-Petra-placa.jpg","contentUrl":"https:\/\/www.masmallorca.es\/wp-content\/uploads\/2024\/04\/fray-junipero-serra-Petra-placa.jpg","width":940,"height":627},{"@type":"BreadcrumbList","@id":"https:\/\/www.masmallorca.es\/ca\/cultura\/mallorca-celebra-en-2013-el-ano-fray-junipero-serra.html#breadcrumb","itemListElement":[{"@type":"ListItem","position":1,"name":"Portada","item":"https:\/\/www.masmallorca.es\/ca"},{"@type":"ListItem","position":2,"name":"Cultura de Mallorca","item":"https:\/\/www.masmallorca.es\/ca\/cultura"},{"@type":"ListItem","position":3,"name":"Mallorca celebra el 2013 l&#8217;Any Fra Jun\u00edper Serra"}]},{"@type":"WebSite","@id":"https:\/\/www.masmallorca.es\/ca#website","url":"https:\/\/www.masmallorca.es\/ca","name":"+Mallorca: la revista de Mallorca","description":"Molt m\u00e9s que sol i platja..","publisher":{"@id":"https:\/\/www.masmallorca.es\/ca#organization"},"alternateName":"+Mallorca","potentialAction":[{"@type":"SearchAction","target":{"@type":"EntryPoint","urlTemplate":"https:\/\/www.masmallorca.es\/ca?s={search_term_string}"},"query-input":{"@type":"PropertyValueSpecification","valueRequired":true,"valueName":"search_term_string"}}],"inLanguage":"ca-ES"},{"@type":"Organization","@id":"https:\/\/www.masmallorca.es\/ca#organization","name":"Revista +Mallorca","alternateName":"M\u00e1s Mallorca","url":"https:\/\/www.masmallorca.es\/ca","logo":{"@type":"ImageObject","inLanguage":"ca-ES","@id":"https:\/\/www.masmallorca.es\/ca#\/schema\/logo\/image\/","url":"https:\/\/www.masmallorca.es\/wp-content\/uploads\/2021\/04\/logomallorca-1.png","contentUrl":"https:\/\/www.masmallorca.es\/wp-content\/uploads\/2021\/04\/logomallorca-1.png","width":326,"height":84,"caption":"Revista +Mallorca"},"image":{"@id":"https:\/\/www.masmallorca.es\/ca#\/schema\/logo\/image\/"},"sameAs":["https:\/\/www.facebook.com\/mallorcamagazine\/","https:\/\/x.com\/masmallorca"]},{"@type":"Person","@id":"https:\/\/www.masmallorca.es\/ca#\/schema\/person\/554c84e7dfd9917fdba2cace51081633","name":"masmallorca"}]}},"_links":{"self":[{"href":"https:\/\/www.masmallorca.es\/ca\/wp-json\/wp\/v2\/posts\/32263","targetHints":{"allow":["GET"]}}],"collection":[{"href":"https:\/\/www.masmallorca.es\/ca\/wp-json\/wp\/v2\/posts"}],"about":[{"href":"https:\/\/www.masmallorca.es\/ca\/wp-json\/wp\/v2\/types\/post"}],"author":[{"embeddable":true,"href":"https:\/\/www.masmallorca.es\/ca\/wp-json\/wp\/v2\/users\/1"}],"replies":[{"embeddable":true,"href":"https:\/\/www.masmallorca.es\/ca\/wp-json\/wp\/v2\/comments?post=32263"}],"version-history":[{"count":0,"href":"https:\/\/www.masmallorca.es\/ca\/wp-json\/wp\/v2\/posts\/32263\/revisions"}],"wp:featuredmedia":[{"embeddable":true,"href":"https:\/\/www.masmallorca.es\/ca\/wp-json\/wp\/v2\/media\/32220"}],"wp:attachment":[{"href":"https:\/\/www.masmallorca.es\/ca\/wp-json\/wp\/v2\/media?parent=32263"}],"wp:term":[{"taxonomy":"category","embeddable":true,"href":"https:\/\/www.masmallorca.es\/ca\/wp-json\/wp\/v2\/categories?post=32263"},{"taxonomy":"post_tag","embeddable":true,"href":"https:\/\/www.masmallorca.es\/ca\/wp-json\/wp\/v2\/tags?post=32263"}],"curies":[{"name":"wp","href":"https:\/\/api.w.org\/{rel}","templated":true}]}}