{"id":3220,"date":"2009-10-20T19:20:14","date_gmt":"2009-10-20T17:20:14","guid":{"rendered":""},"modified":"2024-03-20T10:38:57","modified_gmt":"2024-03-20T09:38:57","slug":"bous-de-costitx","status":"publish","type":"post","link":"https:\/\/www.masmallorca.es\/ca\/cultura\/bous-de-costitx.html","title":{"rendered":"Bous de Costitx"},"content":{"rendered":"<p style=\"text-align: justify;\"><img loading=\"lazy\" decoding=\"async\" class=\" alignright size-full wp-image-3188\" style=\"float: right; border: 0; margin: 0px 20px 0px 20px;\" src=\"https:\/\/www.masmallorca.es\/wp-content\/uploads\/2009\/10\/toros-de-Costitx_1.jpg\" width=\"150\" height=\"89\" \/>Els toros de Costitx o \u201cCaps de Bous\u201d s\u00f3n tres caps de bronze de l\u2019\u00e8poca talai\u00f2tica, trobats a l\u2019any 1.894 en les excavacions del santuari de Son Corr\u00f3 i adquirits pel museu Arqueol\u00f2gic Nacional.<\/p>\n<p><!--more--><\/p>\n<p><img loading=\"lazy\" decoding=\"async\" class=\" alignleft size-full wp-image-3210\" style=\"border: 0px none; margin: 30px 20px 30px 0px; float: left;\" src=\"https:\/\/www.masmallorca.es\/wp-content\/uploads\/2009\/10\/toros-de-Costitx_2.jpg\" width=\"300\" height=\"343\" srcset=\"https:\/\/www.masmallorca.es\/wp-content\/uploads\/2009\/10\/toros-de-Costitx_2.jpg 300w, https:\/\/www.masmallorca.es\/wp-content\/uploads\/2009\/10\/toros-de-Costitx_2-262x300.jpg 262w\" sizes=\"(max-width: 300px) 100vw, 300px\" \/><\/p>\n<p style=\"text-align: justify;\">Es tracta de tres caps de bou, finament modelats amb els ulls tra\u00e7ats en pl\u00e0nols paral\u00b7lels superposats i les fosses nasals i la boca marcades per profunds buits.<\/p>\n<p style=\"text-align: justify;\">Un dels exemplars t\u00e9 un doble anell inserit en el morro. En tots els casos, les banyes i les orelles han estat fosos a part.<\/p>\n<p style=\"text-align: justify;\">\nEls \u201cCaps de Bous\u201d, est\u00e0n considerats com un dels testimonis m\u00e9s destacables de culte al toro, una de les pr\u00e0ctiques religioses de l\u2019home talai\u00f2tic.<\/p>\n<p style=\"text-align: justify;\">Aquesta taurolatr\u00eda s\u2019aplica a Mallorca i en l\u2019\u00e0mbit mediterrani, on apareix en cont\u00ednua relaci\u00f3 amb els ritus de fecundaci\u00f3 i vinculada en moltes ocasions a divinitats celestes, la seva possible connexi\u00f3 amb els ritus funeraris ve donada per les troballes en llocs de soterrament.<\/p>\n<p style=\"text-align: justify;\"><strong><br \/>\n<\/strong><img loading=\"lazy\" decoding=\"async\" class=\" alignright size-full wp-image-3215\" style=\"border: 0px none; margin: 10px 0px 10px 20px; float: right;\" src=\"https:\/\/www.masmallorca.es\/wp-content\/uploads\/2009\/10\/toros-de-Costitx_3.jpg\" width=\"241\" height=\"181\" \/><strong>Descobriment<br \/>\n<\/strong><\/p>\n<p style=\"text-align: justify;\">Aquestes peces van ser descobertes per Joan Vallespir, propietari de la finca de Son Corr\u00f3, i van ser venudes al Museu Arqueol\u00f2gic Nacional de Madrid, on es conserven actualment.<\/p>\n<p style=\"text-align: justify;\">Tant la casa de Cultura de Costitx, com el Museu de Mallorca, posse\u00efxen una teoria bastant atractiva: els caps no s\u00f3n de factura local, sin\u00f3 que eren \u201cakroterias\u201d (mascarons de proa) de vaixells capturats pels pirates talai\u00f2tics.<\/p>\n<p style=\"text-align: justify;\">Per a donar suport aquesta teoria, solament hem de fixar-nos que les escultures tenen una qualitat mai vista abans en objectes talai\u00f2tics, \u201cEls Toros de Costitx\u201d tenen forats ideals per a ser col\u00b7locats a la part alta d\u2019un pal, tal com eren les proes dels vaixells de l\u2019\u00e8poca, i, seccionar les \u201cakroterias\u201d capturades i exposar-les en santuaris, era una pr\u00e0ctica bastant difosa entre altres cultures del mediterrani, i podien haver exercit influ\u00e8ncia sobre la gent.<strong><br \/>\n<\/strong><\/p>\n","protected":false},"excerpt":{"rendered":"<p>Els toros de Costitx o \u201cCaps de Bous\u201d s\u00f3n tres caps de bronze de l\u2019\u00e8poca talai\u00f2tica, trobats a l\u2019any 1.894 en les excavacions del santuari de Son Corr\u00f3 i adquirits pel museu Arqueol\u00f2gic Nacional.<\/p>\n","protected":false},"author":1,"featured_media":3194,"comment_status":"closed","ping_status":"closed","sticky":false,"template":"","format":"standard","meta":{"_et_pb_use_builder":"","_et_pb_old_content":"","_et_gb_content_width":"","footnotes":""},"categories":[19],"tags":[],"class_list":["post-3220","post","type-post","status-publish","format-standard","has-post-thumbnail","hentry","category-cultura","et-has-post-format-content","et_post_format-et-post-format-standard"],"yoast_head":"<!-- This site is optimized with the Yoast SEO plugin v27.4 - https:\/\/yoast.com\/product\/yoast-seo-wordpress\/ -->\n<title>Bous de Costitx | +Mallorca: la revista de Mallorca<\/title>\n<meta name=\"description\" content=\"M\u00e1s Mallorca, Cultura: Bous de Costitx. S\u00f3n tres caps de bronze de l\u2019\u00e8poca talai\u00f2tica, trobats a Son Corr\u00f3, adquirits pel museu Arqueol\u00f2gic Nacional\" \/>\n<meta name=\"robots\" content=\"index, follow, max-snippet:-1, max-image-preview:large, max-video-preview:-1\" \/>\n<link rel=\"canonical\" href=\"https:\/\/www.masmallorca.es\/ca\/cultura\/bous-de-costitx.html\" \/>\n<meta property=\"og:locale\" content=\"ca_ES\" \/>\n<meta property=\"og:type\" content=\"article\" \/>\n<meta property=\"og:title\" content=\"Bous de Costitx | +Mallorca: la revista de Mallorca\" \/>\n<meta property=\"og:description\" content=\"M\u00e1s Mallorca, Cultura: Bous de Costitx. S\u00f3n tres caps de bronze de l\u2019\u00e8poca talai\u00f2tica, trobats a Son Corr\u00f3, adquirits pel museu Arqueol\u00f2gic Nacional\" \/>\n<meta property=\"og:url\" content=\"https:\/\/www.masmallorca.es\/ca\/cultura\/bous-de-costitx.html\" \/>\n<meta property=\"og:site_name\" content=\"+Mallorca: la revista de Mallorca\" \/>\n<meta property=\"article:publisher\" content=\"https:\/\/www.facebook.com\/mallorcamagazine\/\" \/>\n<meta property=\"article:published_time\" content=\"2009-10-20T17:20:14+00:00\" \/>\n<meta property=\"article:modified_time\" content=\"2024-03-20T09:38:57+00:00\" \/>\n<meta property=\"og:image\" content=\"https:\/\/www.masmallorca.es\/wp-content\/uploads\/2009\/10\/toros-de-Costitx_2.jpg\" \/>\n\t<meta property=\"og:image:width\" content=\"300\" \/>\n\t<meta property=\"og:image:height\" content=\"343\" \/>\n\t<meta property=\"og:image:type\" content=\"image\/jpeg\" \/>\n<meta name=\"author\" content=\"masmallorca\" \/>\n<meta name=\"twitter:card\" content=\"summary_large_image\" \/>\n<meta name=\"twitter:creator\" content=\"@masmallorca\" \/>\n<meta name=\"twitter:site\" content=\"@masmallorca\" \/>\n<meta name=\"twitter:label1\" content=\"Written by\" \/>\n\t<meta name=\"twitter:data1\" content=\"masmallorca\" \/>\n\t<meta name=\"twitter:label2\" content=\"Est. reading time\" \/>\n\t<meta name=\"twitter:data2\" content=\"3 minutes\" \/>\n<script type=\"application\/ld+json\" class=\"yoast-schema-graph\">{\"@context\":\"https:\\\/\\\/schema.org\",\"@graph\":[{\"@type\":\"Article\",\"@id\":\"https:\\\/\\\/www.masmallorca.es\\\/ca\\\/cultura\\\/bous-de-costitx.html#article\",\"isPartOf\":{\"@id\":\"https:\\\/\\\/www.masmallorca.es\\\/ca\\\/cultura\\\/bous-de-costitx.html\"},\"author\":{\"name\":\"masmallorca\",\"@id\":\"https:\\\/\\\/www.masmallorca.es\\\/ca#\\\/schema\\\/person\\\/554c84e7dfd9917fdba2cace51081633\"},\"headline\":\"Bous de Costitx\",\"datePublished\":\"2009-10-20T17:20:14+00:00\",\"dateModified\":\"2024-03-20T09:38:57+00:00\",\"mainEntityOfPage\":{\"@id\":\"https:\\\/\\\/www.masmallorca.es\\\/ca\\\/cultura\\\/bous-de-costitx.html\"},\"wordCount\":326,\"publisher\":{\"@id\":\"https:\\\/\\\/www.masmallorca.es\\\/ca#organization\"},\"image\":{\"@id\":\"https:\\\/\\\/www.masmallorca.es\\\/ca\\\/cultura\\\/bous-de-costitx.html#primaryimage\"},\"thumbnailUrl\":\"https:\\\/\\\/www.masmallorca.es\\\/wp-content\\\/uploads\\\/2009\\\/10\\\/toros-de-Costitx_2.jpg\",\"articleSection\":[\"Cultura de Mallorca\"],\"inLanguage\":\"ca-ES\"},{\"@type\":\"WebPage\",\"@id\":\"https:\\\/\\\/www.masmallorca.es\\\/ca\\\/cultura\\\/bous-de-costitx.html\",\"url\":\"https:\\\/\\\/www.masmallorca.es\\\/ca\\\/cultura\\\/bous-de-costitx.html\",\"name\":\"Bous de Costitx | +Mallorca: la revista de Mallorca\",\"isPartOf\":{\"@id\":\"https:\\\/\\\/www.masmallorca.es\\\/ca#website\"},\"primaryImageOfPage\":{\"@id\":\"https:\\\/\\\/www.masmallorca.es\\\/ca\\\/cultura\\\/bous-de-costitx.html#primaryimage\"},\"image\":{\"@id\":\"https:\\\/\\\/www.masmallorca.es\\\/ca\\\/cultura\\\/bous-de-costitx.html#primaryimage\"},\"thumbnailUrl\":\"https:\\\/\\\/www.masmallorca.es\\\/wp-content\\\/uploads\\\/2009\\\/10\\\/toros-de-Costitx_2.jpg\",\"datePublished\":\"2009-10-20T17:20:14+00:00\",\"dateModified\":\"2024-03-20T09:38:57+00:00\",\"description\":\"M\u00e1s Mallorca, Cultura: Bous de Costitx. S\u00f3n tres caps de bronze de l\u2019\u00e8poca talai\u00f2tica, trobats a Son Corr\u00f3, adquirits pel museu Arqueol\u00f2gic Nacional\",\"breadcrumb\":{\"@id\":\"https:\\\/\\\/www.masmallorca.es\\\/ca\\\/cultura\\\/bous-de-costitx.html#breadcrumb\"},\"inLanguage\":\"ca-ES\",\"potentialAction\":[{\"@type\":\"ReadAction\",\"target\":[\"https:\\\/\\\/www.masmallorca.es\\\/ca\\\/cultura\\\/bous-de-costitx.html\"]}]},{\"@type\":\"ImageObject\",\"inLanguage\":\"ca-ES\",\"@id\":\"https:\\\/\\\/www.masmallorca.es\\\/ca\\\/cultura\\\/bous-de-costitx.html#primaryimage\",\"url\":\"https:\\\/\\\/www.masmallorca.es\\\/wp-content\\\/uploads\\\/2009\\\/10\\\/toros-de-Costitx_2.jpg\",\"contentUrl\":\"https:\\\/\\\/www.masmallorca.es\\\/wp-content\\\/uploads\\\/2009\\\/10\\\/toros-de-Costitx_2.jpg\",\"width\":300,\"height\":343},{\"@type\":\"BreadcrumbList\",\"@id\":\"https:\\\/\\\/www.masmallorca.es\\\/ca\\\/cultura\\\/bous-de-costitx.html#breadcrumb\",\"itemListElement\":[{\"@type\":\"ListItem\",\"position\":1,\"name\":\"Portada\",\"item\":\"https:\\\/\\\/www.masmallorca.es\\\/ca\"},{\"@type\":\"ListItem\",\"position\":2,\"name\":\"Cultura de Mallorca\",\"item\":\"https:\\\/\\\/www.masmallorca.es\\\/ca\\\/cultura\"},{\"@type\":\"ListItem\",\"position\":3,\"name\":\"Bous de Costitx\"}]},{\"@type\":\"WebSite\",\"@id\":\"https:\\\/\\\/www.masmallorca.es\\\/ca#website\",\"url\":\"https:\\\/\\\/www.masmallorca.es\\\/ca\",\"name\":\"+Mallorca: la revista de Mallorca\",\"description\":\"Molt m\u00e9s que sol i platja..\",\"publisher\":{\"@id\":\"https:\\\/\\\/www.masmallorca.es\\\/ca#organization\"},\"alternateName\":\"+Mallorca\",\"potentialAction\":[{\"@type\":\"SearchAction\",\"target\":{\"@type\":\"EntryPoint\",\"urlTemplate\":\"https:\\\/\\\/www.masmallorca.es\\\/ca?s={search_term_string}\"},\"query-input\":{\"@type\":\"PropertyValueSpecification\",\"valueRequired\":true,\"valueName\":\"search_term_string\"}}],\"inLanguage\":\"ca-ES\"},{\"@type\":\"Organization\",\"@id\":\"https:\\\/\\\/www.masmallorca.es\\\/ca#organization\",\"name\":\"Revista +Mallorca\",\"alternateName\":\"M\u00e1s Mallorca\",\"url\":\"https:\\\/\\\/www.masmallorca.es\\\/ca\",\"logo\":{\"@type\":\"ImageObject\",\"inLanguage\":\"ca-ES\",\"@id\":\"https:\\\/\\\/www.masmallorca.es\\\/ca#\\\/schema\\\/logo\\\/image\\\/\",\"url\":\"https:\\\/\\\/www.masmallorca.es\\\/wp-content\\\/uploads\\\/2021\\\/04\\\/logomallorca-1.png\",\"contentUrl\":\"https:\\\/\\\/www.masmallorca.es\\\/wp-content\\\/uploads\\\/2021\\\/04\\\/logomallorca-1.png\",\"width\":326,\"height\":84,\"caption\":\"Revista +Mallorca\"},\"image\":{\"@id\":\"https:\\\/\\\/www.masmallorca.es\\\/ca#\\\/schema\\\/logo\\\/image\\\/\"},\"sameAs\":[\"https:\\\/\\\/www.facebook.com\\\/mallorcamagazine\\\/\",\"https:\\\/\\\/x.com\\\/masmallorca\"]},{\"@type\":\"Person\",\"@id\":\"https:\\\/\\\/www.masmallorca.es\\\/ca#\\\/schema\\\/person\\\/554c84e7dfd9917fdba2cace51081633\",\"name\":\"masmallorca\"}]}<\/script>\n<!-- \/ Yoast SEO plugin. -->","yoast_head_json":{"title":"Bous de Costitx | +Mallorca: la revista de Mallorca","description":"M\u00e1s Mallorca, Cultura: Bous de Costitx. S\u00f3n tres caps de bronze de l\u2019\u00e8poca talai\u00f2tica, trobats a Son Corr\u00f3, adquirits pel museu Arqueol\u00f2gic Nacional","robots":{"index":"index","follow":"follow","max-snippet":"max-snippet:-1","max-image-preview":"max-image-preview:large","max-video-preview":"max-video-preview:-1"},"canonical":"https:\/\/www.masmallorca.es\/ca\/cultura\/bous-de-costitx.html","og_locale":"ca_ES","og_type":"article","og_title":"Bous de Costitx | +Mallorca: la revista de Mallorca","og_description":"M\u00e1s Mallorca, Cultura: Bous de Costitx. S\u00f3n tres caps de bronze de l\u2019\u00e8poca talai\u00f2tica, trobats a Son Corr\u00f3, adquirits pel museu Arqueol\u00f2gic Nacional","og_url":"https:\/\/www.masmallorca.es\/ca\/cultura\/bous-de-costitx.html","og_site_name":"+Mallorca: la revista de Mallorca","article_publisher":"https:\/\/www.facebook.com\/mallorcamagazine\/","article_published_time":"2009-10-20T17:20:14+00:00","article_modified_time":"2024-03-20T09:38:57+00:00","og_image":[{"width":300,"height":343,"url":"https:\/\/www.masmallorca.es\/wp-content\/uploads\/2009\/10\/toros-de-Costitx_2.jpg","type":"image\/jpeg"}],"author":"masmallorca","twitter_card":"summary_large_image","twitter_creator":"@masmallorca","twitter_site":"@masmallorca","twitter_misc":{"Written by":"masmallorca","Est. reading time":"3 minutes"},"schema":{"@context":"https:\/\/schema.org","@graph":[{"@type":"Article","@id":"https:\/\/www.masmallorca.es\/ca\/cultura\/bous-de-costitx.html#article","isPartOf":{"@id":"https:\/\/www.masmallorca.es\/ca\/cultura\/bous-de-costitx.html"},"author":{"name":"masmallorca","@id":"https:\/\/www.masmallorca.es\/ca#\/schema\/person\/554c84e7dfd9917fdba2cace51081633"},"headline":"Bous de Costitx","datePublished":"2009-10-20T17:20:14+00:00","dateModified":"2024-03-20T09:38:57+00:00","mainEntityOfPage":{"@id":"https:\/\/www.masmallorca.es\/ca\/cultura\/bous-de-costitx.html"},"wordCount":326,"publisher":{"@id":"https:\/\/www.masmallorca.es\/ca#organization"},"image":{"@id":"https:\/\/www.masmallorca.es\/ca\/cultura\/bous-de-costitx.html#primaryimage"},"thumbnailUrl":"https:\/\/www.masmallorca.es\/wp-content\/uploads\/2009\/10\/toros-de-Costitx_2.jpg","articleSection":["Cultura de Mallorca"],"inLanguage":"ca-ES"},{"@type":"WebPage","@id":"https:\/\/www.masmallorca.es\/ca\/cultura\/bous-de-costitx.html","url":"https:\/\/www.masmallorca.es\/ca\/cultura\/bous-de-costitx.html","name":"Bous de Costitx | +Mallorca: la revista de Mallorca","isPartOf":{"@id":"https:\/\/www.masmallorca.es\/ca#website"},"primaryImageOfPage":{"@id":"https:\/\/www.masmallorca.es\/ca\/cultura\/bous-de-costitx.html#primaryimage"},"image":{"@id":"https:\/\/www.masmallorca.es\/ca\/cultura\/bous-de-costitx.html#primaryimage"},"thumbnailUrl":"https:\/\/www.masmallorca.es\/wp-content\/uploads\/2009\/10\/toros-de-Costitx_2.jpg","datePublished":"2009-10-20T17:20:14+00:00","dateModified":"2024-03-20T09:38:57+00:00","description":"M\u00e1s Mallorca, Cultura: Bous de Costitx. S\u00f3n tres caps de bronze de l\u2019\u00e8poca talai\u00f2tica, trobats a Son Corr\u00f3, adquirits pel museu Arqueol\u00f2gic Nacional","breadcrumb":{"@id":"https:\/\/www.masmallorca.es\/ca\/cultura\/bous-de-costitx.html#breadcrumb"},"inLanguage":"ca-ES","potentialAction":[{"@type":"ReadAction","target":["https:\/\/www.masmallorca.es\/ca\/cultura\/bous-de-costitx.html"]}]},{"@type":"ImageObject","inLanguage":"ca-ES","@id":"https:\/\/www.masmallorca.es\/ca\/cultura\/bous-de-costitx.html#primaryimage","url":"https:\/\/www.masmallorca.es\/wp-content\/uploads\/2009\/10\/toros-de-Costitx_2.jpg","contentUrl":"https:\/\/www.masmallorca.es\/wp-content\/uploads\/2009\/10\/toros-de-Costitx_2.jpg","width":300,"height":343},{"@type":"BreadcrumbList","@id":"https:\/\/www.masmallorca.es\/ca\/cultura\/bous-de-costitx.html#breadcrumb","itemListElement":[{"@type":"ListItem","position":1,"name":"Portada","item":"https:\/\/www.masmallorca.es\/ca"},{"@type":"ListItem","position":2,"name":"Cultura de Mallorca","item":"https:\/\/www.masmallorca.es\/ca\/cultura"},{"@type":"ListItem","position":3,"name":"Bous de Costitx"}]},{"@type":"WebSite","@id":"https:\/\/www.masmallorca.es\/ca#website","url":"https:\/\/www.masmallorca.es\/ca","name":"+Mallorca: la revista de Mallorca","description":"Molt m\u00e9s que sol i platja..","publisher":{"@id":"https:\/\/www.masmallorca.es\/ca#organization"},"alternateName":"+Mallorca","potentialAction":[{"@type":"SearchAction","target":{"@type":"EntryPoint","urlTemplate":"https:\/\/www.masmallorca.es\/ca?s={search_term_string}"},"query-input":{"@type":"PropertyValueSpecification","valueRequired":true,"valueName":"search_term_string"}}],"inLanguage":"ca-ES"},{"@type":"Organization","@id":"https:\/\/www.masmallorca.es\/ca#organization","name":"Revista +Mallorca","alternateName":"M\u00e1s Mallorca","url":"https:\/\/www.masmallorca.es\/ca","logo":{"@type":"ImageObject","inLanguage":"ca-ES","@id":"https:\/\/www.masmallorca.es\/ca#\/schema\/logo\/image\/","url":"https:\/\/www.masmallorca.es\/wp-content\/uploads\/2021\/04\/logomallorca-1.png","contentUrl":"https:\/\/www.masmallorca.es\/wp-content\/uploads\/2021\/04\/logomallorca-1.png","width":326,"height":84,"caption":"Revista +Mallorca"},"image":{"@id":"https:\/\/www.masmallorca.es\/ca#\/schema\/logo\/image\/"},"sameAs":["https:\/\/www.facebook.com\/mallorcamagazine\/","https:\/\/x.com\/masmallorca"]},{"@type":"Person","@id":"https:\/\/www.masmallorca.es\/ca#\/schema\/person\/554c84e7dfd9917fdba2cace51081633","name":"masmallorca"}]}},"_links":{"self":[{"href":"https:\/\/www.masmallorca.es\/ca\/wp-json\/wp\/v2\/posts\/3220","targetHints":{"allow":["GET"]}}],"collection":[{"href":"https:\/\/www.masmallorca.es\/ca\/wp-json\/wp\/v2\/posts"}],"about":[{"href":"https:\/\/www.masmallorca.es\/ca\/wp-json\/wp\/v2\/types\/post"}],"author":[{"embeddable":true,"href":"https:\/\/www.masmallorca.es\/ca\/wp-json\/wp\/v2\/users\/1"}],"replies":[{"embeddable":true,"href":"https:\/\/www.masmallorca.es\/ca\/wp-json\/wp\/v2\/comments?post=3220"}],"version-history":[{"count":0,"href":"https:\/\/www.masmallorca.es\/ca\/wp-json\/wp\/v2\/posts\/3220\/revisions"}],"wp:featuredmedia":[{"embeddable":true,"href":"https:\/\/www.masmallorca.es\/ca\/wp-json\/wp\/v2\/media\/3194"}],"wp:attachment":[{"href":"https:\/\/www.masmallorca.es\/ca\/wp-json\/wp\/v2\/media?parent=3220"}],"wp:term":[{"taxonomy":"category","embeddable":true,"href":"https:\/\/www.masmallorca.es\/ca\/wp-json\/wp\/v2\/categories?post=3220"},{"taxonomy":"post_tag","embeddable":true,"href":"https:\/\/www.masmallorca.es\/ca\/wp-json\/wp\/v2\/tags?post=3220"}],"curies":[{"name":"wp","href":"https:\/\/api.w.org\/{rel}","templated":true}]}}