{"id":3132,"date":"2009-10-27T19:04:44","date_gmt":"2009-10-27T18:04:44","guid":{"rendered":"http:\/\/El%20pun"},"modified":"2018-08-30T18:12:24","modified_gmt":"2018-08-30T16:12:24","slug":"punt-mallorqui","status":"publish","type":"post","link":"https:\/\/www.masmallorca.es\/ca\/productes-tipics\/punt-mallorqui.html","title":{"rendered":"Punt mallorqu\u00ed"},"content":{"rendered":"<p style=\"text-align: justify;\"><img loading=\"lazy\" decoding=\"async\" class=\"alignright wp-image-3115 size-full\" style=\"float: right; margin-left: 20px; margin-right: 20px;\" title=\"Punt mallorqu\u00ed\" src=\"https:\/\/www.masmallorca.es\/wp-content\/uploads\/2009\/10\/punt-mallorqui_1.jpg\" alt=\"Punt mallorqu\u00ed\" width=\"150\" height=\"100\" \/>El punt mallorqu\u00ed forma part de la hist\u00f2ria del <strong>brodat popular de Mallorca<\/strong>. Cap assenyalar que encara que sigui popular, el brodat \u00e9s un treball exquisit que s\u2019assembla a les arts suntu\u00e0ries. Com sol dir-se, l\u2019art popular \u00e9s aquell realitzat pel poble, i el punt mallorqu\u00ed resp\u00f2n directament a aquesta definici\u00f3.<\/p>\n<p><!--more--><\/p>\n<div style=\"text-align: justify;\">\u00a0<\/div>\n<div style=\"text-align: justify;\">\nEl punt mallorqu\u00ed \u00e9s un brodat de punt lliure, ja que es realitza directament damunt la tela. Aquest brodat est\u00e0 present en vestits i roba de la llar. Es conserven peces del segle XVIII, encara que el seu significat s\u2019ha anat perdent amb el temps.<\/div>\n<div style=\"text-align: justify;\">\nTemps enrere brodadores mallorquines van treballar per a la cort d\u2019Isabel II, donant prestigi a aquest art, avui dones com aquelles, continuen la tradici\u00f3 i la posen al seu abast.<\/div>\n<p>&nbsp;<\/p>\n<p><strong><img loading=\"lazy\" decoding=\"async\" class=\"alignleft wp-image-3120 size-full\" style=\"margin: 10px 20px 10px 0px; float: left;\" title=\"Punt mallorqu\u00ed\" src=\"https:\/\/www.masmallorca.es\/wp-content\/uploads\/2009\/10\/punt-mallorqui_2.jpg\" alt=\"Punt mallorqu\u00ed\" width=\"300\" height=\"358\" srcset=\"https:\/\/www.masmallorca.es\/wp-content\/uploads\/2009\/10\/punt-mallorqui_2.jpg 300w, https:\/\/www.masmallorca.es\/wp-content\/uploads\/2009\/10\/punt-mallorqui_2-251x300.jpg 251w\" sizes=\"(max-width: 300px) 100vw, 300px\" \/><\/strong><\/p>\n<p style=\"text-align: justify;\">\u00a0<\/p>\n<p style=\"text-align: justify;\"><strong>H<\/strong><strong>ist\u00f2ria <\/strong><\/p>\n<p style=\"text-align: justify;\">Antigament la tela de base era el llen\u00e7 casol\u00e0 -teles de drap teixides a casa-. Actualment s\u2019utilitzen teles de drap fi. Els fils de brodar eren d\u2019estam i drap. Avui dia s\u2019empren fils de cot\u00f3 moulin\u00e9.<\/p>\n<p style=\"text-align: justify;\">\nEn origen s\u2019emprava un sol color en una o dues tonalitats: blau turquesa, mel o vermell. Durant els anys 40 a 60 era freq\u00fcent utilitzar tota la gamma de colorit mitj\u00e0, sempre amb tonalitats suaus, creant unes peces de policrom\u00eda molt cridanera.<\/p>\n<p style=\"text-align: justify;\">\nEls motius s\u00f3n sempre vegetals, flors, fruits i fulles units per l\u00ednies de tiges ondulants, mai molt tancats, que recorda la vinya. Els elements vegetals, no s\u00f3n naturalistes, sin\u00f3 que est\u00e0n extraordin\u00e0riament estilitzats. Els motius a les peces antigues s\u00f3n grans i semblen flors que recorden la tulipa, la magrana o la pinya, com si estiguessin tallades per la meitat. Els espais s\u2019omplien de fulles que semblen de roser trepador o de parra, no deixant casi veure la tela del fons.<\/p>\n<p style=\"text-align: justify;\">\nDespr\u00e9s es van fer m\u00e9s petits i van apar\u00e8ixer les garses (punts d\u2019adorn (cordoncillo, punt de creu, punt del diable) en els espais que queden lliures als motius). La quantitat de motius utilitzats no \u00e9s molt gran, per\u00f2 la varietat de combinacions \u00e9s tal que sembla que el seu nombre \u00e9s molt major. Les rematades s\u00f3n sempre senzilles, un doblec senzill o amb calat cec, els punts emprats s\u00f3n molt senzills.<\/p>\n<p style=\"text-align: justify;\">\n<strong><br \/>\nPassos<\/strong><\/p>\n<p style=\"text-align: justify;\">L\u2019execuci\u00f3 comen\u00e7a per seleccionar una tela fina. En ella es dibuixen els motius. Es col\u00b7loca la pe\u00e7a al bastidor i es treballen tots els perfils a cadeneta, b\u00e9 amb ganxet, b\u00e9 amb agulla. Una vegada acabats els perfils s\u2019emplenen amb punt d\u2019escapulari que no perfora la tela, sin\u00f3 que s\u2019enganxa a les cadenetes fetes anteriorment.<\/p>\n<p style=\"text-align: center;\"><img loading=\"lazy\" decoding=\"async\" class=\"aligncenter wp-image-3125 size-full\" style=\"margin-top: 10px; margin-bottom: 10px;\" title=\"Punt mallorqu\u00ed\" src=\"https:\/\/www.masmallorca.es\/wp-content\/uploads\/2009\/10\/punt-mallorqui_3.jpg\" alt=\"Punt mallorqu\u00ed\" width=\"540\" height=\"325\" srcset=\"https:\/\/www.masmallorca.es\/wp-content\/uploads\/2009\/10\/punt-mallorqui_3.jpg 540w, https:\/\/www.masmallorca.es\/wp-content\/uploads\/2009\/10\/punt-mallorqui_3-300x181.jpg 300w, https:\/\/www.masmallorca.es\/wp-content\/uploads\/2009\/10\/punt-mallorqui_3-440x264.jpg 440w\" sizes=\"(max-width: 540px) 100vw, 540px\" \/><\/p>\n","protected":false},"excerpt":{"rendered":"<p>El punt mallorqu\u00ed forma part de la hist\u00f2ria del brodat popular de Mallorca. Cap assenyalar que encara que sigui popular, el brodat \u00e9s un treball exquisit que s\u2019assembla a les arts suntu\u00e0ries. Com sol dir-se, l\u2019art popular \u00e9s aquell realitzat pel poble, i el punt mallorqu\u00ed resp\u00f2n directament a aquesta definici\u00f3.<\/p>\n","protected":false},"author":1,"featured_media":3126,"comment_status":"closed","ping_status":"closed","sticky":false,"template":"","format":"standard","meta":{"_et_pb_use_builder":"","_et_pb_old_content":"","_et_gb_content_width":"","footnotes":""},"categories":[24],"tags":[],"class_list":["post-3132","post","type-post","status-publish","format-standard","has-post-thumbnail","hentry","category-productes-tipics","et-has-post-format-content","et_post_format-et-post-format-standard"],"yoast_head":"<!-- This site is optimized with the Yoast SEO plugin v27.4 - https:\/\/yoast.com\/product\/yoast-seo-wordpress\/ -->\n<title>Punt mallorqu\u00ed | +Mallorca: la revista de Mallorca<\/title>\n<meta name=\"description\" content=\"+Mallorca, Productes t\u00edpics: El punt mallorqu\u00ed \u00e9s un brodat de punt lliure, ja que es realitza directament damunt la tela. Aquest brodat est\u00e0 present en vestits i roba de la llar.\" \/>\n<meta name=\"robots\" content=\"index, follow, max-snippet:-1, max-image-preview:large, max-video-preview:-1\" \/>\n<link rel=\"canonical\" href=\"https:\/\/www.masmallorca.es\/ca\/productes-tipics\/punt-mallorqui.html\" \/>\n<meta property=\"og:locale\" content=\"ca_ES\" \/>\n<meta property=\"og:type\" content=\"article\" \/>\n<meta property=\"og:title\" content=\"Punt mallorqu\u00ed | +Mallorca: la revista de Mallorca\" \/>\n<meta property=\"og:description\" content=\"+Mallorca, Productes t\u00edpics: El punt mallorqu\u00ed \u00e9s un brodat de punt lliure, ja que es realitza directament damunt la tela. Aquest brodat est\u00e0 present en vestits i roba de la llar.\" \/>\n<meta property=\"og:url\" content=\"https:\/\/www.masmallorca.es\/ca\/productes-tipics\/punt-mallorqui.html\" \/>\n<meta property=\"og:site_name\" content=\"+Mallorca: la revista de Mallorca\" \/>\n<meta property=\"article:publisher\" content=\"https:\/\/www.facebook.com\/mallorcamagazine\/\" \/>\n<meta property=\"article:published_time\" content=\"2009-10-27T18:04:44+00:00\" \/>\n<meta property=\"article:modified_time\" content=\"2018-08-30T16:12:24+00:00\" \/>\n<meta property=\"og:image\" content=\"https:\/\/www.masmallorca.es\/wp-content\/uploads\/2009\/10\/punt-mallorqui_3.jpg\" \/>\n\t<meta property=\"og:image:width\" content=\"540\" \/>\n\t<meta property=\"og:image:height\" content=\"325\" \/>\n\t<meta property=\"og:image:type\" content=\"image\/jpeg\" \/>\n<meta name=\"author\" content=\"masmallorca\" \/>\n<meta name=\"twitter:card\" content=\"summary_large_image\" \/>\n<meta name=\"twitter:creator\" content=\"@masmallorca\" \/>\n<meta name=\"twitter:site\" content=\"@masmallorca\" \/>\n<meta name=\"twitter:label1\" content=\"Written by\" \/>\n\t<meta name=\"twitter:data1\" content=\"masmallorca\" \/>\n\t<meta name=\"twitter:label2\" content=\"Est. reading time\" \/>\n\t<meta name=\"twitter:data2\" content=\"2 minutes\" \/>\n<script type=\"application\/ld+json\" class=\"yoast-schema-graph\">{\"@context\":\"https:\\\/\\\/schema.org\",\"@graph\":[{\"@type\":\"Article\",\"@id\":\"https:\\\/\\\/www.masmallorca.es\\\/ca\\\/productes-tipics\\\/punt-mallorqui.html#article\",\"isPartOf\":{\"@id\":\"https:\\\/\\\/www.masmallorca.es\\\/ca\\\/productes-tipics\\\/punt-mallorqui.html\"},\"author\":{\"name\":\"masmallorca\",\"@id\":\"https:\\\/\\\/www.masmallorca.es\\\/ca#\\\/schema\\\/person\\\/554c84e7dfd9917fdba2cace51081633\"},\"headline\":\"Punt mallorqu\u00ed\",\"datePublished\":\"2009-10-27T18:04:44+00:00\",\"dateModified\":\"2018-08-30T16:12:24+00:00\",\"mainEntityOfPage\":{\"@id\":\"https:\\\/\\\/www.masmallorca.es\\\/ca\\\/productes-tipics\\\/punt-mallorqui.html\"},\"wordCount\":449,\"publisher\":{\"@id\":\"https:\\\/\\\/www.masmallorca.es\\\/ca#organization\"},\"image\":{\"@id\":\"https:\\\/\\\/www.masmallorca.es\\\/ca\\\/productes-tipics\\\/punt-mallorqui.html#primaryimage\"},\"thumbnailUrl\":\"https:\\\/\\\/www.masmallorca.es\\\/wp-content\\\/uploads\\\/2009\\\/10\\\/punt-mallorqui_3.jpg\",\"articleSection\":[\"Productes T\u00edpics\"],\"inLanguage\":\"ca-ES\"},{\"@type\":\"WebPage\",\"@id\":\"https:\\\/\\\/www.masmallorca.es\\\/ca\\\/productes-tipics\\\/punt-mallorqui.html\",\"url\":\"https:\\\/\\\/www.masmallorca.es\\\/ca\\\/productes-tipics\\\/punt-mallorqui.html\",\"name\":\"Punt mallorqu\u00ed | +Mallorca: la revista de Mallorca\",\"isPartOf\":{\"@id\":\"https:\\\/\\\/www.masmallorca.es\\\/ca#website\"},\"primaryImageOfPage\":{\"@id\":\"https:\\\/\\\/www.masmallorca.es\\\/ca\\\/productes-tipics\\\/punt-mallorqui.html#primaryimage\"},\"image\":{\"@id\":\"https:\\\/\\\/www.masmallorca.es\\\/ca\\\/productes-tipics\\\/punt-mallorqui.html#primaryimage\"},\"thumbnailUrl\":\"https:\\\/\\\/www.masmallorca.es\\\/wp-content\\\/uploads\\\/2009\\\/10\\\/punt-mallorqui_3.jpg\",\"datePublished\":\"2009-10-27T18:04:44+00:00\",\"dateModified\":\"2018-08-30T16:12:24+00:00\",\"description\":\"+Mallorca, Productes t\u00edpics: El punt mallorqu\u00ed \u00e9s un brodat de punt lliure, ja que es realitza directament damunt la tela. Aquest brodat est\u00e0 present en vestits i roba de la llar.\",\"breadcrumb\":{\"@id\":\"https:\\\/\\\/www.masmallorca.es\\\/ca\\\/productes-tipics\\\/punt-mallorqui.html#breadcrumb\"},\"inLanguage\":\"ca-ES\",\"potentialAction\":[{\"@type\":\"ReadAction\",\"target\":[\"https:\\\/\\\/www.masmallorca.es\\\/ca\\\/productes-tipics\\\/punt-mallorqui.html\"]}]},{\"@type\":\"ImageObject\",\"inLanguage\":\"ca-ES\",\"@id\":\"https:\\\/\\\/www.masmallorca.es\\\/ca\\\/productes-tipics\\\/punt-mallorqui.html#primaryimage\",\"url\":\"https:\\\/\\\/www.masmallorca.es\\\/wp-content\\\/uploads\\\/2009\\\/10\\\/punt-mallorqui_3.jpg\",\"contentUrl\":\"https:\\\/\\\/www.masmallorca.es\\\/wp-content\\\/uploads\\\/2009\\\/10\\\/punt-mallorqui_3.jpg\",\"width\":540,\"height\":325},{\"@type\":\"BreadcrumbList\",\"@id\":\"https:\\\/\\\/www.masmallorca.es\\\/ca\\\/productes-tipics\\\/punt-mallorqui.html#breadcrumb\",\"itemListElement\":[{\"@type\":\"ListItem\",\"position\":1,\"name\":\"Portada\",\"item\":\"https:\\\/\\\/www.masmallorca.es\\\/ca\"},{\"@type\":\"ListItem\",\"position\":2,\"name\":\"Productes T\u00edpics\",\"item\":\"https:\\\/\\\/www.masmallorca.es\\\/ca\\\/productes-tipics\"},{\"@type\":\"ListItem\",\"position\":3,\"name\":\"Punt mallorqu\u00ed\"}]},{\"@type\":\"WebSite\",\"@id\":\"https:\\\/\\\/www.masmallorca.es\\\/ca#website\",\"url\":\"https:\\\/\\\/www.masmallorca.es\\\/ca\",\"name\":\"+Mallorca: la revista de Mallorca\",\"description\":\"Molt m\u00e9s que sol i platja..\",\"publisher\":{\"@id\":\"https:\\\/\\\/www.masmallorca.es\\\/ca#organization\"},\"alternateName\":\"+Mallorca\",\"potentialAction\":[{\"@type\":\"SearchAction\",\"target\":{\"@type\":\"EntryPoint\",\"urlTemplate\":\"https:\\\/\\\/www.masmallorca.es\\\/ca?s={search_term_string}\"},\"query-input\":{\"@type\":\"PropertyValueSpecification\",\"valueRequired\":true,\"valueName\":\"search_term_string\"}}],\"inLanguage\":\"ca-ES\"},{\"@type\":\"Organization\",\"@id\":\"https:\\\/\\\/www.masmallorca.es\\\/ca#organization\",\"name\":\"Revista +Mallorca\",\"alternateName\":\"M\u00e1s Mallorca\",\"url\":\"https:\\\/\\\/www.masmallorca.es\\\/ca\",\"logo\":{\"@type\":\"ImageObject\",\"inLanguage\":\"ca-ES\",\"@id\":\"https:\\\/\\\/www.masmallorca.es\\\/ca#\\\/schema\\\/logo\\\/image\\\/\",\"url\":\"https:\\\/\\\/www.masmallorca.es\\\/wp-content\\\/uploads\\\/2021\\\/04\\\/logomallorca-1.png\",\"contentUrl\":\"https:\\\/\\\/www.masmallorca.es\\\/wp-content\\\/uploads\\\/2021\\\/04\\\/logomallorca-1.png\",\"width\":326,\"height\":84,\"caption\":\"Revista +Mallorca\"},\"image\":{\"@id\":\"https:\\\/\\\/www.masmallorca.es\\\/ca#\\\/schema\\\/logo\\\/image\\\/\"},\"sameAs\":[\"https:\\\/\\\/www.facebook.com\\\/mallorcamagazine\\\/\",\"https:\\\/\\\/x.com\\\/masmallorca\"]},{\"@type\":\"Person\",\"@id\":\"https:\\\/\\\/www.masmallorca.es\\\/ca#\\\/schema\\\/person\\\/554c84e7dfd9917fdba2cace51081633\",\"name\":\"masmallorca\"}]}<\/script>\n<!-- \/ Yoast SEO plugin. -->","yoast_head_json":{"title":"Punt mallorqu\u00ed | +Mallorca: la revista de Mallorca","description":"+Mallorca, Productes t\u00edpics: El punt mallorqu\u00ed \u00e9s un brodat de punt lliure, ja que es realitza directament damunt la tela. Aquest brodat est\u00e0 present en vestits i roba de la llar.","robots":{"index":"index","follow":"follow","max-snippet":"max-snippet:-1","max-image-preview":"max-image-preview:large","max-video-preview":"max-video-preview:-1"},"canonical":"https:\/\/www.masmallorca.es\/ca\/productes-tipics\/punt-mallorqui.html","og_locale":"ca_ES","og_type":"article","og_title":"Punt mallorqu\u00ed | +Mallorca: la revista de Mallorca","og_description":"+Mallorca, Productes t\u00edpics: El punt mallorqu\u00ed \u00e9s un brodat de punt lliure, ja que es realitza directament damunt la tela. Aquest brodat est\u00e0 present en vestits i roba de la llar.","og_url":"https:\/\/www.masmallorca.es\/ca\/productes-tipics\/punt-mallorqui.html","og_site_name":"+Mallorca: la revista de Mallorca","article_publisher":"https:\/\/www.facebook.com\/mallorcamagazine\/","article_published_time":"2009-10-27T18:04:44+00:00","article_modified_time":"2018-08-30T16:12:24+00:00","og_image":[{"width":540,"height":325,"url":"https:\/\/www.masmallorca.es\/wp-content\/uploads\/2009\/10\/punt-mallorqui_3.jpg","type":"image\/jpeg"}],"author":"masmallorca","twitter_card":"summary_large_image","twitter_creator":"@masmallorca","twitter_site":"@masmallorca","twitter_misc":{"Written by":"masmallorca","Est. reading time":"2 minutes"},"schema":{"@context":"https:\/\/schema.org","@graph":[{"@type":"Article","@id":"https:\/\/www.masmallorca.es\/ca\/productes-tipics\/punt-mallorqui.html#article","isPartOf":{"@id":"https:\/\/www.masmallorca.es\/ca\/productes-tipics\/punt-mallorqui.html"},"author":{"name":"masmallorca","@id":"https:\/\/www.masmallorca.es\/ca#\/schema\/person\/554c84e7dfd9917fdba2cace51081633"},"headline":"Punt mallorqu\u00ed","datePublished":"2009-10-27T18:04:44+00:00","dateModified":"2018-08-30T16:12:24+00:00","mainEntityOfPage":{"@id":"https:\/\/www.masmallorca.es\/ca\/productes-tipics\/punt-mallorqui.html"},"wordCount":449,"publisher":{"@id":"https:\/\/www.masmallorca.es\/ca#organization"},"image":{"@id":"https:\/\/www.masmallorca.es\/ca\/productes-tipics\/punt-mallorqui.html#primaryimage"},"thumbnailUrl":"https:\/\/www.masmallorca.es\/wp-content\/uploads\/2009\/10\/punt-mallorqui_3.jpg","articleSection":["Productes T\u00edpics"],"inLanguage":"ca-ES"},{"@type":"WebPage","@id":"https:\/\/www.masmallorca.es\/ca\/productes-tipics\/punt-mallorqui.html","url":"https:\/\/www.masmallorca.es\/ca\/productes-tipics\/punt-mallorqui.html","name":"Punt mallorqu\u00ed | +Mallorca: la revista de Mallorca","isPartOf":{"@id":"https:\/\/www.masmallorca.es\/ca#website"},"primaryImageOfPage":{"@id":"https:\/\/www.masmallorca.es\/ca\/productes-tipics\/punt-mallorqui.html#primaryimage"},"image":{"@id":"https:\/\/www.masmallorca.es\/ca\/productes-tipics\/punt-mallorqui.html#primaryimage"},"thumbnailUrl":"https:\/\/www.masmallorca.es\/wp-content\/uploads\/2009\/10\/punt-mallorqui_3.jpg","datePublished":"2009-10-27T18:04:44+00:00","dateModified":"2018-08-30T16:12:24+00:00","description":"+Mallorca, Productes t\u00edpics: El punt mallorqu\u00ed \u00e9s un brodat de punt lliure, ja que es realitza directament damunt la tela. Aquest brodat est\u00e0 present en vestits i roba de la llar.","breadcrumb":{"@id":"https:\/\/www.masmallorca.es\/ca\/productes-tipics\/punt-mallorqui.html#breadcrumb"},"inLanguage":"ca-ES","potentialAction":[{"@type":"ReadAction","target":["https:\/\/www.masmallorca.es\/ca\/productes-tipics\/punt-mallorqui.html"]}]},{"@type":"ImageObject","inLanguage":"ca-ES","@id":"https:\/\/www.masmallorca.es\/ca\/productes-tipics\/punt-mallorqui.html#primaryimage","url":"https:\/\/www.masmallorca.es\/wp-content\/uploads\/2009\/10\/punt-mallorqui_3.jpg","contentUrl":"https:\/\/www.masmallorca.es\/wp-content\/uploads\/2009\/10\/punt-mallorqui_3.jpg","width":540,"height":325},{"@type":"BreadcrumbList","@id":"https:\/\/www.masmallorca.es\/ca\/productes-tipics\/punt-mallorqui.html#breadcrumb","itemListElement":[{"@type":"ListItem","position":1,"name":"Portada","item":"https:\/\/www.masmallorca.es\/ca"},{"@type":"ListItem","position":2,"name":"Productes T\u00edpics","item":"https:\/\/www.masmallorca.es\/ca\/productes-tipics"},{"@type":"ListItem","position":3,"name":"Punt mallorqu\u00ed"}]},{"@type":"WebSite","@id":"https:\/\/www.masmallorca.es\/ca#website","url":"https:\/\/www.masmallorca.es\/ca","name":"+Mallorca: la revista de Mallorca","description":"Molt m\u00e9s que sol i platja..","publisher":{"@id":"https:\/\/www.masmallorca.es\/ca#organization"},"alternateName":"+Mallorca","potentialAction":[{"@type":"SearchAction","target":{"@type":"EntryPoint","urlTemplate":"https:\/\/www.masmallorca.es\/ca?s={search_term_string}"},"query-input":{"@type":"PropertyValueSpecification","valueRequired":true,"valueName":"search_term_string"}}],"inLanguage":"ca-ES"},{"@type":"Organization","@id":"https:\/\/www.masmallorca.es\/ca#organization","name":"Revista +Mallorca","alternateName":"M\u00e1s Mallorca","url":"https:\/\/www.masmallorca.es\/ca","logo":{"@type":"ImageObject","inLanguage":"ca-ES","@id":"https:\/\/www.masmallorca.es\/ca#\/schema\/logo\/image\/","url":"https:\/\/www.masmallorca.es\/wp-content\/uploads\/2021\/04\/logomallorca-1.png","contentUrl":"https:\/\/www.masmallorca.es\/wp-content\/uploads\/2021\/04\/logomallorca-1.png","width":326,"height":84,"caption":"Revista +Mallorca"},"image":{"@id":"https:\/\/www.masmallorca.es\/ca#\/schema\/logo\/image\/"},"sameAs":["https:\/\/www.facebook.com\/mallorcamagazine\/","https:\/\/x.com\/masmallorca"]},{"@type":"Person","@id":"https:\/\/www.masmallorca.es\/ca#\/schema\/person\/554c84e7dfd9917fdba2cace51081633","name":"masmallorca"}]}},"_links":{"self":[{"href":"https:\/\/www.masmallorca.es\/ca\/wp-json\/wp\/v2\/posts\/3132","targetHints":{"allow":["GET"]}}],"collection":[{"href":"https:\/\/www.masmallorca.es\/ca\/wp-json\/wp\/v2\/posts"}],"about":[{"href":"https:\/\/www.masmallorca.es\/ca\/wp-json\/wp\/v2\/types\/post"}],"author":[{"embeddable":true,"href":"https:\/\/www.masmallorca.es\/ca\/wp-json\/wp\/v2\/users\/1"}],"replies":[{"embeddable":true,"href":"https:\/\/www.masmallorca.es\/ca\/wp-json\/wp\/v2\/comments?post=3132"}],"version-history":[{"count":0,"href":"https:\/\/www.masmallorca.es\/ca\/wp-json\/wp\/v2\/posts\/3132\/revisions"}],"wp:featuredmedia":[{"embeddable":true,"href":"https:\/\/www.masmallorca.es\/ca\/wp-json\/wp\/v2\/media\/3126"}],"wp:attachment":[{"href":"https:\/\/www.masmallorca.es\/ca\/wp-json\/wp\/v2\/media?parent=3132"}],"wp:term":[{"taxonomy":"category","embeddable":true,"href":"https:\/\/www.masmallorca.es\/ca\/wp-json\/wp\/v2\/categories?post=3132"},{"taxonomy":"post_tag","embeddable":true,"href":"https:\/\/www.masmallorca.es\/ca\/wp-json\/wp\/v2\/tags?post=3132"}],"curies":[{"name":"wp","href":"https:\/\/api.w.org\/{rel}","templated":true}]}}