{"id":294,"date":"2009-03-25T15:48:00","date_gmt":"2009-03-25T14:48:00","guid":{"rendered":""},"modified":"2025-04-18T09:36:06","modified_gmt":"2025-04-18T07:36:06","slug":"ocarina","status":"publish","type":"post","link":"https:\/\/www.masmallorca.es\/ca\/productes-tipics\/ocarina.html","title":{"rendered":"l&#8217;Ocarina"},"content":{"rendered":"<div><img loading=\"lazy\" decoding=\"async\" class=\" alignright size-full wp-image-278\" style=\"text-align: right; margin-right: 20px; margin-left: 20px; float: right;\" src=\"https:\/\/www.masmallorca.es\/wp-content\/uploads\/2009\/03\/la_ocarina_de_mallorca_ocarina.jpg\" alt=\"la_ocarina_de_mallorca_ocarina\" width=\"150\" height=\"101\" \/><\/div>\n<p style=\"text-align: justify;\">Es tracta d\u2019un instrument que pertany a la fam\u00edlia de les flautes globulars i d\u2019embocadura condu\u00efda. \u00c9s ovalada, de fang i el nombre de forats \u00e9s de vuit. La hist\u00f2ria moderna de l\u2019ocarina es remunta, en el seu passat m\u00e9s jove, a un poble itali\u00e0 situat a uns vint quil\u00f2metres de Bolonya anomenat Budrio. El nom de l\u2019instrument prov\u00e9, segons el mite popular, de la seva semblan\u00e7a amb el cap d\u2019una oca.<\/p>\n<p><!--more--><\/p>\n<p style=\"text-align: justify;\">El creador de la forma m\u00e9s corrent i d\u2019\u00fas actual va ser Giuseppe Donati, un forner nascut en aquesta petita poblaci\u00f3 a comen\u00e7aments del segle XIX. Sobre el motlle d\u2019un antic instrument de fang i a trav\u00e9s d\u2019experiments Donati va arribar a consolidar la forma de l\u2019ocarina actual.<\/p>\n<p style=\"text-align: justify;\"><img loading=\"lazy\" decoding=\"async\" class=\" alignleft size-full wp-image-283\" style=\"border: 0px none; margin: 10px 20px 10px 0px; float: left;\" src=\"https:\/\/www.masmallorca.es\/wp-content\/uploads\/2009\/03\/la_ocarina_de_mallorca.jpg\" alt=\"la_ocarina_de_mallorca\" width=\"300\" height=\"179\" \/><\/p>\n<p style=\"margin-bottom: 0cm; text-align: justify;\">La introducci\u00f3 d\u2019aquest \u2018nou\u2019 instrument, a l\u2019any 1853 va ser tot un \u00e8xit al m\u00f3n musical de l\u2019\u00e8poca, i va permetre Donati a dedicar-se a actuar com a solista acompanyat d\u2019altres m\u00fasics. Sota la seva influ\u00e8ncia es van consolidar a la mateixa zona diversos constructors, entre qui destaquen Cesare Vicinelli. Cesare Vicinelli el 1887 va instal\u00b7lar el seu taller d\u2019ocarinas al carrer Jovellanos de Palma de Mallorca, i aix\u00ed comen\u00e7a la tradici\u00f3 de l\u2019ocarina mallorquina.<\/p>\n<p style=\"margin-bottom: 0cm; text-align: justify;\">Hi va haver f\u00e0briques d\u2019ocarinas a Palma, Manacor, Bunyola i a Pollen\u00e7a. Van existir bandes d\u2019ocarinas que donaven concerts a les Esgl\u00e9sies per la seva ac\u00fastica.<\/p>\n<p style=\"margin-bottom: 0cm; text-align: justify;\">La col\u00b7lecci\u00f3 mallorquina consta de <strong>7 mides<\/strong> (des de la soprano d\u2019uns 10 cm fins al contrabaix d\u2019uns 35 cm). Actualment hi ha una col\u00b7lecci\u00f3 d\u2019ocarina mallorquina al Museu de la Porc\u00edncula de Palma.<\/p>\n<p><img loading=\"lazy\" decoding=\"async\" class=\" alignright size-full wp-image-288\" style=\"border: 0px none; margin: 10px 0px 10px 20px; float: right;\" src=\"https:\/\/www.masmallorca.es\/wp-content\/uploads\/2009\/03\/la_ocarina_de_mallorca2.jpg\" alt=\"la_ocarina_de_mallorca2\" width=\"137\" height=\"205\" \/><\/p>\n<p style=\"margin-bottom: 0cm; text-align: justify;\"><strong>CARME OCARINA<br \/>\n<\/strong>Mestra Artesana per la Direcci\u00f3 General de Comer\u00e7 i artesana d\u2019ocarinas. Sota el mestria de Benet Mas a Santa Mar\u00eda, es dedica des de 1987 a la construcci\u00f3 d\u2019aquest instrument.<\/p>\n<p style=\"margin-bottom: 0cm; text-align: justify;\">En els \u00faltims anys ha centrat la seva activitat especialment a la recerca, investigaci\u00f3 i la recuperaci\u00f3 de l\u2019ocarina com a instrument artesanal i tradici\u00f3 musical, activitat que inclou la direcci\u00f3 de la \u201cOctava Musical\u201d, una formaci\u00f3 d\u2019ocarinas que ha participat ja en diverses actuacions a Mallorca (Santa Mar\u00eda del Cam\u00ed i a Marratx\u00ed), a Catalunya i a Cant\u00e0bria. T\u00e9 instruments del seu taller exposats en el \u201cCentro Etnogr\u00e0fico Fundaci\u00f3n Joaqu\u00edn D\u00edaz de Valladolid\u201d i en el Museu d\u2019Agost &#8211; Centre d\u2019Alfarer\u00eda (Alacant).<\/p>\n<p style=\"margin-bottom: 0cm; text-align: center;\"><a title=\"Ocarina mallorquina\" href=\"https:\/\/www.mallorcashop.net\/ca\/19-ocarinas\" target=\"_blank\" rel=\"noopener noreferrer\">Comprar Ocarinas<\/a><\/p>\n<p style=\"margin-bottom: 0cm; text-align: center;\">\n","protected":false},"excerpt":{"rendered":"<p>Es tracta d\u2019un instrument que pertany a la fam\u00edlia de les flautes globulars i d\u2019embocadura condu\u00efda. \u00c9s ovalada, de fang i el nombre de forats \u00e9s de vuit. La hist\u00f2ria moderna de l\u2019ocarina es remunta, en el seu passat m\u00e9s jove, a un poble itali\u00e0 situat a uns vint quil\u00f2metres de Bolonya anomenat Budrio. El [&hellip;]<\/p>\n","protected":false},"author":1,"featured_media":16465,"comment_status":"closed","ping_status":"closed","sticky":false,"template":"","format":"standard","meta":{"_et_pb_use_builder":"","_et_pb_old_content":"","_et_gb_content_width":"","footnotes":""},"categories":[24],"tags":[],"class_list":["post-294","post","type-post","status-publish","format-standard","has-post-thumbnail","hentry","category-productes-tipics","et-has-post-format-content","et_post_format-et-post-format-standard"],"yoast_head":"<!-- This site is optimized with the Yoast SEO plugin v27.4 - https:\/\/yoast.com\/product\/yoast-seo-wordpress\/ -->\n<title>L&#039;Ocarina a Mallorca, instrument musical | +Mallorca: la revista de Mallorca<\/title>\n<meta name=\"description\" content=\"M\u00e1s Mallorca, Productes t\u00edpics: L&#039;Ocarina a Mallorca, instrument musical, pertany a les flautes globulars. Ovo\u00efdal, de fang, amb un xiulet; amb vuit forats.\" \/>\n<meta name=\"robots\" content=\"index, follow, max-snippet:-1, max-image-preview:large, max-video-preview:-1\" \/>\n<link rel=\"canonical\" href=\"https:\/\/www.masmallorca.es\/ca\/productes-tipics\/ocarina.html\" \/>\n<meta property=\"og:locale\" content=\"ca_ES\" \/>\n<meta property=\"og:type\" content=\"article\" \/>\n<meta property=\"og:title\" content=\"L&#039;Ocarina a Mallorca, instrument musical | +Mallorca: la revista de Mallorca\" \/>\n<meta property=\"og:description\" content=\"M\u00e1s Mallorca, Productes t\u00edpics: L&#039;Ocarina a Mallorca, instrument musical, pertany a les flautes globulars. Ovo\u00efdal, de fang, amb un xiulet; amb vuit forats.\" \/>\n<meta property=\"og:url\" content=\"https:\/\/www.masmallorca.es\/ca\/productes-tipics\/ocarina.html\" \/>\n<meta property=\"og:site_name\" content=\"+Mallorca: la revista de Mallorca\" \/>\n<meta property=\"article:publisher\" content=\"https:\/\/www.facebook.com\/mallorcamagazine\/\" \/>\n<meta property=\"article:published_time\" content=\"2009-03-25T14:48:00+00:00\" \/>\n<meta property=\"article:modified_time\" content=\"2025-04-18T07:36:06+00:00\" \/>\n<meta property=\"og:image\" content=\"https:\/\/www.masmallorca.es\/wp-content\/uploads\/2009\/03\/la_ocarina_de_mallorca_mallorquina.jpg\" \/>\n\t<meta property=\"og:image:width\" content=\"540\" \/>\n\t<meta property=\"og:image:height\" content=\"334\" \/>\n\t<meta property=\"og:image:type\" content=\"image\/jpeg\" \/>\n<meta name=\"author\" content=\"masmallorca\" \/>\n<meta name=\"twitter:card\" content=\"summary_large_image\" \/>\n<meta name=\"twitter:creator\" content=\"@masmallorca\" \/>\n<meta name=\"twitter:site\" content=\"@masmallorca\" \/>\n<meta name=\"twitter:label1\" content=\"Written by\" \/>\n\t<meta name=\"twitter:data1\" content=\"masmallorca\" \/>\n\t<meta name=\"twitter:label2\" content=\"Est. reading time\" \/>\n\t<meta name=\"twitter:data2\" content=\"3 minutes\" \/>\n<script type=\"application\/ld+json\" class=\"yoast-schema-graph\">{\"@context\":\"https:\\\/\\\/schema.org\",\"@graph\":[{\"@type\":\"Article\",\"@id\":\"https:\\\/\\\/www.masmallorca.es\\\/ca\\\/productes-tipics\\\/ocarina.html#article\",\"isPartOf\":{\"@id\":\"https:\\\/\\\/www.masmallorca.es\\\/ca\\\/productes-tipics\\\/ocarina.html\"},\"author\":{\"name\":\"masmallorca\",\"@id\":\"https:\\\/\\\/www.masmallorca.es\\\/ca#\\\/schema\\\/person\\\/554c84e7dfd9917fdba2cace51081633\"},\"headline\":\"l&#8217;Ocarina\",\"datePublished\":\"2009-03-25T14:48:00+00:00\",\"dateModified\":\"2025-04-18T07:36:06+00:00\",\"mainEntityOfPage\":{\"@id\":\"https:\\\/\\\/www.masmallorca.es\\\/ca\\\/productes-tipics\\\/ocarina.html\"},\"wordCount\":423,\"publisher\":{\"@id\":\"https:\\\/\\\/www.masmallorca.es\\\/ca#organization\"},\"image\":{\"@id\":\"https:\\\/\\\/www.masmallorca.es\\\/ca\\\/productes-tipics\\\/ocarina.html#primaryimage\"},\"thumbnailUrl\":\"https:\\\/\\\/www.masmallorca.es\\\/wp-content\\\/uploads\\\/2009\\\/03\\\/la_ocarina_de_mallorca_mallorquina.jpg\",\"articleSection\":[\"Productes T\u00edpics\"],\"inLanguage\":\"ca-ES\"},{\"@type\":\"WebPage\",\"@id\":\"https:\\\/\\\/www.masmallorca.es\\\/ca\\\/productes-tipics\\\/ocarina.html\",\"url\":\"https:\\\/\\\/www.masmallorca.es\\\/ca\\\/productes-tipics\\\/ocarina.html\",\"name\":\"L'Ocarina a Mallorca, instrument musical | +Mallorca: la revista de Mallorca\",\"isPartOf\":{\"@id\":\"https:\\\/\\\/www.masmallorca.es\\\/ca#website\"},\"primaryImageOfPage\":{\"@id\":\"https:\\\/\\\/www.masmallorca.es\\\/ca\\\/productes-tipics\\\/ocarina.html#primaryimage\"},\"image\":{\"@id\":\"https:\\\/\\\/www.masmallorca.es\\\/ca\\\/productes-tipics\\\/ocarina.html#primaryimage\"},\"thumbnailUrl\":\"https:\\\/\\\/www.masmallorca.es\\\/wp-content\\\/uploads\\\/2009\\\/03\\\/la_ocarina_de_mallorca_mallorquina.jpg\",\"datePublished\":\"2009-03-25T14:48:00+00:00\",\"dateModified\":\"2025-04-18T07:36:06+00:00\",\"description\":\"M\u00e1s Mallorca, Productes t\u00edpics: L'Ocarina a Mallorca, instrument musical, pertany a les flautes globulars. Ovo\u00efdal, de fang, amb un xiulet; amb vuit forats.\",\"breadcrumb\":{\"@id\":\"https:\\\/\\\/www.masmallorca.es\\\/ca\\\/productes-tipics\\\/ocarina.html#breadcrumb\"},\"inLanguage\":\"ca-ES\",\"potentialAction\":[{\"@type\":\"ReadAction\",\"target\":[\"https:\\\/\\\/www.masmallorca.es\\\/ca\\\/productes-tipics\\\/ocarina.html\"]}]},{\"@type\":\"ImageObject\",\"inLanguage\":\"ca-ES\",\"@id\":\"https:\\\/\\\/www.masmallorca.es\\\/ca\\\/productes-tipics\\\/ocarina.html#primaryimage\",\"url\":\"https:\\\/\\\/www.masmallorca.es\\\/wp-content\\\/uploads\\\/2009\\\/03\\\/la_ocarina_de_mallorca_mallorquina.jpg\",\"contentUrl\":\"https:\\\/\\\/www.masmallorca.es\\\/wp-content\\\/uploads\\\/2009\\\/03\\\/la_ocarina_de_mallorca_mallorquina.jpg\",\"width\":540,\"height\":334},{\"@type\":\"BreadcrumbList\",\"@id\":\"https:\\\/\\\/www.masmallorca.es\\\/ca\\\/productes-tipics\\\/ocarina.html#breadcrumb\",\"itemListElement\":[{\"@type\":\"ListItem\",\"position\":1,\"name\":\"Portada\",\"item\":\"https:\\\/\\\/www.masmallorca.es\\\/ca\"},{\"@type\":\"ListItem\",\"position\":2,\"name\":\"Productes T\u00edpics\",\"item\":\"https:\\\/\\\/www.masmallorca.es\\\/ca\\\/productes-tipics\"},{\"@type\":\"ListItem\",\"position\":3,\"name\":\"l&#8217;Ocarina\"}]},{\"@type\":\"WebSite\",\"@id\":\"https:\\\/\\\/www.masmallorca.es\\\/ca#website\",\"url\":\"https:\\\/\\\/www.masmallorca.es\\\/ca\",\"name\":\"+Mallorca: la revista de Mallorca\",\"description\":\"Molt m\u00e9s que sol i platja..\",\"publisher\":{\"@id\":\"https:\\\/\\\/www.masmallorca.es\\\/ca#organization\"},\"alternateName\":\"+Mallorca\",\"potentialAction\":[{\"@type\":\"SearchAction\",\"target\":{\"@type\":\"EntryPoint\",\"urlTemplate\":\"https:\\\/\\\/www.masmallorca.es\\\/ca?s={search_term_string}\"},\"query-input\":{\"@type\":\"PropertyValueSpecification\",\"valueRequired\":true,\"valueName\":\"search_term_string\"}}],\"inLanguage\":\"ca-ES\"},{\"@type\":\"Organization\",\"@id\":\"https:\\\/\\\/www.masmallorca.es\\\/ca#organization\",\"name\":\"Revista +Mallorca\",\"alternateName\":\"M\u00e1s Mallorca\",\"url\":\"https:\\\/\\\/www.masmallorca.es\\\/ca\",\"logo\":{\"@type\":\"ImageObject\",\"inLanguage\":\"ca-ES\",\"@id\":\"https:\\\/\\\/www.masmallorca.es\\\/ca#\\\/schema\\\/logo\\\/image\\\/\",\"url\":\"https:\\\/\\\/www.masmallorca.es\\\/wp-content\\\/uploads\\\/2021\\\/04\\\/logomallorca-1.png\",\"contentUrl\":\"https:\\\/\\\/www.masmallorca.es\\\/wp-content\\\/uploads\\\/2021\\\/04\\\/logomallorca-1.png\",\"width\":326,\"height\":84,\"caption\":\"Revista +Mallorca\"},\"image\":{\"@id\":\"https:\\\/\\\/www.masmallorca.es\\\/ca#\\\/schema\\\/logo\\\/image\\\/\"},\"sameAs\":[\"https:\\\/\\\/www.facebook.com\\\/mallorcamagazine\\\/\",\"https:\\\/\\\/x.com\\\/masmallorca\"]},{\"@type\":\"Person\",\"@id\":\"https:\\\/\\\/www.masmallorca.es\\\/ca#\\\/schema\\\/person\\\/554c84e7dfd9917fdba2cace51081633\",\"name\":\"masmallorca\"}]}<\/script>\n<!-- \/ Yoast SEO plugin. -->","yoast_head_json":{"title":"L'Ocarina a Mallorca, instrument musical | +Mallorca: la revista de Mallorca","description":"M\u00e1s Mallorca, Productes t\u00edpics: L'Ocarina a Mallorca, instrument musical, pertany a les flautes globulars. Ovo\u00efdal, de fang, amb un xiulet; amb vuit forats.","robots":{"index":"index","follow":"follow","max-snippet":"max-snippet:-1","max-image-preview":"max-image-preview:large","max-video-preview":"max-video-preview:-1"},"canonical":"https:\/\/www.masmallorca.es\/ca\/productes-tipics\/ocarina.html","og_locale":"ca_ES","og_type":"article","og_title":"L'Ocarina a Mallorca, instrument musical | +Mallorca: la revista de Mallorca","og_description":"M\u00e1s Mallorca, Productes t\u00edpics: L'Ocarina a Mallorca, instrument musical, pertany a les flautes globulars. Ovo\u00efdal, de fang, amb un xiulet; amb vuit forats.","og_url":"https:\/\/www.masmallorca.es\/ca\/productes-tipics\/ocarina.html","og_site_name":"+Mallorca: la revista de Mallorca","article_publisher":"https:\/\/www.facebook.com\/mallorcamagazine\/","article_published_time":"2009-03-25T14:48:00+00:00","article_modified_time":"2025-04-18T07:36:06+00:00","og_image":[{"width":540,"height":334,"url":"https:\/\/www.masmallorca.es\/wp-content\/uploads\/2009\/03\/la_ocarina_de_mallorca_mallorquina.jpg","type":"image\/jpeg"}],"author":"masmallorca","twitter_card":"summary_large_image","twitter_creator":"@masmallorca","twitter_site":"@masmallorca","twitter_misc":{"Written by":"masmallorca","Est. reading time":"3 minutes"},"schema":{"@context":"https:\/\/schema.org","@graph":[{"@type":"Article","@id":"https:\/\/www.masmallorca.es\/ca\/productes-tipics\/ocarina.html#article","isPartOf":{"@id":"https:\/\/www.masmallorca.es\/ca\/productes-tipics\/ocarina.html"},"author":{"name":"masmallorca","@id":"https:\/\/www.masmallorca.es\/ca#\/schema\/person\/554c84e7dfd9917fdba2cace51081633"},"headline":"l&#8217;Ocarina","datePublished":"2009-03-25T14:48:00+00:00","dateModified":"2025-04-18T07:36:06+00:00","mainEntityOfPage":{"@id":"https:\/\/www.masmallorca.es\/ca\/productes-tipics\/ocarina.html"},"wordCount":423,"publisher":{"@id":"https:\/\/www.masmallorca.es\/ca#organization"},"image":{"@id":"https:\/\/www.masmallorca.es\/ca\/productes-tipics\/ocarina.html#primaryimage"},"thumbnailUrl":"https:\/\/www.masmallorca.es\/wp-content\/uploads\/2009\/03\/la_ocarina_de_mallorca_mallorquina.jpg","articleSection":["Productes T\u00edpics"],"inLanguage":"ca-ES"},{"@type":"WebPage","@id":"https:\/\/www.masmallorca.es\/ca\/productes-tipics\/ocarina.html","url":"https:\/\/www.masmallorca.es\/ca\/productes-tipics\/ocarina.html","name":"L'Ocarina a Mallorca, instrument musical | +Mallorca: la revista de Mallorca","isPartOf":{"@id":"https:\/\/www.masmallorca.es\/ca#website"},"primaryImageOfPage":{"@id":"https:\/\/www.masmallorca.es\/ca\/productes-tipics\/ocarina.html#primaryimage"},"image":{"@id":"https:\/\/www.masmallorca.es\/ca\/productes-tipics\/ocarina.html#primaryimage"},"thumbnailUrl":"https:\/\/www.masmallorca.es\/wp-content\/uploads\/2009\/03\/la_ocarina_de_mallorca_mallorquina.jpg","datePublished":"2009-03-25T14:48:00+00:00","dateModified":"2025-04-18T07:36:06+00:00","description":"M\u00e1s Mallorca, Productes t\u00edpics: L'Ocarina a Mallorca, instrument musical, pertany a les flautes globulars. Ovo\u00efdal, de fang, amb un xiulet; amb vuit forats.","breadcrumb":{"@id":"https:\/\/www.masmallorca.es\/ca\/productes-tipics\/ocarina.html#breadcrumb"},"inLanguage":"ca-ES","potentialAction":[{"@type":"ReadAction","target":["https:\/\/www.masmallorca.es\/ca\/productes-tipics\/ocarina.html"]}]},{"@type":"ImageObject","inLanguage":"ca-ES","@id":"https:\/\/www.masmallorca.es\/ca\/productes-tipics\/ocarina.html#primaryimage","url":"https:\/\/www.masmallorca.es\/wp-content\/uploads\/2009\/03\/la_ocarina_de_mallorca_mallorquina.jpg","contentUrl":"https:\/\/www.masmallorca.es\/wp-content\/uploads\/2009\/03\/la_ocarina_de_mallorca_mallorquina.jpg","width":540,"height":334},{"@type":"BreadcrumbList","@id":"https:\/\/www.masmallorca.es\/ca\/productes-tipics\/ocarina.html#breadcrumb","itemListElement":[{"@type":"ListItem","position":1,"name":"Portada","item":"https:\/\/www.masmallorca.es\/ca"},{"@type":"ListItem","position":2,"name":"Productes T\u00edpics","item":"https:\/\/www.masmallorca.es\/ca\/productes-tipics"},{"@type":"ListItem","position":3,"name":"l&#8217;Ocarina"}]},{"@type":"WebSite","@id":"https:\/\/www.masmallorca.es\/ca#website","url":"https:\/\/www.masmallorca.es\/ca","name":"+Mallorca: la revista de Mallorca","description":"Molt m\u00e9s que sol i platja..","publisher":{"@id":"https:\/\/www.masmallorca.es\/ca#organization"},"alternateName":"+Mallorca","potentialAction":[{"@type":"SearchAction","target":{"@type":"EntryPoint","urlTemplate":"https:\/\/www.masmallorca.es\/ca?s={search_term_string}"},"query-input":{"@type":"PropertyValueSpecification","valueRequired":true,"valueName":"search_term_string"}}],"inLanguage":"ca-ES"},{"@type":"Organization","@id":"https:\/\/www.masmallorca.es\/ca#organization","name":"Revista +Mallorca","alternateName":"M\u00e1s Mallorca","url":"https:\/\/www.masmallorca.es\/ca","logo":{"@type":"ImageObject","inLanguage":"ca-ES","@id":"https:\/\/www.masmallorca.es\/ca#\/schema\/logo\/image\/","url":"https:\/\/www.masmallorca.es\/wp-content\/uploads\/2021\/04\/logomallorca-1.png","contentUrl":"https:\/\/www.masmallorca.es\/wp-content\/uploads\/2021\/04\/logomallorca-1.png","width":326,"height":84,"caption":"Revista +Mallorca"},"image":{"@id":"https:\/\/www.masmallorca.es\/ca#\/schema\/logo\/image\/"},"sameAs":["https:\/\/www.facebook.com\/mallorcamagazine\/","https:\/\/x.com\/masmallorca"]},{"@type":"Person","@id":"https:\/\/www.masmallorca.es\/ca#\/schema\/person\/554c84e7dfd9917fdba2cace51081633","name":"masmallorca"}]}},"_links":{"self":[{"href":"https:\/\/www.masmallorca.es\/ca\/wp-json\/wp\/v2\/posts\/294","targetHints":{"allow":["GET"]}}],"collection":[{"href":"https:\/\/www.masmallorca.es\/ca\/wp-json\/wp\/v2\/posts"}],"about":[{"href":"https:\/\/www.masmallorca.es\/ca\/wp-json\/wp\/v2\/types\/post"}],"author":[{"embeddable":true,"href":"https:\/\/www.masmallorca.es\/ca\/wp-json\/wp\/v2\/users\/1"}],"replies":[{"embeddable":true,"href":"https:\/\/www.masmallorca.es\/ca\/wp-json\/wp\/v2\/comments?post=294"}],"version-history":[{"count":1,"href":"https:\/\/www.masmallorca.es\/ca\/wp-json\/wp\/v2\/posts\/294\/revisions"}],"predecessor-version":[{"id":34742,"href":"https:\/\/www.masmallorca.es\/ca\/wp-json\/wp\/v2\/posts\/294\/revisions\/34742"}],"wp:featuredmedia":[{"embeddable":true,"href":"https:\/\/www.masmallorca.es\/ca\/wp-json\/wp\/v2\/media\/16465"}],"wp:attachment":[{"href":"https:\/\/www.masmallorca.es\/ca\/wp-json\/wp\/v2\/media?parent=294"}],"wp:term":[{"taxonomy":"category","embeddable":true,"href":"https:\/\/www.masmallorca.es\/ca\/wp-json\/wp\/v2\/categories?post=294"},{"taxonomy":"post_tag","embeddable":true,"href":"https:\/\/www.masmallorca.es\/ca\/wp-json\/wp\/v2\/tags?post=294"}],"curies":[{"name":"wp","href":"https:\/\/api.w.org\/{rel}","templated":true}]}}