{"id":26015,"date":"2019-10-07T11:32:39","date_gmt":"2019-10-07T09:32:39","guid":{"rendered":"https:\/\/www.masmallorca.es\/llocs-amb-encant\/esglesia-nova-de-son-servera-una-belleza-inacabada.html"},"modified":"2019-10-07T18:02:54","modified_gmt":"2019-10-07T16:02:54","slug":"esglesia-nova-de-son-servera-una-bellesa-inacabada","status":"publish","type":"post","link":"https:\/\/www.masmallorca.es\/ca\/llocs-amb-encant\/esglesia-nova-de-son-servera-una-bellesa-inacabada.html","title":{"rendered":"Esgl\u00e9sia Nova de Son Servera,  una bellesa inacabada"},"content":{"rendered":"\n<p>La Esgl\u00e9sia Nova de Son Servera, d&#8217;estil neog\u00f2tic, \u00e9s obra de l&#8217;arquitecte Joan Rubi\u00f3 Bellver, destacat deixeble i col\u00b7laborador de <strong>Antonio Gaud\u00ed<\/strong>.<\/p>\n\n\n\n<!--more-->\n\n\n\n<figure class=\"wp-block-image is-resized\"><img loading=\"lazy\" decoding=\"async\" src=\"https:\/\/www.masmallorca.es\/wp-content\/uploads\/2019\/10\/esglesia-nova-son-servera.jpg\" alt=\"Esgl\u00e9sia Nova de Son Servera\" class=\"wp-image-25994\" width=\"940\" height=\"608\" srcset=\"https:\/\/www.masmallorca.es\/wp-content\/uploads\/2019\/10\/esglesia-nova-son-servera.jpg 940w, https:\/\/www.masmallorca.es\/wp-content\/uploads\/2019\/10\/esglesia-nova-son-servera-300x194.jpg 300w, https:\/\/www.masmallorca.es\/wp-content\/uploads\/2019\/10\/esglesia-nova-son-servera-768x497.jpg 768w\" sizes=\"(max-width: 940px) 100vw, 940px\" \/><figcaption>Esgl\u00e9sia Nova de Son Servera<\/figcaption><\/figure>\n\n\n\n<p><a rel=\"noreferrer noopener\" aria-label=\" (opens in a new tab)\" href=\"https:\/\/ca.wikipedia.org\/wiki\/Joan_Rubi%C3%B3_i_Bellver\" target=\"_blank\">Rubi\u00f3 Bellver<\/a> tamb\u00e9 era natural de Reus i pertanyia a una fam\u00edlia d&#8217;enginyers i arquitectes. La seva extensa producci\u00f3 es va desenvolupar no nom\u00e9s a Catalunya sin\u00f3 a Mallorca i Menorca, incloent, entre altres edificis emblem\u00e0tics, el Banc de S\u00f3ller o la portada de la catedral de Santa Maria a Ciutadella.<\/p>\n\n\n\n<h2 class=\"wp-block-heading\">L&#8217;esgl\u00e9sia que va projectar per a Son Servera s&#8217;inclou entre les creacions del seu per\u00edode modernista.<\/h2>\n\n\n\n<p>El fet que estigui inacabada, li confereix un aire de ru\u00efna solemne, sobre la qual imaginar fant\u00e0stiques hist\u00f2ries.<\/p>\n\n\n\n<figure class=\"wp-block-image is-resized\"><img loading=\"lazy\" decoding=\"async\" src=\"https:\/\/www.masmallorca.es\/wp-content\/uploads\/2019\/10\/esglesia-nova-son-servera-3.jpg\" alt=\"Esgl\u00e9sia Nova de Son Servera\" class=\"wp-image-25984\" width=\"940\" height=\"622\" srcset=\"https:\/\/www.masmallorca.es\/wp-content\/uploads\/2019\/10\/esglesia-nova-son-servera-3.jpg 940w, https:\/\/www.masmallorca.es\/wp-content\/uploads\/2019\/10\/esglesia-nova-son-servera-3-300x199.jpg 300w, https:\/\/www.masmallorca.es\/wp-content\/uploads\/2019\/10\/esglesia-nova-son-servera-3-768x508.jpg 768w\" sizes=\"(max-width: 940px) 100vw, 940px\" \/><\/figure>\n\n\n\n<p>Entre els anys 1909 i 1929 es van anar realitzant els treballs d&#8217;edificaci\u00f3, que van haver de cessar per problemes econ\u00f2mics.<\/p>\n\n\n\n<p>Obertures ogivals i rosasses, juntament amb l&#8217;espectacular absis a cel obert donen clar senyal de l&#8217;estil neog\u00f2tic perseguit per Joan Rubi\u00f3 en aquesta esgl\u00e9sia.<\/p>\n\n\n\n<p>Accedim a ella per un jardinet, que accentua el romanticisme de la construcci\u00f3. Les \u00faltimes obres de condicionament (realitzades el 2007 i 2008) han optat per una encertada continuaci\u00f3 del mateix dins de la nau, remarcant el concepte de comuni\u00f3 entre l&#8217;edifici i el cel, el que subratlla la sensaci\u00f3 d&#8217;espiritualitat i abandonament que completen les capelles laterals decorades amb capitells.<\/p>\n\n\n\n<figure class=\"wp-block-image is-resized\"><img loading=\"lazy\" decoding=\"async\" src=\"https:\/\/www.masmallorca.es\/wp-content\/uploads\/2019\/10\/esglesia-nova-son-servera-4.jpg\" alt=\"Esgl\u00e9sia Nova de Son Servera\" class=\"wp-image-25989\" width=\"940\" height=\"762\" srcset=\"https:\/\/www.masmallorca.es\/wp-content\/uploads\/2019\/10\/esglesia-nova-son-servera-4.jpg 940w, https:\/\/www.masmallorca.es\/wp-content\/uploads\/2019\/10\/esglesia-nova-son-servera-4-300x243.jpg 300w, https:\/\/www.masmallorca.es\/wp-content\/uploads\/2019\/10\/esglesia-nova-son-servera-4-768x623.jpg 768w\" sizes=\"(max-width: 940px) 100vw, 940px\" \/><\/figure>\n\n\n\n<p>No obstant aix\u00f2, l&#8217;ambient en aquesta esgl\u00e9sia \u00e9s molt alegre i ens recorda que, coincidint amb les festes de Sant Joan de Son Servera, se celebren a les nits concerts a l&#8217;Esgl\u00e9sia Nova, amb interpretacions que van des del jazz al rock dels anys 60, passant per la m\u00fasica cl\u00e0ssica. Aix\u00ed mateix, l&#8217;agrupaci\u00f3 folkl\u00f2rica &#8220;Sa Revetlla&#8221; realitza en ella exhibicions de <strong>balls tradicionals mallorquins<\/strong> durant les nits estiuenques.<\/p>\n\n\n\n<p>L&#8217;Esgl\u00e9sia Nova va ser seu de les Serenates d&#8217;Estiu de Son Servera, que aquest any 2019 han arribat a la seva trentena edici\u00f3, i tots els diumenges d&#8217;estiu es diuen en ella misses a l&#8217;aire lliure.<\/p>\n\n\n\n<div class=\"wp-block-image\"><figure class=\"aligncenter is-resized\"><img loading=\"lazy\" decoding=\"async\" src=\"https:\/\/www.masmallorca.es\/wp-content\/uploads\/2019\/10\/esglesia-nova-son-servera-2-683x1024.jpg\" alt=\"Esgl\u00e9sia Nova de Son Servera\" class=\"wp-image-25979\" width=\"683\" height=\"1024\" srcset=\"https:\/\/www.masmallorca.es\/wp-content\/uploads\/2019\/10\/esglesia-nova-son-servera-2-683x1024.jpg 683w, https:\/\/www.masmallorca.es\/wp-content\/uploads\/2019\/10\/esglesia-nova-son-servera-2-200x300.jpg 200w, https:\/\/www.masmallorca.es\/wp-content\/uploads\/2019\/10\/esglesia-nova-son-servera-2-768x1152.jpg 768w, https:\/\/www.masmallorca.es\/wp-content\/uploads\/2019\/10\/esglesia-nova-son-servera-2.jpg 940w\" sizes=\"(max-width: 683px) 100vw, 683px\" \/><\/figure><\/div>\n\n\n\n<p><strong>Esgl\u00e9sia Nova de Son Servera<br><\/strong>Carrer de Ses Creus, 1 &#8211; Son Servera<br>Visites gratu\u00eftes de dilluns a divendres, de 9:30-14:30 &#8211; T: 971 567 002<\/p>\n","protected":false},"excerpt":{"rendered":"<p>La Esgl\u00e9sia Nova de Son Servera, d&#8217;estil neog\u00f2tic, \u00e9s obra de l&#8217;arquitecte Joan Rubi\u00f3 Bellver, destacat deixeble i col\u00b7laborador de Antonio Gaud\u00ed.<\/p>\n","protected":false},"author":1,"featured_media":25975,"comment_status":"closed","ping_status":"closed","sticky":false,"template":"","format":"standard","meta":{"_et_pb_use_builder":"off","_et_pb_old_content":"","_et_gb_content_width":"","footnotes":""},"categories":[34],"tags":[],"class_list":["post-26015","post","type-post","status-publish","format-standard","has-post-thumbnail","hentry","category-llocs-amb-encant","et-has-post-format-content","et_post_format-et-post-format-standard"],"yoast_head":"<!-- This site is optimized with the Yoast SEO plugin v27.4 - https:\/\/yoast.com\/product\/yoast-seo-wordpress\/ -->\n<title>Esgl\u00e9sia Nova de Son Servera, una bellesa inacabada<\/title>\n<meta name=\"description\" content=\"La Esgl\u00e9sia Nova de Son Servera, d&#039;estil neog\u00f2tic, \u00e9s obra de l&#039;arquitecte Joan Rubi\u00f3 Bellver, destacat deixeble i col\u00b7laborador d&#039;Antoni Gaud\u00ed\" \/>\n<meta name=\"robots\" content=\"index, follow, max-snippet:-1, max-image-preview:large, max-video-preview:-1\" \/>\n<link rel=\"canonical\" href=\"https:\/\/www.masmallorca.es\/ca\/llocs-amb-encant\/esglesia-nova-de-son-servera-una-bellesa-inacabada.html\" \/>\n<meta property=\"og:locale\" content=\"ca_ES\" \/>\n<meta property=\"og:type\" content=\"article\" \/>\n<meta property=\"og:title\" content=\"Esgl\u00e9sia Nova de Son Servera, una bellesa inacabada\" \/>\n<meta property=\"og:description\" content=\"La Esgl\u00e9sia Nova de Son Servera, d&#039;estil neog\u00f2tic, \u00e9s obra de l&#039;arquitecte Joan Rubi\u00f3 Bellver, destacat deixeble i col\u00b7laborador d&#039;Antoni Gaud\u00ed\" \/>\n<meta property=\"og:url\" content=\"https:\/\/www.masmallorca.es\/ca\/llocs-amb-encant\/esglesia-nova-de-son-servera-una-bellesa-inacabada.html\" \/>\n<meta property=\"og:site_name\" content=\"+Mallorca: la revista de Mallorca\" \/>\n<meta property=\"article:publisher\" content=\"https:\/\/www.facebook.com\/mallorcamagazine\/\" \/>\n<meta property=\"article:published_time\" content=\"2019-10-07T09:32:39+00:00\" \/>\n<meta property=\"article:modified_time\" content=\"2019-10-07T16:02:54+00:00\" \/>\n<meta property=\"og:image\" content=\"https:\/\/www.masmallorca.es\/wp-content\/uploads\/2019\/10\/esglesia-nova-son-servera-1.jpg\" \/>\n\t<meta property=\"og:image:width\" content=\"940\" \/>\n\t<meta property=\"og:image:height\" content=\"627\" \/>\n\t<meta property=\"og:image:type\" content=\"image\/jpeg\" \/>\n<meta name=\"author\" content=\"masmallorca\" \/>\n<meta name=\"twitter:card\" content=\"summary_large_image\" \/>\n<meta name=\"twitter:creator\" content=\"@masmallorca\" \/>\n<meta name=\"twitter:site\" content=\"@masmallorca\" \/>\n<meta name=\"twitter:label1\" content=\"Written by\" \/>\n\t<meta name=\"twitter:data1\" content=\"masmallorca\" \/>\n\t<meta name=\"twitter:label2\" content=\"Est. reading time\" \/>\n\t<meta name=\"twitter:data2\" content=\"2 minutes\" \/>\n<script type=\"application\/ld+json\" class=\"yoast-schema-graph\">{\"@context\":\"https:\\\/\\\/schema.org\",\"@graph\":[{\"@type\":\"Article\",\"@id\":\"https:\\\/\\\/www.masmallorca.es\\\/ca\\\/llocs-amb-encant\\\/esglesia-nova-de-son-servera-una-bellesa-inacabada.html#article\",\"isPartOf\":{\"@id\":\"https:\\\/\\\/www.masmallorca.es\\\/ca\\\/llocs-amb-encant\\\/esglesia-nova-de-son-servera-una-bellesa-inacabada.html\"},\"author\":{\"name\":\"masmallorca\",\"@id\":\"https:\\\/\\\/www.masmallorca.es\\\/ca#\\\/schema\\\/person\\\/554c84e7dfd9917fdba2cace51081633\"},\"headline\":\"Esgl\u00e9sia Nova de Son Servera, una bellesa inacabada\",\"datePublished\":\"2019-10-07T09:32:39+00:00\",\"dateModified\":\"2019-10-07T16:02:54+00:00\",\"mainEntityOfPage\":{\"@id\":\"https:\\\/\\\/www.masmallorca.es\\\/ca\\\/llocs-amb-encant\\\/esglesia-nova-de-son-servera-una-bellesa-inacabada.html\"},\"wordCount\":387,\"publisher\":{\"@id\":\"https:\\\/\\\/www.masmallorca.es\\\/ca#organization\"},\"image\":{\"@id\":\"https:\\\/\\\/www.masmallorca.es\\\/ca\\\/llocs-amb-encant\\\/esglesia-nova-de-son-servera-una-bellesa-inacabada.html#primaryimage\"},\"thumbnailUrl\":\"https:\\\/\\\/www.masmallorca.es\\\/wp-content\\\/uploads\\\/2019\\\/10\\\/esglesia-nova-son-servera-1.jpg\",\"articleSection\":[\"Llocs amb encant\"],\"inLanguage\":\"ca-ES\"},{\"@type\":\"WebPage\",\"@id\":\"https:\\\/\\\/www.masmallorca.es\\\/ca\\\/llocs-amb-encant\\\/esglesia-nova-de-son-servera-una-bellesa-inacabada.html\",\"url\":\"https:\\\/\\\/www.masmallorca.es\\\/ca\\\/llocs-amb-encant\\\/esglesia-nova-de-son-servera-una-bellesa-inacabada.html\",\"name\":\"Esgl\u00e9sia Nova de Son Servera, una bellesa inacabada\",\"isPartOf\":{\"@id\":\"https:\\\/\\\/www.masmallorca.es\\\/ca#website\"},\"primaryImageOfPage\":{\"@id\":\"https:\\\/\\\/www.masmallorca.es\\\/ca\\\/llocs-amb-encant\\\/esglesia-nova-de-son-servera-una-bellesa-inacabada.html#primaryimage\"},\"image\":{\"@id\":\"https:\\\/\\\/www.masmallorca.es\\\/ca\\\/llocs-amb-encant\\\/esglesia-nova-de-son-servera-una-bellesa-inacabada.html#primaryimage\"},\"thumbnailUrl\":\"https:\\\/\\\/www.masmallorca.es\\\/wp-content\\\/uploads\\\/2019\\\/10\\\/esglesia-nova-son-servera-1.jpg\",\"datePublished\":\"2019-10-07T09:32:39+00:00\",\"dateModified\":\"2019-10-07T16:02:54+00:00\",\"description\":\"La Esgl\u00e9sia Nova de Son Servera, d'estil neog\u00f2tic, \u00e9s obra de l'arquitecte Joan Rubi\u00f3 Bellver, destacat deixeble i col\u00b7laborador d'Antoni Gaud\u00ed\",\"breadcrumb\":{\"@id\":\"https:\\\/\\\/www.masmallorca.es\\\/ca\\\/llocs-amb-encant\\\/esglesia-nova-de-son-servera-una-bellesa-inacabada.html#breadcrumb\"},\"inLanguage\":\"ca-ES\",\"potentialAction\":[{\"@type\":\"ReadAction\",\"target\":[\"https:\\\/\\\/www.masmallorca.es\\\/ca\\\/llocs-amb-encant\\\/esglesia-nova-de-son-servera-una-bellesa-inacabada.html\"]}]},{\"@type\":\"ImageObject\",\"inLanguage\":\"ca-ES\",\"@id\":\"https:\\\/\\\/www.masmallorca.es\\\/ca\\\/llocs-amb-encant\\\/esglesia-nova-de-son-servera-una-bellesa-inacabada.html#primaryimage\",\"url\":\"https:\\\/\\\/www.masmallorca.es\\\/wp-content\\\/uploads\\\/2019\\\/10\\\/esglesia-nova-son-servera-1.jpg\",\"contentUrl\":\"https:\\\/\\\/www.masmallorca.es\\\/wp-content\\\/uploads\\\/2019\\\/10\\\/esglesia-nova-son-servera-1.jpg\",\"width\":940,\"height\":627,\"caption\":\"Esgl\u00e9sia Nova de Son Servera\"},{\"@type\":\"BreadcrumbList\",\"@id\":\"https:\\\/\\\/www.masmallorca.es\\\/ca\\\/llocs-amb-encant\\\/esglesia-nova-de-son-servera-una-bellesa-inacabada.html#breadcrumb\",\"itemListElement\":[{\"@type\":\"ListItem\",\"position\":1,\"name\":\"Portada\",\"item\":\"https:\\\/\\\/www.masmallorca.es\\\/ca\"},{\"@type\":\"ListItem\",\"position\":2,\"name\":\"Llocs amb encant\",\"item\":\"https:\\\/\\\/www.masmallorca.es\\\/ca\\\/llocs-amb-encant\"},{\"@type\":\"ListItem\",\"position\":3,\"name\":\"Esgl\u00e9sia Nova de Son Servera, una bellesa inacabada\"}]},{\"@type\":\"WebSite\",\"@id\":\"https:\\\/\\\/www.masmallorca.es\\\/ca#website\",\"url\":\"https:\\\/\\\/www.masmallorca.es\\\/ca\",\"name\":\"+Mallorca: la revista de Mallorca\",\"description\":\"Molt m\u00e9s que sol i platja..\",\"publisher\":{\"@id\":\"https:\\\/\\\/www.masmallorca.es\\\/ca#organization\"},\"alternateName\":\"+Mallorca\",\"potentialAction\":[{\"@type\":\"SearchAction\",\"target\":{\"@type\":\"EntryPoint\",\"urlTemplate\":\"https:\\\/\\\/www.masmallorca.es\\\/ca?s={search_term_string}\"},\"query-input\":{\"@type\":\"PropertyValueSpecification\",\"valueRequired\":true,\"valueName\":\"search_term_string\"}}],\"inLanguage\":\"ca-ES\"},{\"@type\":\"Organization\",\"@id\":\"https:\\\/\\\/www.masmallorca.es\\\/ca#organization\",\"name\":\"Revista +Mallorca\",\"alternateName\":\"M\u00e1s Mallorca\",\"url\":\"https:\\\/\\\/www.masmallorca.es\\\/ca\",\"logo\":{\"@type\":\"ImageObject\",\"inLanguage\":\"ca-ES\",\"@id\":\"https:\\\/\\\/www.masmallorca.es\\\/ca#\\\/schema\\\/logo\\\/image\\\/\",\"url\":\"https:\\\/\\\/www.masmallorca.es\\\/wp-content\\\/uploads\\\/2021\\\/04\\\/logomallorca-1.png\",\"contentUrl\":\"https:\\\/\\\/www.masmallorca.es\\\/wp-content\\\/uploads\\\/2021\\\/04\\\/logomallorca-1.png\",\"width\":326,\"height\":84,\"caption\":\"Revista +Mallorca\"},\"image\":{\"@id\":\"https:\\\/\\\/www.masmallorca.es\\\/ca#\\\/schema\\\/logo\\\/image\\\/\"},\"sameAs\":[\"https:\\\/\\\/www.facebook.com\\\/mallorcamagazine\\\/\",\"https:\\\/\\\/x.com\\\/masmallorca\"]},{\"@type\":\"Person\",\"@id\":\"https:\\\/\\\/www.masmallorca.es\\\/ca#\\\/schema\\\/person\\\/554c84e7dfd9917fdba2cace51081633\",\"name\":\"masmallorca\"}]}<\/script>\n<!-- \/ Yoast SEO plugin. -->","yoast_head_json":{"title":"Esgl\u00e9sia Nova de Son Servera, una bellesa inacabada","description":"La Esgl\u00e9sia Nova de Son Servera, d'estil neog\u00f2tic, \u00e9s obra de l'arquitecte Joan Rubi\u00f3 Bellver, destacat deixeble i col\u00b7laborador d'Antoni Gaud\u00ed","robots":{"index":"index","follow":"follow","max-snippet":"max-snippet:-1","max-image-preview":"max-image-preview:large","max-video-preview":"max-video-preview:-1"},"canonical":"https:\/\/www.masmallorca.es\/ca\/llocs-amb-encant\/esglesia-nova-de-son-servera-una-bellesa-inacabada.html","og_locale":"ca_ES","og_type":"article","og_title":"Esgl\u00e9sia Nova de Son Servera, una bellesa inacabada","og_description":"La Esgl\u00e9sia Nova de Son Servera, d'estil neog\u00f2tic, \u00e9s obra de l'arquitecte Joan Rubi\u00f3 Bellver, destacat deixeble i col\u00b7laborador d'Antoni Gaud\u00ed","og_url":"https:\/\/www.masmallorca.es\/ca\/llocs-amb-encant\/esglesia-nova-de-son-servera-una-bellesa-inacabada.html","og_site_name":"+Mallorca: la revista de Mallorca","article_publisher":"https:\/\/www.facebook.com\/mallorcamagazine\/","article_published_time":"2019-10-07T09:32:39+00:00","article_modified_time":"2019-10-07T16:02:54+00:00","og_image":[{"width":940,"height":627,"url":"https:\/\/www.masmallorca.es\/wp-content\/uploads\/2019\/10\/esglesia-nova-son-servera-1.jpg","type":"image\/jpeg"}],"author":"masmallorca","twitter_card":"summary_large_image","twitter_creator":"@masmallorca","twitter_site":"@masmallorca","twitter_misc":{"Written by":"masmallorca","Est. reading time":"2 minutes"},"schema":{"@context":"https:\/\/schema.org","@graph":[{"@type":"Article","@id":"https:\/\/www.masmallorca.es\/ca\/llocs-amb-encant\/esglesia-nova-de-son-servera-una-bellesa-inacabada.html#article","isPartOf":{"@id":"https:\/\/www.masmallorca.es\/ca\/llocs-amb-encant\/esglesia-nova-de-son-servera-una-bellesa-inacabada.html"},"author":{"name":"masmallorca","@id":"https:\/\/www.masmallorca.es\/ca#\/schema\/person\/554c84e7dfd9917fdba2cace51081633"},"headline":"Esgl\u00e9sia Nova de Son Servera, una bellesa inacabada","datePublished":"2019-10-07T09:32:39+00:00","dateModified":"2019-10-07T16:02:54+00:00","mainEntityOfPage":{"@id":"https:\/\/www.masmallorca.es\/ca\/llocs-amb-encant\/esglesia-nova-de-son-servera-una-bellesa-inacabada.html"},"wordCount":387,"publisher":{"@id":"https:\/\/www.masmallorca.es\/ca#organization"},"image":{"@id":"https:\/\/www.masmallorca.es\/ca\/llocs-amb-encant\/esglesia-nova-de-son-servera-una-bellesa-inacabada.html#primaryimage"},"thumbnailUrl":"https:\/\/www.masmallorca.es\/wp-content\/uploads\/2019\/10\/esglesia-nova-son-servera-1.jpg","articleSection":["Llocs amb encant"],"inLanguage":"ca-ES"},{"@type":"WebPage","@id":"https:\/\/www.masmallorca.es\/ca\/llocs-amb-encant\/esglesia-nova-de-son-servera-una-bellesa-inacabada.html","url":"https:\/\/www.masmallorca.es\/ca\/llocs-amb-encant\/esglesia-nova-de-son-servera-una-bellesa-inacabada.html","name":"Esgl\u00e9sia Nova de Son Servera, una bellesa inacabada","isPartOf":{"@id":"https:\/\/www.masmallorca.es\/ca#website"},"primaryImageOfPage":{"@id":"https:\/\/www.masmallorca.es\/ca\/llocs-amb-encant\/esglesia-nova-de-son-servera-una-bellesa-inacabada.html#primaryimage"},"image":{"@id":"https:\/\/www.masmallorca.es\/ca\/llocs-amb-encant\/esglesia-nova-de-son-servera-una-bellesa-inacabada.html#primaryimage"},"thumbnailUrl":"https:\/\/www.masmallorca.es\/wp-content\/uploads\/2019\/10\/esglesia-nova-son-servera-1.jpg","datePublished":"2019-10-07T09:32:39+00:00","dateModified":"2019-10-07T16:02:54+00:00","description":"La Esgl\u00e9sia Nova de Son Servera, d'estil neog\u00f2tic, \u00e9s obra de l'arquitecte Joan Rubi\u00f3 Bellver, destacat deixeble i col\u00b7laborador d'Antoni Gaud\u00ed","breadcrumb":{"@id":"https:\/\/www.masmallorca.es\/ca\/llocs-amb-encant\/esglesia-nova-de-son-servera-una-bellesa-inacabada.html#breadcrumb"},"inLanguage":"ca-ES","potentialAction":[{"@type":"ReadAction","target":["https:\/\/www.masmallorca.es\/ca\/llocs-amb-encant\/esglesia-nova-de-son-servera-una-bellesa-inacabada.html"]}]},{"@type":"ImageObject","inLanguage":"ca-ES","@id":"https:\/\/www.masmallorca.es\/ca\/llocs-amb-encant\/esglesia-nova-de-son-servera-una-bellesa-inacabada.html#primaryimage","url":"https:\/\/www.masmallorca.es\/wp-content\/uploads\/2019\/10\/esglesia-nova-son-servera-1.jpg","contentUrl":"https:\/\/www.masmallorca.es\/wp-content\/uploads\/2019\/10\/esglesia-nova-son-servera-1.jpg","width":940,"height":627,"caption":"Esgl\u00e9sia Nova de Son Servera"},{"@type":"BreadcrumbList","@id":"https:\/\/www.masmallorca.es\/ca\/llocs-amb-encant\/esglesia-nova-de-son-servera-una-bellesa-inacabada.html#breadcrumb","itemListElement":[{"@type":"ListItem","position":1,"name":"Portada","item":"https:\/\/www.masmallorca.es\/ca"},{"@type":"ListItem","position":2,"name":"Llocs amb encant","item":"https:\/\/www.masmallorca.es\/ca\/llocs-amb-encant"},{"@type":"ListItem","position":3,"name":"Esgl\u00e9sia Nova de Son Servera, una bellesa inacabada"}]},{"@type":"WebSite","@id":"https:\/\/www.masmallorca.es\/ca#website","url":"https:\/\/www.masmallorca.es\/ca","name":"+Mallorca: la revista de Mallorca","description":"Molt m\u00e9s que sol i platja..","publisher":{"@id":"https:\/\/www.masmallorca.es\/ca#organization"},"alternateName":"+Mallorca","potentialAction":[{"@type":"SearchAction","target":{"@type":"EntryPoint","urlTemplate":"https:\/\/www.masmallorca.es\/ca?s={search_term_string}"},"query-input":{"@type":"PropertyValueSpecification","valueRequired":true,"valueName":"search_term_string"}}],"inLanguage":"ca-ES"},{"@type":"Organization","@id":"https:\/\/www.masmallorca.es\/ca#organization","name":"Revista +Mallorca","alternateName":"M\u00e1s Mallorca","url":"https:\/\/www.masmallorca.es\/ca","logo":{"@type":"ImageObject","inLanguage":"ca-ES","@id":"https:\/\/www.masmallorca.es\/ca#\/schema\/logo\/image\/","url":"https:\/\/www.masmallorca.es\/wp-content\/uploads\/2021\/04\/logomallorca-1.png","contentUrl":"https:\/\/www.masmallorca.es\/wp-content\/uploads\/2021\/04\/logomallorca-1.png","width":326,"height":84,"caption":"Revista +Mallorca"},"image":{"@id":"https:\/\/www.masmallorca.es\/ca#\/schema\/logo\/image\/"},"sameAs":["https:\/\/www.facebook.com\/mallorcamagazine\/","https:\/\/x.com\/masmallorca"]},{"@type":"Person","@id":"https:\/\/www.masmallorca.es\/ca#\/schema\/person\/554c84e7dfd9917fdba2cace51081633","name":"masmallorca"}]}},"_links":{"self":[{"href":"https:\/\/www.masmallorca.es\/ca\/wp-json\/wp\/v2\/posts\/26015","targetHints":{"allow":["GET"]}}],"collection":[{"href":"https:\/\/www.masmallorca.es\/ca\/wp-json\/wp\/v2\/posts"}],"about":[{"href":"https:\/\/www.masmallorca.es\/ca\/wp-json\/wp\/v2\/types\/post"}],"author":[{"embeddable":true,"href":"https:\/\/www.masmallorca.es\/ca\/wp-json\/wp\/v2\/users\/1"}],"replies":[{"embeddable":true,"href":"https:\/\/www.masmallorca.es\/ca\/wp-json\/wp\/v2\/comments?post=26015"}],"version-history":[{"count":0,"href":"https:\/\/www.masmallorca.es\/ca\/wp-json\/wp\/v2\/posts\/26015\/revisions"}],"wp:featuredmedia":[{"embeddable":true,"href":"https:\/\/www.masmallorca.es\/ca\/wp-json\/wp\/v2\/media\/25975"}],"wp:attachment":[{"href":"https:\/\/www.masmallorca.es\/ca\/wp-json\/wp\/v2\/media?parent=26015"}],"wp:term":[{"taxonomy":"category","embeddable":true,"href":"https:\/\/www.masmallorca.es\/ca\/wp-json\/wp\/v2\/categories?post=26015"},{"taxonomy":"post_tag","embeddable":true,"href":"https:\/\/www.masmallorca.es\/ca\/wp-json\/wp\/v2\/tags?post=26015"}],"curies":[{"name":"wp","href":"https:\/\/api.w.org\/{rel}","templated":true}]}}