{"id":18817,"date":"2017-09-15T19:21:47","date_gmt":"2017-09-15T17:21:47","guid":{"rendered":"http:\/\/www.masmallorca.es\/llocs-amb-encant\/consome-de-cebolli.html"},"modified":"2017-09-15T20:00:53","modified_gmt":"2017-09-15T18:00:53","slug":"consome-de-cebolli","status":"publish","type":"post","link":"https:\/\/www.masmallorca.es\/ca\/gastronomia\/consome-de-cebolli.html","title":{"rendered":"Consom\u00e9 de ceboll\u00ed by Marcel Ress"},"content":{"rendered":"<p style=\"text-align: justify;\"><strong><img loading=\"lazy\" decoding=\"async\" class=\"alignnone wp-image-18773 size-full\" style=\"border: 0px none; margin-left: 20px; margin-right: 20px; float: right;\" title=\"Consom\u00e9 de ceboll\u00ed, per Marcel Ress\" src=\"https:\/\/www.masmallorca.es\/wp-content\/uploads\/2017\/09\/Consome-de-cebollino-1.jpg\" alt=\"Consom\u00e9 de ceboll\u00ed, per Marcel Ress\" width=\"150\" height=\"100\" \/><\/strong><\/p>\n<p style=\"text-align: justify;\">Llobarro + Juventa (Conxa fina) + consom\u00e9 de ceboll\u00ed + bolets en escabetx.<br \/>\n By Marcel Ress<\/p>\n<p style=\"text-align: justify;\"><strong>\u00a0<\/strong><\/p>\n<p><!--more--><\/p>\n<p><img loading=\"lazy\" decoding=\"async\" class=\"alignnone wp-image-18783 size-full\" style=\"float: left; margin: 20px 20px 50px 0px;\" title=\"Consom\u00e9 de ceboll\u00ed, per Marcel Ress\" src=\"https:\/\/www.masmallorca.es\/wp-content\/uploads\/2017\/09\/Consome-de-cebollino-Marcel-Ress.jpg\" alt=\"Consom\u00e9 de ceboll\u00ed, per Marcel Ress\" width=\"420\" height=\"278\" srcset=\"https:\/\/www.masmallorca.es\/wp-content\/uploads\/2017\/09\/Consome-de-cebollino-Marcel-Ress.jpg 420w, https:\/\/www.masmallorca.es\/wp-content\/uploads\/2017\/09\/Consome-de-cebollino-Marcel-Ress-300x199.jpg 300w\" sizes=\"(max-width: 420px) 100vw, 420px\" \/><\/p>\n<h2 style=\"text-align: justify;\"><strong><br \/>\n<span style=\"font-size: 12pt;\"> INGREDIENTS<\/span><\/strong><\/h2>\n<p style=\"text-align: justify;\">1 Llobarro, 8 unitats de copinya fina, Bolets de card (4 grans + 12 petites), 200 ml brou de llobarro, Noilly Prat, 1 manat de ceboll\u00ed, 1 tros de ceba tendra, Sal gruixuda, 100mg xantana, 6 taronges amargues, 100ml xarop de sucre, 5g de Pectina, 100ml vinagre de xampany, 200 ml aigua, 200g sucre, Pebre rosa, Llavors de coriandre, Fulles de llorer, An\u00eds estrellat, Ceba, All.<\/p>\n<p style=\"text-align: justify;\"><strong>Per a la guarnici\u00f3:<\/strong> Caramel de crustacis, Flors de ceboll\u00ed, Puntes de ceboll\u00ed, Flor de sal, Oli d&#8217;oliva (100% Arbequina).<\/p>\n<p>&nbsp;<\/p>\n<h2 style=\"text-align: justify;\"><span style=\"font-size: 12pt;\"><strong>BROU AGREDOL\u00c7<\/strong><\/span><\/h2>\n<p style=\"text-align: justify;\">Bolets de card, 100ml vinagre de xampany, 200 ml aigua, 200g sucre, Pebre rosa, Llavors de coriandre, Fulles de llorer, An\u00eds estrellat, Ceba, All.<\/p>\n<p style=\"text-align: justify;\"><strong>Preparaci\u00f3:<\/strong> Bullir tots els ingredients excepte els bolets de card i deixar-ho refredar. Tallar els bolets grans en rodanxes fines (amb m\u00e0quina) i cuinar al buit juntament amb el brou durant 12 hores. Despr\u00e9s confitarem els bolets de card petits en oli d&#8217;oliva, herbes fresques i all.<\/p>\n<p>&nbsp;<\/p>\n<p><strong>PER A LA GELEA DE TARONJA AMARGA<\/strong><br \/>\n 6 taronges amargues, 100ml xarop de sucre, 5g de Pectina.<\/p>\n<p style=\"text-align: justify;\"><strong>Preparaci\u00f3:<\/strong> Espr\u00e9mer les 6 taronges, escaldeu dues vegades la pell de 3 taronges. Bullir el xarop de sucre i el suc de taronja. Afegir les pells de taronges i seguir amb l&#8217;ebullici\u00f3. Afegir la pectina i escalfar a 126\u00baC. Abocar tot en un recipient i deixar-ho refredar; tallar la gelea a daus d&#8217;1 x 1 cm.<\/p>\n<p>&nbsp;<\/p>\n<p style=\"text-align: justify;\"><strong>CONSOM\u00c9 DE CEBOLL\u00cd<\/strong><br \/>\n 200ml brou de llobarro, Noilly Prat, 1 manat de ceboll\u00ed, 1 tros de ceba tendra, Flor de Sal, 100mg xantana.<\/p>\n<p style=\"text-align: justify;\"><strong>Preparaci\u00f3:<\/strong> Escalfar el brou de llobarro amb un raig d&#8217;Noilly Prat a 54\u00baC. Tallar el ceboll\u00ed i la ceba tendra i deixar-los coure en el brou durant 5 minuts.<br \/>\n <strong>Important:\u00a0<\/strong>no passar dels 54\u00baC, per no perdre el color verd dels ingredients. Barrejar el xantana amb el brou al Thermomix i colar-ho. Salpebrar i deixar-ho refredar.<\/p>\n<p style=\"text-align: justify;\">Netejar i pelar conxa fina. Escaldeu el Pak Choi i condimentar-lo amb Marsala i oli d&#8217;oliva. Col\u00b7locar el llobarro amb la pell cap avall i coure lentament. Emplateu juntament amb la guarnici\u00f3.<\/p>\n<p>Bon profit!<\/p>\n<p><img loading=\"lazy\" decoding=\"async\" class=\"alignnone wp-image-18778 size-full\" style=\"margin: 20px 20px 10px 0px; float: left;\" title=\"Consom\u00e9 de ceboll\u00ed, per Marcel Ress\" src=\"https:\/\/www.masmallorca.es\/wp-content\/uploads\/2017\/09\/Consome-de-cebollino-3.jpg\" alt=\"Consom\u00e9 de ceboll\u00ed, per Marcel Ress\" width=\"940\" height=\"627\" srcset=\"https:\/\/www.masmallorca.es\/wp-content\/uploads\/2017\/09\/Consome-de-cebollino-3.jpg 940w, https:\/\/www.masmallorca.es\/wp-content\/uploads\/2017\/09\/Consome-de-cebollino-3-300x200.jpg 300w, https:\/\/www.masmallorca.es\/wp-content\/uploads\/2017\/09\/Consome-de-cebollino-3-768x512.jpg 768w\" sizes=\"(max-width: 940px) 100vw, 940px\" \/><\/p>\n<p style=\"text-align: justify;\">\u00a0<\/p>\n","protected":false},"excerpt":{"rendered":"<p>Llobarro + Juventa (Conxa fina) + consom\u00e9 de ceboll\u00ed + bolets en escabetx. By Marcel Ress \u00a0<\/p>\n","protected":false},"author":1,"featured_media":18779,"comment_status":"closed","ping_status":"closed","sticky":false,"template":"","format":"standard","meta":{"_et_pb_use_builder":"","_et_pb_old_content":"","_et_gb_content_width":"","footnotes":""},"categories":[29],"tags":[],"class_list":["post-18817","post","type-post","status-publish","format-standard","has-post-thumbnail","hentry","category-gastronomia","et-has-post-format-content","et_post_format-et-post-format-standard"],"yoast_head":"<!-- This site is optimized with the Yoast SEO plugin v27.4 - https:\/\/yoast.com\/product\/yoast-seo-wordpress\/ -->\n<title>Consom\u00e9 de ceboll\u00ed by Marcel Ress | +Mallorca: la revista de Mallorca<\/title>\n<meta name=\"description\" content=\"+Mallorca, Gastronomia: Consom\u00e9 de ceboll\u00ed. Llobarro + Juventa (Conxa fina) + consom\u00e9 de ceboll\u00ed + bolets en escabetx. By Marcel Ress.\" \/>\n<meta name=\"robots\" content=\"index, follow, max-snippet:-1, max-image-preview:large, max-video-preview:-1\" \/>\n<link rel=\"canonical\" href=\"https:\/\/www.masmallorca.es\/ca\/gastronomia\/consome-de-cebolli.html\" \/>\n<meta property=\"og:locale\" content=\"ca_ES\" \/>\n<meta property=\"og:type\" content=\"article\" \/>\n<meta property=\"og:title\" content=\"Consom\u00e9 de ceboll\u00ed by Marcel Ress | +Mallorca: la revista de Mallorca\" \/>\n<meta property=\"og:description\" content=\"+Mallorca, Gastronomia: Consom\u00e9 de ceboll\u00ed. Llobarro + Juventa (Conxa fina) + consom\u00e9 de ceboll\u00ed + bolets en escabetx. By Marcel Ress.\" \/>\n<meta property=\"og:url\" content=\"https:\/\/www.masmallorca.es\/ca\/gastronomia\/consome-de-cebolli.html\" \/>\n<meta property=\"og:site_name\" content=\"+Mallorca: la revista de Mallorca\" \/>\n<meta property=\"article:publisher\" content=\"https:\/\/www.facebook.com\/mallorcamagazine\/\" \/>\n<meta property=\"article:published_time\" content=\"2017-09-15T17:21:47+00:00\" \/>\n<meta property=\"article:modified_time\" content=\"2017-09-15T18:00:53+00:00\" \/>\n<meta property=\"og:image\" content=\"https:\/\/www.masmallorca.es\/wp-content\/uploads\/2017\/09\/Consome-de-cebollino-3.jpg\" \/>\n\t<meta property=\"og:image:width\" content=\"940\" \/>\n\t<meta property=\"og:image:height\" content=\"627\" \/>\n\t<meta property=\"og:image:type\" content=\"image\/jpeg\" \/>\n<meta name=\"author\" content=\"masmallorca\" \/>\n<meta name=\"twitter:card\" content=\"summary_large_image\" \/>\n<meta name=\"twitter:creator\" content=\"@masmallorca\" \/>\n<meta name=\"twitter:site\" content=\"@masmallorca\" \/>\n<meta name=\"twitter:label1\" content=\"Written by\" \/>\n\t<meta name=\"twitter:data1\" content=\"masmallorca\" \/>\n\t<meta name=\"twitter:label2\" content=\"Est. reading time\" \/>\n\t<meta name=\"twitter:data2\" content=\"2 minutes\" \/>\n<script type=\"application\/ld+json\" class=\"yoast-schema-graph\">{\"@context\":\"https:\\\/\\\/schema.org\",\"@graph\":[{\"@type\":\"Article\",\"@id\":\"https:\\\/\\\/www.masmallorca.es\\\/ca\\\/gastronomia\\\/consome-de-cebolli.html#article\",\"isPartOf\":{\"@id\":\"https:\\\/\\\/www.masmallorca.es\\\/ca\\\/gastronomia\\\/consome-de-cebolli.html\"},\"author\":{\"name\":\"masmallorca\",\"@id\":\"https:\\\/\\\/www.masmallorca.es\\\/ca#\\\/schema\\\/person\\\/554c84e7dfd9917fdba2cace51081633\"},\"headline\":\"Consom\u00e9 de ceboll\u00ed by Marcel Ress\",\"datePublished\":\"2017-09-15T17:21:47+00:00\",\"dateModified\":\"2017-09-15T18:00:53+00:00\",\"mainEntityOfPage\":{\"@id\":\"https:\\\/\\\/www.masmallorca.es\\\/ca\\\/gastronomia\\\/consome-de-cebolli.html\"},\"wordCount\":359,\"publisher\":{\"@id\":\"https:\\\/\\\/www.masmallorca.es\\\/ca#organization\"},\"image\":{\"@id\":\"https:\\\/\\\/www.masmallorca.es\\\/ca\\\/gastronomia\\\/consome-de-cebolli.html#primaryimage\"},\"thumbnailUrl\":\"https:\\\/\\\/www.masmallorca.es\\\/wp-content\\\/uploads\\\/2017\\\/09\\\/Consome-de-cebollino-3.jpg\",\"articleSection\":[\"Gastronomia\"],\"inLanguage\":\"ca-ES\"},{\"@type\":\"WebPage\",\"@id\":\"https:\\\/\\\/www.masmallorca.es\\\/ca\\\/gastronomia\\\/consome-de-cebolli.html\",\"url\":\"https:\\\/\\\/www.masmallorca.es\\\/ca\\\/gastronomia\\\/consome-de-cebolli.html\",\"name\":\"Consom\u00e9 de ceboll\u00ed by Marcel Ress | +Mallorca: la revista de Mallorca\",\"isPartOf\":{\"@id\":\"https:\\\/\\\/www.masmallorca.es\\\/ca#website\"},\"primaryImageOfPage\":{\"@id\":\"https:\\\/\\\/www.masmallorca.es\\\/ca\\\/gastronomia\\\/consome-de-cebolli.html#primaryimage\"},\"image\":{\"@id\":\"https:\\\/\\\/www.masmallorca.es\\\/ca\\\/gastronomia\\\/consome-de-cebolli.html#primaryimage\"},\"thumbnailUrl\":\"https:\\\/\\\/www.masmallorca.es\\\/wp-content\\\/uploads\\\/2017\\\/09\\\/Consome-de-cebollino-3.jpg\",\"datePublished\":\"2017-09-15T17:21:47+00:00\",\"dateModified\":\"2017-09-15T18:00:53+00:00\",\"description\":\"+Mallorca, Gastronomia: Consom\u00e9 de ceboll\u00ed. Llobarro + Juventa (Conxa fina) + consom\u00e9 de ceboll\u00ed + bolets en escabetx. By Marcel Ress.\",\"breadcrumb\":{\"@id\":\"https:\\\/\\\/www.masmallorca.es\\\/ca\\\/gastronomia\\\/consome-de-cebolli.html#breadcrumb\"},\"inLanguage\":\"ca-ES\",\"potentialAction\":[{\"@type\":\"ReadAction\",\"target\":[\"https:\\\/\\\/www.masmallorca.es\\\/ca\\\/gastronomia\\\/consome-de-cebolli.html\"]}]},{\"@type\":\"ImageObject\",\"inLanguage\":\"ca-ES\",\"@id\":\"https:\\\/\\\/www.masmallorca.es\\\/ca\\\/gastronomia\\\/consome-de-cebolli.html#primaryimage\",\"url\":\"https:\\\/\\\/www.masmallorca.es\\\/wp-content\\\/uploads\\\/2017\\\/09\\\/Consome-de-cebollino-3.jpg\",\"contentUrl\":\"https:\\\/\\\/www.masmallorca.es\\\/wp-content\\\/uploads\\\/2017\\\/09\\\/Consome-de-cebollino-3.jpg\",\"width\":940,\"height\":627},{\"@type\":\"BreadcrumbList\",\"@id\":\"https:\\\/\\\/www.masmallorca.es\\\/ca\\\/gastronomia\\\/consome-de-cebolli.html#breadcrumb\",\"itemListElement\":[{\"@type\":\"ListItem\",\"position\":1,\"name\":\"Portada\",\"item\":\"https:\\\/\\\/www.masmallorca.es\\\/ca\"},{\"@type\":\"ListItem\",\"position\":2,\"name\":\"Gastronomia\",\"item\":\"https:\\\/\\\/www.masmallorca.es\\\/ca\\\/gastronomia\"},{\"@type\":\"ListItem\",\"position\":3,\"name\":\"Consom\u00e9 de ceboll\u00ed by Marcel Ress\"}]},{\"@type\":\"WebSite\",\"@id\":\"https:\\\/\\\/www.masmallorca.es\\\/ca#website\",\"url\":\"https:\\\/\\\/www.masmallorca.es\\\/ca\",\"name\":\"+Mallorca: la revista de Mallorca\",\"description\":\"Molt m\u00e9s que sol i platja..\",\"publisher\":{\"@id\":\"https:\\\/\\\/www.masmallorca.es\\\/ca#organization\"},\"alternateName\":\"+Mallorca\",\"potentialAction\":[{\"@type\":\"SearchAction\",\"target\":{\"@type\":\"EntryPoint\",\"urlTemplate\":\"https:\\\/\\\/www.masmallorca.es\\\/ca?s={search_term_string}\"},\"query-input\":{\"@type\":\"PropertyValueSpecification\",\"valueRequired\":true,\"valueName\":\"search_term_string\"}}],\"inLanguage\":\"ca-ES\"},{\"@type\":\"Organization\",\"@id\":\"https:\\\/\\\/www.masmallorca.es\\\/ca#organization\",\"name\":\"Revista +Mallorca\",\"alternateName\":\"M\u00e1s Mallorca\",\"url\":\"https:\\\/\\\/www.masmallorca.es\\\/ca\",\"logo\":{\"@type\":\"ImageObject\",\"inLanguage\":\"ca-ES\",\"@id\":\"https:\\\/\\\/www.masmallorca.es\\\/ca#\\\/schema\\\/logo\\\/image\\\/\",\"url\":\"https:\\\/\\\/www.masmallorca.es\\\/wp-content\\\/uploads\\\/2021\\\/04\\\/logomallorca-1.png\",\"contentUrl\":\"https:\\\/\\\/www.masmallorca.es\\\/wp-content\\\/uploads\\\/2021\\\/04\\\/logomallorca-1.png\",\"width\":326,\"height\":84,\"caption\":\"Revista +Mallorca\"},\"image\":{\"@id\":\"https:\\\/\\\/www.masmallorca.es\\\/ca#\\\/schema\\\/logo\\\/image\\\/\"},\"sameAs\":[\"https:\\\/\\\/www.facebook.com\\\/mallorcamagazine\\\/\",\"https:\\\/\\\/x.com\\\/masmallorca\"]},{\"@type\":\"Person\",\"@id\":\"https:\\\/\\\/www.masmallorca.es\\\/ca#\\\/schema\\\/person\\\/554c84e7dfd9917fdba2cace51081633\",\"name\":\"masmallorca\"}]}<\/script>\n<!-- \/ Yoast SEO plugin. -->","yoast_head_json":{"title":"Consom\u00e9 de ceboll\u00ed by Marcel Ress | +Mallorca: la revista de Mallorca","description":"+Mallorca, Gastronomia: Consom\u00e9 de ceboll\u00ed. Llobarro + Juventa (Conxa fina) + consom\u00e9 de ceboll\u00ed + bolets en escabetx. By Marcel Ress.","robots":{"index":"index","follow":"follow","max-snippet":"max-snippet:-1","max-image-preview":"max-image-preview:large","max-video-preview":"max-video-preview:-1"},"canonical":"https:\/\/www.masmallorca.es\/ca\/gastronomia\/consome-de-cebolli.html","og_locale":"ca_ES","og_type":"article","og_title":"Consom\u00e9 de ceboll\u00ed by Marcel Ress | +Mallorca: la revista de Mallorca","og_description":"+Mallorca, Gastronomia: Consom\u00e9 de ceboll\u00ed. Llobarro + Juventa (Conxa fina) + consom\u00e9 de ceboll\u00ed + bolets en escabetx. By Marcel Ress.","og_url":"https:\/\/www.masmallorca.es\/ca\/gastronomia\/consome-de-cebolli.html","og_site_name":"+Mallorca: la revista de Mallorca","article_publisher":"https:\/\/www.facebook.com\/mallorcamagazine\/","article_published_time":"2017-09-15T17:21:47+00:00","article_modified_time":"2017-09-15T18:00:53+00:00","og_image":[{"width":940,"height":627,"url":"https:\/\/www.masmallorca.es\/wp-content\/uploads\/2017\/09\/Consome-de-cebollino-3.jpg","type":"image\/jpeg"}],"author":"masmallorca","twitter_card":"summary_large_image","twitter_creator":"@masmallorca","twitter_site":"@masmallorca","twitter_misc":{"Written by":"masmallorca","Est. reading time":"2 minutes"},"schema":{"@context":"https:\/\/schema.org","@graph":[{"@type":"Article","@id":"https:\/\/www.masmallorca.es\/ca\/gastronomia\/consome-de-cebolli.html#article","isPartOf":{"@id":"https:\/\/www.masmallorca.es\/ca\/gastronomia\/consome-de-cebolli.html"},"author":{"name":"masmallorca","@id":"https:\/\/www.masmallorca.es\/ca#\/schema\/person\/554c84e7dfd9917fdba2cace51081633"},"headline":"Consom\u00e9 de ceboll\u00ed by Marcel Ress","datePublished":"2017-09-15T17:21:47+00:00","dateModified":"2017-09-15T18:00:53+00:00","mainEntityOfPage":{"@id":"https:\/\/www.masmallorca.es\/ca\/gastronomia\/consome-de-cebolli.html"},"wordCount":359,"publisher":{"@id":"https:\/\/www.masmallorca.es\/ca#organization"},"image":{"@id":"https:\/\/www.masmallorca.es\/ca\/gastronomia\/consome-de-cebolli.html#primaryimage"},"thumbnailUrl":"https:\/\/www.masmallorca.es\/wp-content\/uploads\/2017\/09\/Consome-de-cebollino-3.jpg","articleSection":["Gastronomia"],"inLanguage":"ca-ES"},{"@type":"WebPage","@id":"https:\/\/www.masmallorca.es\/ca\/gastronomia\/consome-de-cebolli.html","url":"https:\/\/www.masmallorca.es\/ca\/gastronomia\/consome-de-cebolli.html","name":"Consom\u00e9 de ceboll\u00ed by Marcel Ress | +Mallorca: la revista de Mallorca","isPartOf":{"@id":"https:\/\/www.masmallorca.es\/ca#website"},"primaryImageOfPage":{"@id":"https:\/\/www.masmallorca.es\/ca\/gastronomia\/consome-de-cebolli.html#primaryimage"},"image":{"@id":"https:\/\/www.masmallorca.es\/ca\/gastronomia\/consome-de-cebolli.html#primaryimage"},"thumbnailUrl":"https:\/\/www.masmallorca.es\/wp-content\/uploads\/2017\/09\/Consome-de-cebollino-3.jpg","datePublished":"2017-09-15T17:21:47+00:00","dateModified":"2017-09-15T18:00:53+00:00","description":"+Mallorca, Gastronomia: Consom\u00e9 de ceboll\u00ed. Llobarro + Juventa (Conxa fina) + consom\u00e9 de ceboll\u00ed + bolets en escabetx. By Marcel Ress.","breadcrumb":{"@id":"https:\/\/www.masmallorca.es\/ca\/gastronomia\/consome-de-cebolli.html#breadcrumb"},"inLanguage":"ca-ES","potentialAction":[{"@type":"ReadAction","target":["https:\/\/www.masmallorca.es\/ca\/gastronomia\/consome-de-cebolli.html"]}]},{"@type":"ImageObject","inLanguage":"ca-ES","@id":"https:\/\/www.masmallorca.es\/ca\/gastronomia\/consome-de-cebolli.html#primaryimage","url":"https:\/\/www.masmallorca.es\/wp-content\/uploads\/2017\/09\/Consome-de-cebollino-3.jpg","contentUrl":"https:\/\/www.masmallorca.es\/wp-content\/uploads\/2017\/09\/Consome-de-cebollino-3.jpg","width":940,"height":627},{"@type":"BreadcrumbList","@id":"https:\/\/www.masmallorca.es\/ca\/gastronomia\/consome-de-cebolli.html#breadcrumb","itemListElement":[{"@type":"ListItem","position":1,"name":"Portada","item":"https:\/\/www.masmallorca.es\/ca"},{"@type":"ListItem","position":2,"name":"Gastronomia","item":"https:\/\/www.masmallorca.es\/ca\/gastronomia"},{"@type":"ListItem","position":3,"name":"Consom\u00e9 de ceboll\u00ed by Marcel Ress"}]},{"@type":"WebSite","@id":"https:\/\/www.masmallorca.es\/ca#website","url":"https:\/\/www.masmallorca.es\/ca","name":"+Mallorca: la revista de Mallorca","description":"Molt m\u00e9s que sol i platja..","publisher":{"@id":"https:\/\/www.masmallorca.es\/ca#organization"},"alternateName":"+Mallorca","potentialAction":[{"@type":"SearchAction","target":{"@type":"EntryPoint","urlTemplate":"https:\/\/www.masmallorca.es\/ca?s={search_term_string}"},"query-input":{"@type":"PropertyValueSpecification","valueRequired":true,"valueName":"search_term_string"}}],"inLanguage":"ca-ES"},{"@type":"Organization","@id":"https:\/\/www.masmallorca.es\/ca#organization","name":"Revista +Mallorca","alternateName":"M\u00e1s Mallorca","url":"https:\/\/www.masmallorca.es\/ca","logo":{"@type":"ImageObject","inLanguage":"ca-ES","@id":"https:\/\/www.masmallorca.es\/ca#\/schema\/logo\/image\/","url":"https:\/\/www.masmallorca.es\/wp-content\/uploads\/2021\/04\/logomallorca-1.png","contentUrl":"https:\/\/www.masmallorca.es\/wp-content\/uploads\/2021\/04\/logomallorca-1.png","width":326,"height":84,"caption":"Revista +Mallorca"},"image":{"@id":"https:\/\/www.masmallorca.es\/ca#\/schema\/logo\/image\/"},"sameAs":["https:\/\/www.facebook.com\/mallorcamagazine\/","https:\/\/x.com\/masmallorca"]},{"@type":"Person","@id":"https:\/\/www.masmallorca.es\/ca#\/schema\/person\/554c84e7dfd9917fdba2cace51081633","name":"masmallorca"}]}},"_links":{"self":[{"href":"https:\/\/www.masmallorca.es\/ca\/wp-json\/wp\/v2\/posts\/18817","targetHints":{"allow":["GET"]}}],"collection":[{"href":"https:\/\/www.masmallorca.es\/ca\/wp-json\/wp\/v2\/posts"}],"about":[{"href":"https:\/\/www.masmallorca.es\/ca\/wp-json\/wp\/v2\/types\/post"}],"author":[{"embeddable":true,"href":"https:\/\/www.masmallorca.es\/ca\/wp-json\/wp\/v2\/users\/1"}],"replies":[{"embeddable":true,"href":"https:\/\/www.masmallorca.es\/ca\/wp-json\/wp\/v2\/comments?post=18817"}],"version-history":[{"count":0,"href":"https:\/\/www.masmallorca.es\/ca\/wp-json\/wp\/v2\/posts\/18817\/revisions"}],"wp:featuredmedia":[{"embeddable":true,"href":"https:\/\/www.masmallorca.es\/ca\/wp-json\/wp\/v2\/media\/18779"}],"wp:attachment":[{"href":"https:\/\/www.masmallorca.es\/ca\/wp-json\/wp\/v2\/media?parent=18817"}],"wp:term":[{"taxonomy":"category","embeddable":true,"href":"https:\/\/www.masmallorca.es\/ca\/wp-json\/wp\/v2\/categories?post=18817"},{"taxonomy":"post_tag","embeddable":true,"href":"https:\/\/www.masmallorca.es\/ca\/wp-json\/wp\/v2\/tags?post=18817"}],"curies":[{"name":"wp","href":"https:\/\/api.w.org\/{rel}","templated":true}]}}