{"id":15244,"date":"2017-02-03T17:58:49","date_gmt":"2017-02-03T16:58:49","guid":{"rendered":""},"modified":"2019-06-21T11:16:23","modified_gmt":"2019-06-21T09:16:23","slug":"lesglesia-de-cristall-porcincula","status":"publish","type":"post","link":"https:\/\/www.masmallorca.es\/ca\/cultura\/lesglesia-de-cristall-porcincula.html","title":{"rendered":"L&#8217;Esgl\u00e9sia de Cristall, Porci\u00fancula"},"content":{"rendered":"<p style=\"text-align: justify;\"><img loading=\"lazy\" decoding=\"async\" class=\"alignright wp-image-15197 size-full\" style=\"border: 0px none; margin: 0px 20px; float: right;\" title=\"L'Esgl\u00e9sia de Cristall, Porci\u00fancula\" src=\"https:\/\/www.masmallorca.es\/wp-content\/uploads\/2017\/02\/iglesia-de-cristal-la-Porciuncula-cupula-mallorca-.jpg\" alt=\"L'Esgl\u00e9sia de Cristall, Porci\u00fancula\" width=\"150\" height=\"111\" \/>La popularment coneguda amb l&#8217;\u00e0lies d<strong>&#8216;Esgl\u00e9sia de Cristall<\/strong> \u00e9s en realitat l&#8217;Esgl\u00e9sia de la Mare de D\u00e9u dels \u00c0ngels, la construcci\u00f3 va ser iniciada en 1964 sota la direcci\u00f3 de l&#8217;arquitecte mallorqu\u00ed <strong>Josep Ferragut<\/strong>. L&#8217;Esgl\u00e9sia va ser inaugurada quatre anys m\u00e9s tard, en 1968, coincidint amb la defunci\u00f3 del seu projectista.<\/p>\n<p><!--more--><\/p>\n<p style=\"text-align: justify;\">\n<p style=\"text-align: justify;\"><img loading=\"lazy\" decoding=\"async\" class=\"alignnone wp-image-15202 size-full\" style=\"border: 0px none; margin: 0px auto; display: block;\" title=\"L'Esgl\u00e9sia de Cristall, Porci\u00fancula\" src=\"https:\/\/www.masmallorca.es\/wp-content\/uploads\/2017\/02\/iglesia-de-cristal-la-Porciuncula-mallorca.jpg\" alt=\"L'Esgl\u00e9sia de Cristall, Porci\u00fancula\" width=\"540\" height=\"400\" srcset=\"https:\/\/www.masmallorca.es\/wp-content\/uploads\/2017\/02\/iglesia-de-cristal-la-Porciuncula-mallorca.jpg 540w, https:\/\/www.masmallorca.es\/wp-content\/uploads\/2017\/02\/iglesia-de-cristal-la-Porciuncula-mallorca-300x222.jpg 300w\" sizes=\"(max-width: 540px) 100vw, 540px\" \/><br \/>\nEs tracta d&#8217;una obra la bellesa de la qual enlluerna, al\u00e7ada sobre nervadures de formig\u00f3 i ferro que ajuden a sostenir <strong>39 vitralls<\/strong> que, en substituir el mur vesteixen l&#8217;edifici amb un aura m\u00edstica que ajuda al visitant a connectar amb el seu pensament. Aquests vitralls, dissenyats per Juan Bautista Castro, reflecteixen els principis de naturalesa i cosmos que caracteritzen el pensament de l&#8217;ordre franciscana. Aquestes imatges estan, al seu torn, combinades tant amb escenes b\u00edbliques com amb representacions de la vida de Sant Francisco.<\/p>\n<p><img loading=\"lazy\" decoding=\"async\" class=\"alignnone wp-image-15207 size-full\" style=\"border: 0px none; margin: 0px auto; display: block;\" title=\"L'Esgl\u00e9sia de Cristall, Porci\u00fancula\" src=\"https:\/\/www.masmallorca.es\/wp-content\/uploads\/2017\/02\/iglesia-de-cristal-la-Porciuncula-interior-mallorca.jpg\" alt=\"L'Esgl\u00e9sia de Cristall, Porci\u00fancula\" width=\"540\" height=\"228\" srcset=\"https:\/\/www.masmallorca.es\/wp-content\/uploads\/2017\/02\/iglesia-de-cristal-la-Porciuncula-interior-mallorca.jpg 540w, https:\/\/www.masmallorca.es\/wp-content\/uploads\/2017\/02\/iglesia-de-cristal-la-Porciuncula-interior-mallorca-300x127.jpg 300w\" sizes=\"(max-width: 540px) 100vw, 540px\" \/><\/p>\n<p style=\"text-align: justify;\">No obstant aix\u00f2, cal destacar el contrast existent entre l&#8217;interior i l&#8217;exterior de l&#8217;esgl\u00e9sia, un contrast que sol cridar l&#8217;atenci\u00f3 del visitant perqu\u00e8 des de l&#8217;exterior no s&#8217;aprecia l&#8217;<strong>atmosfera interior creada a partir d&#8217;un joc de llums i de colors<\/strong>. La vista exterior de l&#8217;esgl\u00e9sia, proporciona una idea err\u00f2nia del tipus de construcci\u00f3, ja que fa l&#8217;efecte de ser una esgl\u00e9sia tipol\u00f2gicament m\u00e9s tradicional, en la qual el formig\u00f3 t\u00e9 primacia. Per\u00f2, \u00e9s precisament aquest joc el que, en part, fa provocar una major impressi\u00f3 en l&#8217;espectador en entrar a l&#8217;esgl\u00e9sia.<\/p>\n<p style=\"text-align: justify;\">Finalment, especificar que el visitant pot trobar aquesta esgl\u00e9sia accedint al recinte de la Porci\u00fancula, situat a<a title=\"La Porci\u00fancula, El Arenal. Palma, Mallorca\" href=\"https:\/\/www.google.es\/maps\/dir\/''\/porci%C3%BAncula+google\/@39.5194185,2.6803711,12z\/data=!3m1!4b1!4m8!4m7!1m0!1m5!1m1!1s0x129796688aa44909:0x6c3c71a2fe1d3f3f!2m2!1d2.7504111!2d39.5194395\" target=\"_blank\" rel=\"noopener noreferrer\"> s&#8217;Arenal,<\/a> on disposa d&#8217;aparcament. S&#8217;ha d&#8217;adquirir una entrada en la recepci\u00f3 del Museu, la qual permet tamb\u00e9 la visita del Museu, amb excepcionals peces, i a una petita exposici\u00f3 en la qual l&#8217;espectador viatja a trav\u00e9s de la transformaci\u00f3 que va suposar l&#8217;inici del turisme a la illa. A m\u00e9s, el visitant podr\u00e0 visitar cinc espais m\u00e9s de l&#8217;illa amb aquesta mateixa entrada, entre els quals es troba el <a title=\"Santuari de Cura\" href=\"https:\/\/www.masmallorca.es\/ca\/mallorca\/excursiones\/cura-2.html\" target=\"_blank\" rel=\"noopener noreferrer\">Santuari de Cura<\/a> o el Monestir de la Real.<br title=\"La Porci\u00fancula, El Arenal. Palma, Mallorca\" \/><\/p>\n<p><img loading=\"lazy\" decoding=\"async\" class=\"alignnone wp-image-15234 size-full\" style=\"border: 0px none; margin: 0px auto; display: block;\" title=\"L'Esgl\u00e9sia de Cristall, Porci\u00fancula\" src=\"https:\/\/www.masmallorca.es\/wp-content\/uploads\/2017\/02\/iglesia-de-cristal-la-Porciuncula-cupula-mallorca.jpg\" alt=\"L'Esgl\u00e9sia de Cristall, Porci\u00fancula\" width=\"540\" height=\"400\" srcset=\"https:\/\/www.masmallorca.es\/wp-content\/uploads\/2017\/02\/iglesia-de-cristal-la-Porciuncula-cupula-mallorca.jpg 540w, https:\/\/www.masmallorca.es\/wp-content\/uploads\/2017\/02\/iglesia-de-cristal-la-Porciuncula-cupula-mallorca-300x222.jpg 300w\" sizes=\"(max-width: 540px) 100vw, 540px\" \/><br \/>\n<img loading=\"lazy\" decoding=\"async\" class=\"alignnone wp-image-15239 size-full\" style=\"border: 0px none; margin: 0px auto; display: block;\" title=\"L'Esgl\u00e9sia de Cristall, Porci\u00fancula\" src=\"https:\/\/www.masmallorca.es\/wp-content\/uploads\/2017\/02\/iglesia-de-cristal-la-Porciuncula-cupula-mallorca-2.jpg\" alt=\"L'Esgl\u00e9sia de Cristall, Porci\u00fancula\" width=\"540\" height=\"400\" srcset=\"https:\/\/www.masmallorca.es\/wp-content\/uploads\/2017\/02\/iglesia-de-cristal-la-Porciuncula-cupula-mallorca-2.jpg 540w, https:\/\/www.masmallorca.es\/wp-content\/uploads\/2017\/02\/iglesia-de-cristal-la-Porciuncula-cupula-mallorca-2-300x222.jpg 300w\" sizes=\"(max-width: 540px) 100vw, 540px\" \/><\/p>\n","protected":false},"excerpt":{"rendered":"<p>La popularment coneguda amb l&#8217;\u00e0lies d&#8216;Esgl\u00e9sia de Cristall \u00e9s en realitat l&#8217;Esgl\u00e9sia de la Mare de D\u00e9u dels \u00c0ngels, la construcci\u00f3 va ser iniciada en 1964 sota la direcci\u00f3 de l&#8217;arquitecte mallorqu\u00ed Josep Ferragut. L&#8217;Esgl\u00e9sia va ser inaugurada quatre anys m\u00e9s tard, en 1968, coincidint amb la defunci\u00f3 del seu projectista.<\/p>\n","protected":false},"author":1,"featured_media":15246,"comment_status":"closed","ping_status":"closed","sticky":false,"template":"","format":"standard","meta":{"_et_pb_use_builder":"","_et_pb_old_content":"","_et_gb_content_width":"","footnotes":""},"categories":[19],"tags":[],"class_list":["post-15244","post","type-post","status-publish","format-standard","has-post-thumbnail","hentry","category-cultura","et-has-post-format-content","et_post_format-et-post-format-standard"],"yoast_head":"<!-- This site is optimized with the Yoast SEO plugin v27.4 - https:\/\/yoast.com\/product\/yoast-seo-wordpress\/ -->\n<title>L&#039;Esgl\u00e9sia de Cristall, Porci\u00fancula | +Mallorca: la revista de Mallorca<\/title>\n<meta name=\"description\" content=\"La popularment coneguda Esgl\u00e9sia de Cristall \u00e9s en realitat l&#039;Esgl\u00e9sia de la Mare de D\u00e9u dels \u00c0ngels. Recinte de la Porci\u00fancula, situat a s&#039;Arenal.\" \/>\n<meta name=\"robots\" content=\"index, follow, max-snippet:-1, max-image-preview:large, max-video-preview:-1\" \/>\n<link rel=\"canonical\" href=\"https:\/\/www.masmallorca.es\/ca\/cultura\/lesglesia-de-cristall-porcincula.html\" \/>\n<meta property=\"og:locale\" content=\"ca_ES\" \/>\n<meta property=\"og:type\" content=\"article\" \/>\n<meta property=\"og:title\" content=\"L&#039;Esgl\u00e9sia de Cristall, Porci\u00fancula | +Mallorca: la revista de Mallorca\" \/>\n<meta property=\"og:description\" content=\"La popularment coneguda Esgl\u00e9sia de Cristall \u00e9s en realitat l&#039;Esgl\u00e9sia de la Mare de D\u00e9u dels \u00c0ngels. Recinte de la Porci\u00fancula, situat a s&#039;Arenal.\" \/>\n<meta property=\"og:url\" content=\"https:\/\/www.masmallorca.es\/ca\/cultura\/lesglesia-de-cristall-porcincula.html\" \/>\n<meta property=\"og:site_name\" content=\"+Mallorca: la revista de Mallorca\" \/>\n<meta property=\"article:publisher\" content=\"https:\/\/www.facebook.com\/mallorcamagazine\/\" \/>\n<meta property=\"article:published_time\" content=\"2017-02-03T16:58:49+00:00\" \/>\n<meta property=\"article:modified_time\" content=\"2019-06-21T09:16:23+00:00\" \/>\n<meta property=\"og:image\" content=\"https:\/\/www.masmallorca.es\/wp-content\/uploads\/2017\/02\/iglesia-de-cristal-la-Porciuncula-cupula-mallorca.jpg\" \/>\n\t<meta property=\"og:image:width\" content=\"540\" \/>\n\t<meta property=\"og:image:height\" content=\"400\" \/>\n\t<meta property=\"og:image:type\" content=\"image\/jpeg\" \/>\n<meta name=\"author\" content=\"masmallorca\" \/>\n<meta name=\"twitter:card\" content=\"summary_large_image\" \/>\n<meta name=\"twitter:creator\" content=\"@masmallorca\" \/>\n<meta name=\"twitter:site\" content=\"@masmallorca\" \/>\n<meta name=\"twitter:label1\" content=\"Written by\" \/>\n\t<meta name=\"twitter:data1\" content=\"masmallorca\" \/>\n\t<meta name=\"twitter:label2\" content=\"Est. reading time\" \/>\n\t<meta name=\"twitter:data2\" content=\"2 minutes\" \/>\n<script type=\"application\/ld+json\" class=\"yoast-schema-graph\">{\"@context\":\"https:\\\/\\\/schema.org\",\"@graph\":[{\"@type\":\"Article\",\"@id\":\"https:\\\/\\\/www.masmallorca.es\\\/ca\\\/cultura\\\/lesglesia-de-cristall-porcincula.html#article\",\"isPartOf\":{\"@id\":\"https:\\\/\\\/www.masmallorca.es\\\/ca\\\/cultura\\\/lesglesia-de-cristall-porcincula.html\"},\"author\":{\"name\":\"masmallorca\",\"@id\":\"https:\\\/\\\/www.masmallorca.es\\\/ca#\\\/schema\\\/person\\\/554c84e7dfd9917fdba2cace51081633\"},\"headline\":\"L&#8217;Esgl\u00e9sia de Cristall, Porci\u00fancula\",\"datePublished\":\"2017-02-03T16:58:49+00:00\",\"dateModified\":\"2019-06-21T09:16:23+00:00\",\"mainEntityOfPage\":{\"@id\":\"https:\\\/\\\/www.masmallorca.es\\\/ca\\\/cultura\\\/lesglesia-de-cristall-porcincula.html\"},\"wordCount\":373,\"publisher\":{\"@id\":\"https:\\\/\\\/www.masmallorca.es\\\/ca#organization\"},\"image\":{\"@id\":\"https:\\\/\\\/www.masmallorca.es\\\/ca\\\/cultura\\\/lesglesia-de-cristall-porcincula.html#primaryimage\"},\"thumbnailUrl\":\"https:\\\/\\\/www.masmallorca.es\\\/wp-content\\\/uploads\\\/2017\\\/02\\\/iglesia-de-cristal-la-Porciuncula-cupula-mallorca.jpg\",\"articleSection\":[\"Cultura de Mallorca\"],\"inLanguage\":\"ca-ES\"},{\"@type\":\"WebPage\",\"@id\":\"https:\\\/\\\/www.masmallorca.es\\\/ca\\\/cultura\\\/lesglesia-de-cristall-porcincula.html\",\"url\":\"https:\\\/\\\/www.masmallorca.es\\\/ca\\\/cultura\\\/lesglesia-de-cristall-porcincula.html\",\"name\":\"L'Esgl\u00e9sia de Cristall, Porci\u00fancula | +Mallorca: la revista de Mallorca\",\"isPartOf\":{\"@id\":\"https:\\\/\\\/www.masmallorca.es\\\/ca#website\"},\"primaryImageOfPage\":{\"@id\":\"https:\\\/\\\/www.masmallorca.es\\\/ca\\\/cultura\\\/lesglesia-de-cristall-porcincula.html#primaryimage\"},\"image\":{\"@id\":\"https:\\\/\\\/www.masmallorca.es\\\/ca\\\/cultura\\\/lesglesia-de-cristall-porcincula.html#primaryimage\"},\"thumbnailUrl\":\"https:\\\/\\\/www.masmallorca.es\\\/wp-content\\\/uploads\\\/2017\\\/02\\\/iglesia-de-cristal-la-Porciuncula-cupula-mallorca.jpg\",\"datePublished\":\"2017-02-03T16:58:49+00:00\",\"dateModified\":\"2019-06-21T09:16:23+00:00\",\"description\":\"La popularment coneguda Esgl\u00e9sia de Cristall \u00e9s en realitat l'Esgl\u00e9sia de la Mare de D\u00e9u dels \u00c0ngels. Recinte de la Porci\u00fancula, situat a s'Arenal.\",\"breadcrumb\":{\"@id\":\"https:\\\/\\\/www.masmallorca.es\\\/ca\\\/cultura\\\/lesglesia-de-cristall-porcincula.html#breadcrumb\"},\"inLanguage\":\"ca-ES\",\"potentialAction\":[{\"@type\":\"ReadAction\",\"target\":[\"https:\\\/\\\/www.masmallorca.es\\\/ca\\\/cultura\\\/lesglesia-de-cristall-porcincula.html\"]}]},{\"@type\":\"ImageObject\",\"inLanguage\":\"ca-ES\",\"@id\":\"https:\\\/\\\/www.masmallorca.es\\\/ca\\\/cultura\\\/lesglesia-de-cristall-porcincula.html#primaryimage\",\"url\":\"https:\\\/\\\/www.masmallorca.es\\\/wp-content\\\/uploads\\\/2017\\\/02\\\/iglesia-de-cristal-la-Porciuncula-cupula-mallorca.jpg\",\"contentUrl\":\"https:\\\/\\\/www.masmallorca.es\\\/wp-content\\\/uploads\\\/2017\\\/02\\\/iglesia-de-cristal-la-Porciuncula-cupula-mallorca.jpg\",\"width\":540,\"height\":400},{\"@type\":\"BreadcrumbList\",\"@id\":\"https:\\\/\\\/www.masmallorca.es\\\/ca\\\/cultura\\\/lesglesia-de-cristall-porcincula.html#breadcrumb\",\"itemListElement\":[{\"@type\":\"ListItem\",\"position\":1,\"name\":\"Portada\",\"item\":\"https:\\\/\\\/www.masmallorca.es\\\/ca\"},{\"@type\":\"ListItem\",\"position\":2,\"name\":\"Cultura de Mallorca\",\"item\":\"https:\\\/\\\/www.masmallorca.es\\\/ca\\\/cultura\"},{\"@type\":\"ListItem\",\"position\":3,\"name\":\"L&#8217;Esgl\u00e9sia de Cristall, Porci\u00fancula\"}]},{\"@type\":\"WebSite\",\"@id\":\"https:\\\/\\\/www.masmallorca.es\\\/ca#website\",\"url\":\"https:\\\/\\\/www.masmallorca.es\\\/ca\",\"name\":\"+Mallorca: la revista de Mallorca\",\"description\":\"Molt m\u00e9s que sol i platja..\",\"publisher\":{\"@id\":\"https:\\\/\\\/www.masmallorca.es\\\/ca#organization\"},\"alternateName\":\"+Mallorca\",\"potentialAction\":[{\"@type\":\"SearchAction\",\"target\":{\"@type\":\"EntryPoint\",\"urlTemplate\":\"https:\\\/\\\/www.masmallorca.es\\\/ca?s={search_term_string}\"},\"query-input\":{\"@type\":\"PropertyValueSpecification\",\"valueRequired\":true,\"valueName\":\"search_term_string\"}}],\"inLanguage\":\"ca-ES\"},{\"@type\":\"Organization\",\"@id\":\"https:\\\/\\\/www.masmallorca.es\\\/ca#organization\",\"name\":\"Revista +Mallorca\",\"alternateName\":\"M\u00e1s Mallorca\",\"url\":\"https:\\\/\\\/www.masmallorca.es\\\/ca\",\"logo\":{\"@type\":\"ImageObject\",\"inLanguage\":\"ca-ES\",\"@id\":\"https:\\\/\\\/www.masmallorca.es\\\/ca#\\\/schema\\\/logo\\\/image\\\/\",\"url\":\"https:\\\/\\\/www.masmallorca.es\\\/wp-content\\\/uploads\\\/2021\\\/04\\\/logomallorca-1.png\",\"contentUrl\":\"https:\\\/\\\/www.masmallorca.es\\\/wp-content\\\/uploads\\\/2021\\\/04\\\/logomallorca-1.png\",\"width\":326,\"height\":84,\"caption\":\"Revista +Mallorca\"},\"image\":{\"@id\":\"https:\\\/\\\/www.masmallorca.es\\\/ca#\\\/schema\\\/logo\\\/image\\\/\"},\"sameAs\":[\"https:\\\/\\\/www.facebook.com\\\/mallorcamagazine\\\/\",\"https:\\\/\\\/x.com\\\/masmallorca\"]},{\"@type\":\"Person\",\"@id\":\"https:\\\/\\\/www.masmallorca.es\\\/ca#\\\/schema\\\/person\\\/554c84e7dfd9917fdba2cace51081633\",\"name\":\"masmallorca\"}]}<\/script>\n<!-- \/ Yoast SEO plugin. -->","yoast_head_json":{"title":"L'Esgl\u00e9sia de Cristall, Porci\u00fancula | +Mallorca: la revista de Mallorca","description":"La popularment coneguda Esgl\u00e9sia de Cristall \u00e9s en realitat l'Esgl\u00e9sia de la Mare de D\u00e9u dels \u00c0ngels. Recinte de la Porci\u00fancula, situat a s'Arenal.","robots":{"index":"index","follow":"follow","max-snippet":"max-snippet:-1","max-image-preview":"max-image-preview:large","max-video-preview":"max-video-preview:-1"},"canonical":"https:\/\/www.masmallorca.es\/ca\/cultura\/lesglesia-de-cristall-porcincula.html","og_locale":"ca_ES","og_type":"article","og_title":"L'Esgl\u00e9sia de Cristall, Porci\u00fancula | +Mallorca: la revista de Mallorca","og_description":"La popularment coneguda Esgl\u00e9sia de Cristall \u00e9s en realitat l'Esgl\u00e9sia de la Mare de D\u00e9u dels \u00c0ngels. Recinte de la Porci\u00fancula, situat a s'Arenal.","og_url":"https:\/\/www.masmallorca.es\/ca\/cultura\/lesglesia-de-cristall-porcincula.html","og_site_name":"+Mallorca: la revista de Mallorca","article_publisher":"https:\/\/www.facebook.com\/mallorcamagazine\/","article_published_time":"2017-02-03T16:58:49+00:00","article_modified_time":"2019-06-21T09:16:23+00:00","og_image":[{"width":540,"height":400,"url":"https:\/\/www.masmallorca.es\/wp-content\/uploads\/2017\/02\/iglesia-de-cristal-la-Porciuncula-cupula-mallorca.jpg","type":"image\/jpeg"}],"author":"masmallorca","twitter_card":"summary_large_image","twitter_creator":"@masmallorca","twitter_site":"@masmallorca","twitter_misc":{"Written by":"masmallorca","Est. reading time":"2 minutes"},"schema":{"@context":"https:\/\/schema.org","@graph":[{"@type":"Article","@id":"https:\/\/www.masmallorca.es\/ca\/cultura\/lesglesia-de-cristall-porcincula.html#article","isPartOf":{"@id":"https:\/\/www.masmallorca.es\/ca\/cultura\/lesglesia-de-cristall-porcincula.html"},"author":{"name":"masmallorca","@id":"https:\/\/www.masmallorca.es\/ca#\/schema\/person\/554c84e7dfd9917fdba2cace51081633"},"headline":"L&#8217;Esgl\u00e9sia de Cristall, Porci\u00fancula","datePublished":"2017-02-03T16:58:49+00:00","dateModified":"2019-06-21T09:16:23+00:00","mainEntityOfPage":{"@id":"https:\/\/www.masmallorca.es\/ca\/cultura\/lesglesia-de-cristall-porcincula.html"},"wordCount":373,"publisher":{"@id":"https:\/\/www.masmallorca.es\/ca#organization"},"image":{"@id":"https:\/\/www.masmallorca.es\/ca\/cultura\/lesglesia-de-cristall-porcincula.html#primaryimage"},"thumbnailUrl":"https:\/\/www.masmallorca.es\/wp-content\/uploads\/2017\/02\/iglesia-de-cristal-la-Porciuncula-cupula-mallorca.jpg","articleSection":["Cultura de Mallorca"],"inLanguage":"ca-ES"},{"@type":"WebPage","@id":"https:\/\/www.masmallorca.es\/ca\/cultura\/lesglesia-de-cristall-porcincula.html","url":"https:\/\/www.masmallorca.es\/ca\/cultura\/lesglesia-de-cristall-porcincula.html","name":"L'Esgl\u00e9sia de Cristall, Porci\u00fancula | +Mallorca: la revista de Mallorca","isPartOf":{"@id":"https:\/\/www.masmallorca.es\/ca#website"},"primaryImageOfPage":{"@id":"https:\/\/www.masmallorca.es\/ca\/cultura\/lesglesia-de-cristall-porcincula.html#primaryimage"},"image":{"@id":"https:\/\/www.masmallorca.es\/ca\/cultura\/lesglesia-de-cristall-porcincula.html#primaryimage"},"thumbnailUrl":"https:\/\/www.masmallorca.es\/wp-content\/uploads\/2017\/02\/iglesia-de-cristal-la-Porciuncula-cupula-mallorca.jpg","datePublished":"2017-02-03T16:58:49+00:00","dateModified":"2019-06-21T09:16:23+00:00","description":"La popularment coneguda Esgl\u00e9sia de Cristall \u00e9s en realitat l'Esgl\u00e9sia de la Mare de D\u00e9u dels \u00c0ngels. Recinte de la Porci\u00fancula, situat a s'Arenal.","breadcrumb":{"@id":"https:\/\/www.masmallorca.es\/ca\/cultura\/lesglesia-de-cristall-porcincula.html#breadcrumb"},"inLanguage":"ca-ES","potentialAction":[{"@type":"ReadAction","target":["https:\/\/www.masmallorca.es\/ca\/cultura\/lesglesia-de-cristall-porcincula.html"]}]},{"@type":"ImageObject","inLanguage":"ca-ES","@id":"https:\/\/www.masmallorca.es\/ca\/cultura\/lesglesia-de-cristall-porcincula.html#primaryimage","url":"https:\/\/www.masmallorca.es\/wp-content\/uploads\/2017\/02\/iglesia-de-cristal-la-Porciuncula-cupula-mallorca.jpg","contentUrl":"https:\/\/www.masmallorca.es\/wp-content\/uploads\/2017\/02\/iglesia-de-cristal-la-Porciuncula-cupula-mallorca.jpg","width":540,"height":400},{"@type":"BreadcrumbList","@id":"https:\/\/www.masmallorca.es\/ca\/cultura\/lesglesia-de-cristall-porcincula.html#breadcrumb","itemListElement":[{"@type":"ListItem","position":1,"name":"Portada","item":"https:\/\/www.masmallorca.es\/ca"},{"@type":"ListItem","position":2,"name":"Cultura de Mallorca","item":"https:\/\/www.masmallorca.es\/ca\/cultura"},{"@type":"ListItem","position":3,"name":"L&#8217;Esgl\u00e9sia de Cristall, Porci\u00fancula"}]},{"@type":"WebSite","@id":"https:\/\/www.masmallorca.es\/ca#website","url":"https:\/\/www.masmallorca.es\/ca","name":"+Mallorca: la revista de Mallorca","description":"Molt m\u00e9s que sol i platja..","publisher":{"@id":"https:\/\/www.masmallorca.es\/ca#organization"},"alternateName":"+Mallorca","potentialAction":[{"@type":"SearchAction","target":{"@type":"EntryPoint","urlTemplate":"https:\/\/www.masmallorca.es\/ca?s={search_term_string}"},"query-input":{"@type":"PropertyValueSpecification","valueRequired":true,"valueName":"search_term_string"}}],"inLanguage":"ca-ES"},{"@type":"Organization","@id":"https:\/\/www.masmallorca.es\/ca#organization","name":"Revista +Mallorca","alternateName":"M\u00e1s Mallorca","url":"https:\/\/www.masmallorca.es\/ca","logo":{"@type":"ImageObject","inLanguage":"ca-ES","@id":"https:\/\/www.masmallorca.es\/ca#\/schema\/logo\/image\/","url":"https:\/\/www.masmallorca.es\/wp-content\/uploads\/2021\/04\/logomallorca-1.png","contentUrl":"https:\/\/www.masmallorca.es\/wp-content\/uploads\/2021\/04\/logomallorca-1.png","width":326,"height":84,"caption":"Revista +Mallorca"},"image":{"@id":"https:\/\/www.masmallorca.es\/ca#\/schema\/logo\/image\/"},"sameAs":["https:\/\/www.facebook.com\/mallorcamagazine\/","https:\/\/x.com\/masmallorca"]},{"@type":"Person","@id":"https:\/\/www.masmallorca.es\/ca#\/schema\/person\/554c84e7dfd9917fdba2cace51081633","name":"masmallorca"}]}},"_links":{"self":[{"href":"https:\/\/www.masmallorca.es\/ca\/wp-json\/wp\/v2\/posts\/15244","targetHints":{"allow":["GET"]}}],"collection":[{"href":"https:\/\/www.masmallorca.es\/ca\/wp-json\/wp\/v2\/posts"}],"about":[{"href":"https:\/\/www.masmallorca.es\/ca\/wp-json\/wp\/v2\/types\/post"}],"author":[{"embeddable":true,"href":"https:\/\/www.masmallorca.es\/ca\/wp-json\/wp\/v2\/users\/1"}],"replies":[{"embeddable":true,"href":"https:\/\/www.masmallorca.es\/ca\/wp-json\/wp\/v2\/comments?post=15244"}],"version-history":[{"count":0,"href":"https:\/\/www.masmallorca.es\/ca\/wp-json\/wp\/v2\/posts\/15244\/revisions"}],"wp:featuredmedia":[{"embeddable":true,"href":"https:\/\/www.masmallorca.es\/ca\/wp-json\/wp\/v2\/media\/15246"}],"wp:attachment":[{"href":"https:\/\/www.masmallorca.es\/ca\/wp-json\/wp\/v2\/media?parent=15244"}],"wp:term":[{"taxonomy":"category","embeddable":true,"href":"https:\/\/www.masmallorca.es\/ca\/wp-json\/wp\/v2\/categories?post=15244"},{"taxonomy":"post_tag","embeddable":true,"href":"https:\/\/www.masmallorca.es\/ca\/wp-json\/wp\/v2\/tags?post=15244"}],"curies":[{"name":"wp","href":"https:\/\/api.w.org\/{rel}","templated":true}]}}