{"id":14019,"date":"2016-02-18T16:38:36","date_gmt":"2016-02-18T15:38:36","guid":{"rendered":""},"modified":"2018-09-11T13:04:32","modified_gmt":"2018-09-11T11:04:32","slug":"un-passeig-per-santanyi","status":"publish","type":"post","link":"https:\/\/www.masmallorca.es\/ca\/cultura\/un-passeig-per-santanyi.html","title":{"rendered":"Un passeig per Santany\u00ed"},"content":{"rendered":"<p style=\"text-align: justify;\"><img loading=\"lazy\" decoding=\"async\" class=\"alignright wp-image-13997 size-full\" style=\"border: 0px none; margin: 0px 20px 40px; float: right;\" title=\"Iglesia de Santany\u00ed. Mallorca\" src=\"https:\/\/www.masmallorca.es\/wp-content\/uploads\/2016\/02\/santanyi-cala-figuera-paseo-stroll-iglesia-church.jpg\" alt=\"Santany\u00ed\" width=\"150\" height=\"126\" \/><\/p>\n<p style=\"text-align: justify;\">En 1571 la vila de Santany\u00ed va construir una muralla que la proteg\u00eds dels saquejos sarra\u00efns, avui podem accedir al centre del poble per la seva Porta Murada.<\/p>\n<p style=\"text-align: justify;\">\u00a0<\/p>\n<p><!--more--><\/p>\n<p style=\"text-align: justify;\"><img loading=\"lazy\" decoding=\"async\" class=\"alignleft wp-image-14002 size-full\" style=\"border: 0px none; margin: 0px 20px 30px 0px; float: left;\" title=\"Santany\u00ed Cycling, cicloturisme. Mallorca\" src=\"https:\/\/www.masmallorca.es\/wp-content\/uploads\/2016\/02\/santanyi-cala-figuera-paseo-stroll.jpg\" alt=\"Santany\u00ed\" width=\"350\" height=\"467\" srcset=\"https:\/\/www.masmallorca.es\/wp-content\/uploads\/2016\/02\/santanyi-cala-figuera-paseo-stroll.jpg 350w, https:\/\/www.masmallorca.es\/wp-content\/uploads\/2016\/02\/santanyi-cala-figuera-paseo-stroll-225x300.jpg 225w\" sizes=\"(max-width: 350px) 100vw, 350px\" \/><\/p>\n<p style=\"text-align: justify;\">\u00a0<\/p>\n<p style=\"text-align: justify;\">\u00a0<\/p>\n<p style=\"text-align: justify;\">Carrers sinuosos, plenes de boniques tendes, que combinen art, moda i jazz, ens condueixen fins a la pla\u00e7a de l&#8217;Ajuntament i l&#8217;esgl\u00e9sia de\u00a0<strong>Sant Andreu<\/strong> (s. XVIII-XIX).<\/p>\n<p style=\"text-align: justify;\">A l&#8217;interior de l&#8217;esgl\u00e9sia parroquial de Sant Andreu trobem un espectacular \u00f2rgan (1.762), obra de Jordi Bosch. Es va construir per al convent de Santo Domingo a Palma i va ser traslladat a aquesta parr\u00f2quia en 1.837.<\/p>\n<p style=\"text-align: justify;\">Des del presbiteri de Sant Andreu accedim a la capella del Roser o \u201cesgl\u00e9sia vella\u201d de Santany\u00ed, una bella capella d&#8217;estil g\u00f2tic (s.XIV), la decoraci\u00f3 austera del qual li confereix major misticisme. Oposada a l&#8217;esgl\u00e9sia, una cancel\u00b7la d\u00f3na acc\u00e9s al rom\u00e0ntic i ombr\u00edvol pati de la casa rectoral, constru\u00efda entre els segles XVI i XVIII. Tamb\u00e9 \u00e9s possible visitar el Museu Parroquial els dimecres i dissabtes de 10:00 a 12:30.<\/p>\n<p><img loading=\"lazy\" decoding=\"async\" class=\" size-full wp-image-14007\" style=\"border: 0px none; margin: 0px auto 30px; display: block;\" title=\"Santany\u00ed. Mallorca\" src=\"https:\/\/www.masmallorca.es\/wp-content\/uploads\/2016\/02\/santanyi-cala-figuera-paseo-stroll-1.jpg\" alt=\"santanyi-cala-figuera-paseo-stroll-1\" width=\"540\" height=\"328\" srcset=\"https:\/\/www.masmallorca.es\/wp-content\/uploads\/2016\/02\/santanyi-cala-figuera-paseo-stroll-1.jpg 540w, https:\/\/www.masmallorca.es\/wp-content\/uploads\/2016\/02\/santanyi-cala-figuera-paseo-stroll-1-300x182.jpg 300w\" sizes=\"(max-width: 540px) 100vw, 540px\" \/><\/p>\n<p style=\"text-align: justify;\"><strong>Santany\u00ed t\u00e9 un important dinamisme cultural<\/strong>, centrat en la pintura, la m\u00fasica i la poesia. El seu Teatre Principal (c\/ Bisbe Verger, 38) mant\u00e9 programaci\u00f3 estable <strong>durant tot l&#8217;any<\/strong>, estant obert de divendres a diumenge, amb obres teatrals, confer\u00e8ncies i presentacions liter\u00e0ries. Al costat del Teatre Principal de Santany\u00ed hi ha un original edifici de pedra seca, envoltat per un jard\u00ed. Es tracta d&#8217;un aljub constru\u00eft al segle XVIII, amb capacitat per 3.000 litres d&#8217;aigua. Tots els ve\u00efns de Santany\u00ed tenen dret a treure aigua d&#8217;ell, en cas de necessitar-ho.<\/p>\n<p><img loading=\"lazy\" decoding=\"async\" class=\"alignnone wp-image-14012 size-full\" style=\"border: 0px none; margin: 0px auto 30px; display: block;\" title=\"Santany\u00ed. Mallorca\" src=\"https:\/\/www.masmallorca.es\/wp-content\/uploads\/2016\/02\/santanyi-cala-figuera-paseo-stroll-fisher-pesca.jpg\" alt=\"Santany\u00ed. Mallorca\" width=\"540\" height=\"360\" srcset=\"https:\/\/www.masmallorca.es\/wp-content\/uploads\/2016\/02\/santanyi-cala-figuera-paseo-stroll-fisher-pesca.jpg 540w, https:\/\/www.masmallorca.es\/wp-content\/uploads\/2016\/02\/santanyi-cala-figuera-paseo-stroll-fisher-pesca-300x200.jpg 300w\" sizes=\"(max-width: 540px) 100vw, 540px\" \/><\/p>\n<p style=\"text-align: justify;\">Les pedreres del municipi proveeixen a l&#8217;arquitectura mallorquina la caracter\u00edstica <strong>pedra de Santany\u00ed<\/strong> de color daurat, amb la qual s&#8217;han constru\u00eft des de la catedral de Palma fins als hotels contemporanis, passant per cases de camp.<\/p>\n<p>Finalment, no hem de deixar de visitar la infinitat de cales properes a Santany\u00ed, i les seves precioses aig\u00fces cristal\u00b7lines en tota la gamma de l&#8217;esmeralda. Destaca\u00a0<a title=\"Cala Santany\u00ed y Cala Figuera, dos rincones donde perderse\" href=\"https:\/\/www.masmallorca.es\/excursiones\/cala-santanyi-y-cala-figuera-dos-rincones-donde-perderse.html\" target=\"_blank\" rel=\"noopener noreferrer\">Cala Figuera<\/a>\u00a0on podem passejar i menjar un excel\u00b7lent\u00a0peix acabat de portar per la floteta de <a title=\"El Lla\u00fct, patrimonio cultural\" href=\"https:\/\/www.masmallorca.es\/productos-tipicos\/el-llaut-patrimonio-cultural.html\" target=\"_blank\" rel=\"noopener noreferrer\">lla\u00fcts <\/a>locals.<\/p>\n<p><img loading=\"lazy\" decoding=\"async\" class=\"alignnone wp-image-11101 size-full\" style=\"border: 0px none; margin: 0px auto 30px; display: block;\" title=\"Santany\u00ed. Cala Figuera, Mallorca\" src=\"https:\/\/www.masmallorca.es\/wp-content\/uploads\/2013\/04\/cala-figuera-cala-santanyi-mallorca-1.jpg\" alt=\"Santany\u00ed. Cala Figuera, Mallorca\" width=\"540\" height=\"539\" \/><\/p>\n","protected":false},"excerpt":{"rendered":"<p>En 1571 la vila de Santany\u00ed va construir una muralla que la proteg\u00eds dels saquejos sarra\u00efns, avui podem accedir al centre del poble per la seva Porta Murada. \u00a0<\/p>\n","protected":false},"author":1,"featured_media":11732,"comment_status":"closed","ping_status":"closed","sticky":false,"template":"","format":"standard","meta":{"_et_pb_use_builder":"","_et_pb_old_content":"","_et_gb_content_width":"","footnotes":""},"categories":[19],"tags":[],"class_list":["post-14019","post","type-post","status-publish","format-standard","has-post-thumbnail","hentry","category-cultura","et-has-post-format-content","et_post_format-et-post-format-standard"],"yoast_head":"<!-- This site is optimized with the Yoast SEO plugin v27.4 - https:\/\/yoast.com\/product\/yoast-seo-wordpress\/ -->\n<title>Un passeig per Santany\u00ed | +Mallorca: la revista de Mallorca<\/title>\n<meta name=\"description\" content=\"Santany\u00ed t\u00e9 un important dinamisme cultural, centrat en la pintura, la m\u00fasica i la poesia. El seu Teatre Principal t\u00e9 programaci\u00f3 durant tot l&#039;any, estant obert de divendres a diumenge\" \/>\n<meta name=\"robots\" content=\"index, follow, max-snippet:-1, max-image-preview:large, max-video-preview:-1\" \/>\n<link rel=\"canonical\" href=\"https:\/\/www.masmallorca.es\/ca\/cultura\/un-passeig-per-santanyi.html\" \/>\n<meta property=\"og:locale\" content=\"ca_ES\" \/>\n<meta property=\"og:type\" content=\"article\" \/>\n<meta property=\"og:title\" content=\"Un passeig per Santany\u00ed | +Mallorca: la revista de Mallorca\" \/>\n<meta property=\"og:description\" content=\"Santany\u00ed t\u00e9 un important dinamisme cultural, centrat en la pintura, la m\u00fasica i la poesia. El seu Teatre Principal t\u00e9 programaci\u00f3 durant tot l&#039;any, estant obert de divendres a diumenge\" \/>\n<meta property=\"og:url\" content=\"https:\/\/www.masmallorca.es\/ca\/cultura\/un-passeig-per-santanyi.html\" \/>\n<meta property=\"og:site_name\" content=\"+Mallorca: la revista de Mallorca\" \/>\n<meta property=\"article:publisher\" content=\"https:\/\/www.facebook.com\/mallorcamagazine\/\" \/>\n<meta property=\"article:published_time\" content=\"2016-02-18T15:38:36+00:00\" \/>\n<meta property=\"article:modified_time\" content=\"2018-09-11T11:04:32+00:00\" \/>\n<meta property=\"og:image\" content=\"https:\/\/www.masmallorca.es\/wp-content\/uploads\/2014\/05\/cala-figuera-cala-santanyi-mallorca-1.jpg\" \/>\n\t<meta property=\"og:image:width\" content=\"540\" \/>\n\t<meta property=\"og:image:height\" content=\"539\" \/>\n\t<meta property=\"og:image:type\" content=\"image\/jpeg\" \/>\n<meta name=\"author\" content=\"masmallorca\" \/>\n<meta name=\"twitter:card\" content=\"summary_large_image\" \/>\n<meta name=\"twitter:creator\" content=\"@masmallorca\" \/>\n<meta name=\"twitter:site\" content=\"@masmallorca\" \/>\n<meta name=\"twitter:label1\" content=\"Written by\" \/>\n\t<meta name=\"twitter:data1\" content=\"masmallorca\" \/>\n\t<meta name=\"twitter:label2\" content=\"Est. reading time\" \/>\n\t<meta name=\"twitter:data2\" content=\"2 minutes\" \/>\n<script type=\"application\/ld+json\" class=\"yoast-schema-graph\">{\"@context\":\"https:\\\/\\\/schema.org\",\"@graph\":[{\"@type\":\"Article\",\"@id\":\"https:\\\/\\\/www.masmallorca.es\\\/ca\\\/cultura\\\/un-passeig-per-santanyi.html#article\",\"isPartOf\":{\"@id\":\"https:\\\/\\\/www.masmallorca.es\\\/ca\\\/cultura\\\/un-passeig-per-santanyi.html\"},\"author\":{\"name\":\"masmallorca\",\"@id\":\"https:\\\/\\\/www.masmallorca.es\\\/ca#\\\/schema\\\/person\\\/554c84e7dfd9917fdba2cace51081633\"},\"headline\":\"Un passeig per Santany\u00ed\",\"datePublished\":\"2016-02-18T15:38:36+00:00\",\"dateModified\":\"2018-09-11T11:04:32+00:00\",\"mainEntityOfPage\":{\"@id\":\"https:\\\/\\\/www.masmallorca.es\\\/ca\\\/cultura\\\/un-passeig-per-santanyi.html\"},\"wordCount\":371,\"publisher\":{\"@id\":\"https:\\\/\\\/www.masmallorca.es\\\/ca#organization\"},\"image\":{\"@id\":\"https:\\\/\\\/www.masmallorca.es\\\/ca\\\/cultura\\\/un-passeig-per-santanyi.html#primaryimage\"},\"thumbnailUrl\":\"https:\\\/\\\/www.masmallorca.es\\\/wp-content\\\/uploads\\\/2014\\\/05\\\/cala-figuera-cala-santanyi-mallorca-1.jpg\",\"articleSection\":[\"Cultura de Mallorca\"],\"inLanguage\":\"ca-ES\"},{\"@type\":\"WebPage\",\"@id\":\"https:\\\/\\\/www.masmallorca.es\\\/ca\\\/cultura\\\/un-passeig-per-santanyi.html\",\"url\":\"https:\\\/\\\/www.masmallorca.es\\\/ca\\\/cultura\\\/un-passeig-per-santanyi.html\",\"name\":\"Un passeig per Santany\u00ed | +Mallorca: la revista de Mallorca\",\"isPartOf\":{\"@id\":\"https:\\\/\\\/www.masmallorca.es\\\/ca#website\"},\"primaryImageOfPage\":{\"@id\":\"https:\\\/\\\/www.masmallorca.es\\\/ca\\\/cultura\\\/un-passeig-per-santanyi.html#primaryimage\"},\"image\":{\"@id\":\"https:\\\/\\\/www.masmallorca.es\\\/ca\\\/cultura\\\/un-passeig-per-santanyi.html#primaryimage\"},\"thumbnailUrl\":\"https:\\\/\\\/www.masmallorca.es\\\/wp-content\\\/uploads\\\/2014\\\/05\\\/cala-figuera-cala-santanyi-mallorca-1.jpg\",\"datePublished\":\"2016-02-18T15:38:36+00:00\",\"dateModified\":\"2018-09-11T11:04:32+00:00\",\"description\":\"Santany\u00ed t\u00e9 un important dinamisme cultural, centrat en la pintura, la m\u00fasica i la poesia. El seu Teatre Principal t\u00e9 programaci\u00f3 durant tot l'any, estant obert de divendres a diumenge\",\"breadcrumb\":{\"@id\":\"https:\\\/\\\/www.masmallorca.es\\\/ca\\\/cultura\\\/un-passeig-per-santanyi.html#breadcrumb\"},\"inLanguage\":\"ca-ES\",\"potentialAction\":[{\"@type\":\"ReadAction\",\"target\":[\"https:\\\/\\\/www.masmallorca.es\\\/ca\\\/cultura\\\/un-passeig-per-santanyi.html\"]}]},{\"@type\":\"ImageObject\",\"inLanguage\":\"ca-ES\",\"@id\":\"https:\\\/\\\/www.masmallorca.es\\\/ca\\\/cultura\\\/un-passeig-per-santanyi.html#primaryimage\",\"url\":\"https:\\\/\\\/www.masmallorca.es\\\/wp-content\\\/uploads\\\/2014\\\/05\\\/cala-figuera-cala-santanyi-mallorca-1.jpg\",\"contentUrl\":\"https:\\\/\\\/www.masmallorca.es\\\/wp-content\\\/uploads\\\/2014\\\/05\\\/cala-figuera-cala-santanyi-mallorca-1.jpg\",\"width\":540,\"height\":539,\"caption\":\"Cala Figuera, Mallorca\"},{\"@type\":\"BreadcrumbList\",\"@id\":\"https:\\\/\\\/www.masmallorca.es\\\/ca\\\/cultura\\\/un-passeig-per-santanyi.html#breadcrumb\",\"itemListElement\":[{\"@type\":\"ListItem\",\"position\":1,\"name\":\"Portada\",\"item\":\"https:\\\/\\\/www.masmallorca.es\\\/ca\"},{\"@type\":\"ListItem\",\"position\":2,\"name\":\"Cultura de Mallorca\",\"item\":\"https:\\\/\\\/www.masmallorca.es\\\/ca\\\/cultura\"},{\"@type\":\"ListItem\",\"position\":3,\"name\":\"Un passeig per Santany\u00ed\"}]},{\"@type\":\"WebSite\",\"@id\":\"https:\\\/\\\/www.masmallorca.es\\\/ca#website\",\"url\":\"https:\\\/\\\/www.masmallorca.es\\\/ca\",\"name\":\"+Mallorca: la revista de Mallorca\",\"description\":\"Molt m\u00e9s que sol i platja..\",\"publisher\":{\"@id\":\"https:\\\/\\\/www.masmallorca.es\\\/ca#organization\"},\"alternateName\":\"+Mallorca\",\"potentialAction\":[{\"@type\":\"SearchAction\",\"target\":{\"@type\":\"EntryPoint\",\"urlTemplate\":\"https:\\\/\\\/www.masmallorca.es\\\/ca?s={search_term_string}\"},\"query-input\":{\"@type\":\"PropertyValueSpecification\",\"valueRequired\":true,\"valueName\":\"search_term_string\"}}],\"inLanguage\":\"ca-ES\"},{\"@type\":\"Organization\",\"@id\":\"https:\\\/\\\/www.masmallorca.es\\\/ca#organization\",\"name\":\"Revista +Mallorca\",\"alternateName\":\"M\u00e1s Mallorca\",\"url\":\"https:\\\/\\\/www.masmallorca.es\\\/ca\",\"logo\":{\"@type\":\"ImageObject\",\"inLanguage\":\"ca-ES\",\"@id\":\"https:\\\/\\\/www.masmallorca.es\\\/ca#\\\/schema\\\/logo\\\/image\\\/\",\"url\":\"https:\\\/\\\/www.masmallorca.es\\\/wp-content\\\/uploads\\\/2021\\\/04\\\/logomallorca-1.png\",\"contentUrl\":\"https:\\\/\\\/www.masmallorca.es\\\/wp-content\\\/uploads\\\/2021\\\/04\\\/logomallorca-1.png\",\"width\":326,\"height\":84,\"caption\":\"Revista +Mallorca\"},\"image\":{\"@id\":\"https:\\\/\\\/www.masmallorca.es\\\/ca#\\\/schema\\\/logo\\\/image\\\/\"},\"sameAs\":[\"https:\\\/\\\/www.facebook.com\\\/mallorcamagazine\\\/\",\"https:\\\/\\\/x.com\\\/masmallorca\"]},{\"@type\":\"Person\",\"@id\":\"https:\\\/\\\/www.masmallorca.es\\\/ca#\\\/schema\\\/person\\\/554c84e7dfd9917fdba2cace51081633\",\"name\":\"masmallorca\"}]}<\/script>\n<!-- \/ Yoast SEO plugin. -->","yoast_head_json":{"title":"Un passeig per Santany\u00ed | +Mallorca: la revista de Mallorca","description":"Santany\u00ed t\u00e9 un important dinamisme cultural, centrat en la pintura, la m\u00fasica i la poesia. El seu Teatre Principal t\u00e9 programaci\u00f3 durant tot l'any, estant obert de divendres a diumenge","robots":{"index":"index","follow":"follow","max-snippet":"max-snippet:-1","max-image-preview":"max-image-preview:large","max-video-preview":"max-video-preview:-1"},"canonical":"https:\/\/www.masmallorca.es\/ca\/cultura\/un-passeig-per-santanyi.html","og_locale":"ca_ES","og_type":"article","og_title":"Un passeig per Santany\u00ed | +Mallorca: la revista de Mallorca","og_description":"Santany\u00ed t\u00e9 un important dinamisme cultural, centrat en la pintura, la m\u00fasica i la poesia. El seu Teatre Principal t\u00e9 programaci\u00f3 durant tot l'any, estant obert de divendres a diumenge","og_url":"https:\/\/www.masmallorca.es\/ca\/cultura\/un-passeig-per-santanyi.html","og_site_name":"+Mallorca: la revista de Mallorca","article_publisher":"https:\/\/www.facebook.com\/mallorcamagazine\/","article_published_time":"2016-02-18T15:38:36+00:00","article_modified_time":"2018-09-11T11:04:32+00:00","og_image":[{"width":540,"height":539,"url":"https:\/\/www.masmallorca.es\/wp-content\/uploads\/2014\/05\/cala-figuera-cala-santanyi-mallorca-1.jpg","type":"image\/jpeg"}],"author":"masmallorca","twitter_card":"summary_large_image","twitter_creator":"@masmallorca","twitter_site":"@masmallorca","twitter_misc":{"Written by":"masmallorca","Est. reading time":"2 minutes"},"schema":{"@context":"https:\/\/schema.org","@graph":[{"@type":"Article","@id":"https:\/\/www.masmallorca.es\/ca\/cultura\/un-passeig-per-santanyi.html#article","isPartOf":{"@id":"https:\/\/www.masmallorca.es\/ca\/cultura\/un-passeig-per-santanyi.html"},"author":{"name":"masmallorca","@id":"https:\/\/www.masmallorca.es\/ca#\/schema\/person\/554c84e7dfd9917fdba2cace51081633"},"headline":"Un passeig per Santany\u00ed","datePublished":"2016-02-18T15:38:36+00:00","dateModified":"2018-09-11T11:04:32+00:00","mainEntityOfPage":{"@id":"https:\/\/www.masmallorca.es\/ca\/cultura\/un-passeig-per-santanyi.html"},"wordCount":371,"publisher":{"@id":"https:\/\/www.masmallorca.es\/ca#organization"},"image":{"@id":"https:\/\/www.masmallorca.es\/ca\/cultura\/un-passeig-per-santanyi.html#primaryimage"},"thumbnailUrl":"https:\/\/www.masmallorca.es\/wp-content\/uploads\/2014\/05\/cala-figuera-cala-santanyi-mallorca-1.jpg","articleSection":["Cultura de Mallorca"],"inLanguage":"ca-ES"},{"@type":"WebPage","@id":"https:\/\/www.masmallorca.es\/ca\/cultura\/un-passeig-per-santanyi.html","url":"https:\/\/www.masmallorca.es\/ca\/cultura\/un-passeig-per-santanyi.html","name":"Un passeig per Santany\u00ed | +Mallorca: la revista de Mallorca","isPartOf":{"@id":"https:\/\/www.masmallorca.es\/ca#website"},"primaryImageOfPage":{"@id":"https:\/\/www.masmallorca.es\/ca\/cultura\/un-passeig-per-santanyi.html#primaryimage"},"image":{"@id":"https:\/\/www.masmallorca.es\/ca\/cultura\/un-passeig-per-santanyi.html#primaryimage"},"thumbnailUrl":"https:\/\/www.masmallorca.es\/wp-content\/uploads\/2014\/05\/cala-figuera-cala-santanyi-mallorca-1.jpg","datePublished":"2016-02-18T15:38:36+00:00","dateModified":"2018-09-11T11:04:32+00:00","description":"Santany\u00ed t\u00e9 un important dinamisme cultural, centrat en la pintura, la m\u00fasica i la poesia. El seu Teatre Principal t\u00e9 programaci\u00f3 durant tot l'any, estant obert de divendres a diumenge","breadcrumb":{"@id":"https:\/\/www.masmallorca.es\/ca\/cultura\/un-passeig-per-santanyi.html#breadcrumb"},"inLanguage":"ca-ES","potentialAction":[{"@type":"ReadAction","target":["https:\/\/www.masmallorca.es\/ca\/cultura\/un-passeig-per-santanyi.html"]}]},{"@type":"ImageObject","inLanguage":"ca-ES","@id":"https:\/\/www.masmallorca.es\/ca\/cultura\/un-passeig-per-santanyi.html#primaryimage","url":"https:\/\/www.masmallorca.es\/wp-content\/uploads\/2014\/05\/cala-figuera-cala-santanyi-mallorca-1.jpg","contentUrl":"https:\/\/www.masmallorca.es\/wp-content\/uploads\/2014\/05\/cala-figuera-cala-santanyi-mallorca-1.jpg","width":540,"height":539,"caption":"Cala Figuera, Mallorca"},{"@type":"BreadcrumbList","@id":"https:\/\/www.masmallorca.es\/ca\/cultura\/un-passeig-per-santanyi.html#breadcrumb","itemListElement":[{"@type":"ListItem","position":1,"name":"Portada","item":"https:\/\/www.masmallorca.es\/ca"},{"@type":"ListItem","position":2,"name":"Cultura de Mallorca","item":"https:\/\/www.masmallorca.es\/ca\/cultura"},{"@type":"ListItem","position":3,"name":"Un passeig per Santany\u00ed"}]},{"@type":"WebSite","@id":"https:\/\/www.masmallorca.es\/ca#website","url":"https:\/\/www.masmallorca.es\/ca","name":"+Mallorca: la revista de Mallorca","description":"Molt m\u00e9s que sol i platja..","publisher":{"@id":"https:\/\/www.masmallorca.es\/ca#organization"},"alternateName":"+Mallorca","potentialAction":[{"@type":"SearchAction","target":{"@type":"EntryPoint","urlTemplate":"https:\/\/www.masmallorca.es\/ca?s={search_term_string}"},"query-input":{"@type":"PropertyValueSpecification","valueRequired":true,"valueName":"search_term_string"}}],"inLanguage":"ca-ES"},{"@type":"Organization","@id":"https:\/\/www.masmallorca.es\/ca#organization","name":"Revista +Mallorca","alternateName":"M\u00e1s Mallorca","url":"https:\/\/www.masmallorca.es\/ca","logo":{"@type":"ImageObject","inLanguage":"ca-ES","@id":"https:\/\/www.masmallorca.es\/ca#\/schema\/logo\/image\/","url":"https:\/\/www.masmallorca.es\/wp-content\/uploads\/2021\/04\/logomallorca-1.png","contentUrl":"https:\/\/www.masmallorca.es\/wp-content\/uploads\/2021\/04\/logomallorca-1.png","width":326,"height":84,"caption":"Revista +Mallorca"},"image":{"@id":"https:\/\/www.masmallorca.es\/ca#\/schema\/logo\/image\/"},"sameAs":["https:\/\/www.facebook.com\/mallorcamagazine\/","https:\/\/x.com\/masmallorca"]},{"@type":"Person","@id":"https:\/\/www.masmallorca.es\/ca#\/schema\/person\/554c84e7dfd9917fdba2cace51081633","name":"masmallorca"}]}},"_links":{"self":[{"href":"https:\/\/www.masmallorca.es\/ca\/wp-json\/wp\/v2\/posts\/14019","targetHints":{"allow":["GET"]}}],"collection":[{"href":"https:\/\/www.masmallorca.es\/ca\/wp-json\/wp\/v2\/posts"}],"about":[{"href":"https:\/\/www.masmallorca.es\/ca\/wp-json\/wp\/v2\/types\/post"}],"author":[{"embeddable":true,"href":"https:\/\/www.masmallorca.es\/ca\/wp-json\/wp\/v2\/users\/1"}],"replies":[{"embeddable":true,"href":"https:\/\/www.masmallorca.es\/ca\/wp-json\/wp\/v2\/comments?post=14019"}],"version-history":[{"count":0,"href":"https:\/\/www.masmallorca.es\/ca\/wp-json\/wp\/v2\/posts\/14019\/revisions"}],"wp:featuredmedia":[{"embeddable":true,"href":"https:\/\/www.masmallorca.es\/ca\/wp-json\/wp\/v2\/media\/11732"}],"wp:attachment":[{"href":"https:\/\/www.masmallorca.es\/ca\/wp-json\/wp\/v2\/media?parent=14019"}],"wp:term":[{"taxonomy":"category","embeddable":true,"href":"https:\/\/www.masmallorca.es\/ca\/wp-json\/wp\/v2\/categories?post=14019"},{"taxonomy":"post_tag","embeddable":true,"href":"https:\/\/www.masmallorca.es\/ca\/wp-json\/wp\/v2\/tags?post=14019"}],"curies":[{"name":"wp","href":"https:\/\/api.w.org\/{rel}","templated":true}]}}