{"id":13804,"date":"2016-02-03T17:24:23","date_gmt":"2016-02-03T16:24:23","guid":{"rendered":""},"modified":"2018-09-18T17:51:29","modified_gmt":"2018-09-18T15:51:29","slug":"mallorca-desti-cultural","status":"publish","type":"post","link":"https:\/\/www.masmallorca.es\/ca\/cultura\/mallorca-desti-cultural.html","title":{"rendered":"Mallorca, dest\u00ed cultural"},"content":{"rendered":"<p style=\"text-align: justify;\"><strong><span style=\"text-align: justify;\"><img loading=\"lazy\" decoding=\"async\" class=\"alignright wp-image-13772 size-full\" style=\"border: 0px none; margin: 0px 20px; float: right;\" title=\"Mallorca, dest\u00ed cultural\" src=\"https:\/\/www.masmallorca.es\/wp-content\/uploads\/2016\/02\/mallorca-destino-cultural.jpg\" alt=\"Mallorca, dest\u00ed cultural\" width=\"150\" height=\"105\" \/><\/span><\/strong>\u00c9s possible que fins i tot hi hagi qui es sorprengui en descobrir que Mallorca \u00e9s molt <strong>m\u00e9s que una destinaci\u00f3 de sol i platja<\/strong>. Encara que \u00faltimament sembli haver-se convertit en l&#8217;ingredient de moda, la cultura ha tingut des de sempre un pes fonamental en la hist\u00f2ria i evoluci\u00f3 de l&#8217;illa. A Mallorca es pot trobar una oferta cultural molt \u00e0mplia i variada.<strong><\/p>\n<p><span style=\"text-align: justify;\"><br \/>\n<\/span><\/strong><\/p>\n<p><!--more--><\/p>\n<p style=\"text-align: justify;\"><strong><span style=\"text-align: justify;\"><img loading=\"lazy\" decoding=\"async\" class=\"alignnone wp-image-13777 size-full\" style=\"border: 0px none; margin: 0px auto; display: block;\" title=\"Mallorca, dest\u00ed cultural. Catedral de Mallorca. La Seu.\" src=\"https:\/\/www.masmallorca.es\/wp-content\/uploads\/2016\/02\/mallorca-destino-cultural-1.jpg\" alt=\"Mallorca, dest\u00ed cultural. Catedral de Mallorca. La Seu.\" width=\"540\" height=\"340\" srcset=\"https:\/\/www.masmallorca.es\/wp-content\/uploads\/2016\/02\/mallorca-destino-cultural-1.jpg 540w, https:\/\/www.masmallorca.es\/wp-content\/uploads\/2016\/02\/mallorca-destino-cultural-1-300x189.jpg 300w\" sizes=\"(max-width: 540px) 100vw, 540px\" \/><\/span><\/strong><br \/>\n<span id=\"result_box\" lang=\"ca\"><span class=\"hps\">Per a aquells<\/span> <span class=\"hps\">amants del<\/span> <span class=\"hps\">patrimoni<\/span> <span class=\"hps\">hist\u00f2ric, el<\/span> <span class=\"hps\">centre de Palma<\/span> <span class=\"hps\">els ofereix<\/span> <span class=\"hps\">joietes<\/span> <span class=\"hps\">arquitect\u00f2niques<\/span> <span class=\"hps\">capaces de fer<\/span> <span class=\"hps\">viatjar<\/span> <span class=\"hps\">en el temps a<\/span> <span class=\"hps\">aquells que<\/span> <span class=\"hps\">les visiten<\/span>:<\/span>\u00a0<a title=\"la catedral de Palma\" href=\"https:\/\/www.masmallorca.es\/ca\/mallorca\/cultura\/la-catedral-de-palma-2.html\" target=\"_blank\" rel=\"noopener\">la catedral de Palma<\/a> &#8211;\u00a0(Segle XIII), el Palau de l&#8217;Almudaina (segle XIII), els banys \u00e0rabs (segle X &#8211; XII), <a title=\"la Lonja\" href=\"https:\/\/www.masmallorca.es\/cultura\/la-lonja-de-palma-de-mallorca-tiene-su-angel-de-la-guarda.html\" target=\"_blank\" rel=\"noopener\">la Llonja<\/a> (segle XV), el <a title=\"Castillo de Bellver\" href=\"https:\/\/www.masmallorca.es\/sitios-con-encanto\/castillo-de-bellver-mallorca.html\" target=\"_blank\" rel=\"noopener\">Castell de Bellver<\/a> (siglo XIV), etc., s\u00f3n tan sols alguns exemples.<\/p>\n<p style=\"text-align: justify;\"><strong><span style=\"text-align: justify;\"><img loading=\"lazy\" decoding=\"async\" class=\"alignnone wp-image-13799 size-full\" style=\"border: 0px none; margin: 0px auto; display: block;\" title=\"Mallorca, dest\u00ed cultural\" src=\"https:\/\/www.masmallorca.es\/wp-content\/uploads\/2016\/02\/mallorca-destino-cultural-2.jpg\" alt=\"Mallorca, dest\u00ed cultural\" width=\"540\" height=\"545\" srcset=\"https:\/\/www.masmallorca.es\/wp-content\/uploads\/2016\/02\/mallorca-destino-cultural-2.jpg 540w, https:\/\/www.masmallorca.es\/wp-content\/uploads\/2016\/02\/mallorca-destino-cultural-2-150x150.jpg 150w, https:\/\/www.masmallorca.es\/wp-content\/uploads\/2016\/02\/mallorca-destino-cultural-2-297x300.jpg 297w\" sizes=\"(max-width: 540px) 100vw, 540px\" \/><\/span><\/strong><\/p>\n<p>&nbsp;<\/p>\n<p style=\"text-align: justify;\">Ocupa un lloc cada vegada m\u00e9s rellevant a l&#8217;esfera cultural de l&#8217;illa la producci\u00f3 art\u00edstica contempor\u00e0nia, veient-se, tot i que t\u00edmidament, com van sorgint iniciatives que possibiliten la creaci\u00f3 de noves obres d&#8217;art que fonamenten el patrimoni del dem\u00e0. <strong>Calvi\u00e0<\/strong> s&#8217;ha convertit en un dels municipis pioners en la promoci\u00f3 i difusi\u00f3 de l&#8217;art urb\u00e0 amb el projecte &#8220;BetArt&#8221; que compta ja amb diverses edicions, gestionat en aquest cas per l&#8217;Ajuntament de la localitat, en el qual es fa una crida a comissaris i artistes urbans perqu\u00e8 presentin els seus projectes d&#8217;intervenci\u00f3 art\u00edstica.<\/p>\n<p style=\"text-align: justify;\">I \u00e9s que l&#8217;art en l&#8217;espai p\u00fablic est\u00e0 m\u00e9s present del que ens donem habitualment compte; n&#8217;hi ha prou amb fer una passejada per Palma per adonar-se&#8217;n del gran nombre d&#8217;escultures que poblen els carrers i places, i pot trobar obres d&#8217;autors tan famosos com Alexander Calder o Joan Mir\u00f3 (ambdues als Jardins de s&#8217;Hort del Rei), sent, i mai millor dit, un regal art\u00edstic a l&#8217;abast de tots i totes.<\/p>\n<p><strong><span style=\"text-align: justify;\"><img loading=\"lazy\" decoding=\"async\" class=\"alignnone wp-image-13787 size-full\" style=\"border: 0px none; margin: 0px auto; display: block;\" title=\"Mallorca, dest\u00ed cultural. Art urb\u00e0\" src=\"https:\/\/www.masmallorca.es\/wp-content\/uploads\/2016\/02\/mallorca-destino-cultural-3.jpg\" alt=\"Mallorca, dest\u00ed cultural. Art urb\u00e0\" width=\"540\" height=\"545\" srcset=\"https:\/\/www.masmallorca.es\/wp-content\/uploads\/2016\/02\/mallorca-destino-cultural-3.jpg 540w, https:\/\/www.masmallorca.es\/wp-content\/uploads\/2016\/02\/mallorca-destino-cultural-3-150x150.jpg 150w, https:\/\/www.masmallorca.es\/wp-content\/uploads\/2016\/02\/mallorca-destino-cultural-3-297x300.jpg 297w\" sizes=\"(max-width: 540px) 100vw, 540px\" \/><\/span><\/strong><\/p>\n","protected":false},"excerpt":{"rendered":"<p>\u00c9s possible que fins i tot hi hagi qui es sorprengui en descobrir que Mallorca \u00e9s molt m\u00e9s que una destinaci\u00f3 de sol i platja. Encara que \u00faltimament sembli haver-se convertit en l&#8217;ingredient de moda, la cultura ha tingut des de sempre un pes fonamental en la hist\u00f2ria i evoluci\u00f3 de l&#8217;illa. A Mallorca es [&hellip;]<\/p>\n","protected":false},"author":1,"featured_media":13806,"comment_status":"closed","ping_status":"closed","sticky":false,"template":"","format":"standard","meta":{"_et_pb_use_builder":"","_et_pb_old_content":"","_et_gb_content_width":"","footnotes":""},"categories":[19],"tags":[],"class_list":["post-13804","post","type-post","status-publish","format-standard","has-post-thumbnail","hentry","category-cultura","et-has-post-format-content","et_post_format-et-post-format-standard"],"yoast_head":"<!-- This site is optimized with the Yoast SEO plugin v27.4 - https:\/\/yoast.com\/product\/yoast-seo-wordpress\/ -->\n<title>Mallorca, dest\u00ed cultural | +Mallorca: la revista de Mallorca<\/title>\n<meta name=\"description\" content=\"Mallorca \u00e9s molt m\u00e9s que sol i platja. Gastronomia, arquitectura, experi\u00e8ncies, llocs amb encant, excursions, cicloturisme, tast de vins i oli, artesania...\" \/>\n<meta name=\"robots\" content=\"index, follow, max-snippet:-1, max-image-preview:large, max-video-preview:-1\" \/>\n<link rel=\"canonical\" href=\"https:\/\/www.masmallorca.es\/ca\/cultura\/mallorca-desti-cultural.html\" \/>\n<meta property=\"og:locale\" content=\"ca_ES\" \/>\n<meta property=\"og:type\" content=\"article\" \/>\n<meta property=\"og:title\" content=\"Mallorca, dest\u00ed cultural | +Mallorca: la revista de Mallorca\" \/>\n<meta property=\"og:description\" content=\"Mallorca \u00e9s molt m\u00e9s que sol i platja. Gastronomia, arquitectura, experi\u00e8ncies, llocs amb encant, excursions, cicloturisme, tast de vins i oli, artesania...\" \/>\n<meta property=\"og:url\" content=\"https:\/\/www.masmallorca.es\/ca\/cultura\/mallorca-desti-cultural.html\" \/>\n<meta property=\"og:site_name\" content=\"+Mallorca: la revista de Mallorca\" \/>\n<meta property=\"article:publisher\" content=\"https:\/\/www.facebook.com\/mallorcamagazine\/\" \/>\n<meta property=\"article:published_time\" content=\"2016-02-03T16:24:23+00:00\" \/>\n<meta property=\"article:modified_time\" content=\"2018-09-18T15:51:29+00:00\" \/>\n<meta property=\"og:image\" content=\"https:\/\/www.masmallorca.es\/wp-content\/uploads\/2016\/02\/mallorca-destino-cultural-2.jpg\" \/>\n\t<meta property=\"og:image:width\" content=\"540\" \/>\n\t<meta property=\"og:image:height\" content=\"545\" \/>\n\t<meta property=\"og:image:type\" content=\"image\/jpeg\" \/>\n<meta name=\"author\" content=\"masmallorca\" \/>\n<meta name=\"twitter:card\" content=\"summary_large_image\" \/>\n<meta name=\"twitter:creator\" content=\"@masmallorca\" \/>\n<meta name=\"twitter:site\" content=\"@masmallorca\" \/>\n<meta name=\"twitter:label1\" content=\"Written by\" \/>\n\t<meta name=\"twitter:data1\" content=\"masmallorca\" \/>\n\t<meta name=\"twitter:label2\" content=\"Est. reading time\" \/>\n\t<meta name=\"twitter:data2\" content=\"2 minutes\" \/>\n<script type=\"application\/ld+json\" class=\"yoast-schema-graph\">{\"@context\":\"https:\\\/\\\/schema.org\",\"@graph\":[{\"@type\":\"Article\",\"@id\":\"https:\\\/\\\/www.masmallorca.es\\\/ca\\\/cultura\\\/mallorca-desti-cultural.html#article\",\"isPartOf\":{\"@id\":\"https:\\\/\\\/www.masmallorca.es\\\/ca\\\/cultura\\\/mallorca-desti-cultural.html\"},\"author\":{\"name\":\"masmallorca\",\"@id\":\"https:\\\/\\\/www.masmallorca.es\\\/ca#\\\/schema\\\/person\\\/554c84e7dfd9917fdba2cace51081633\"},\"headline\":\"Mallorca, dest\u00ed cultural\",\"datePublished\":\"2016-02-03T16:24:23+00:00\",\"dateModified\":\"2018-09-18T15:51:29+00:00\",\"mainEntityOfPage\":{\"@id\":\"https:\\\/\\\/www.masmallorca.es\\\/ca\\\/cultura\\\/mallorca-desti-cultural.html\"},\"wordCount\":326,\"publisher\":{\"@id\":\"https:\\\/\\\/www.masmallorca.es\\\/ca#organization\"},\"image\":{\"@id\":\"https:\\\/\\\/www.masmallorca.es\\\/ca\\\/cultura\\\/mallorca-desti-cultural.html#primaryimage\"},\"thumbnailUrl\":\"https:\\\/\\\/www.masmallorca.es\\\/wp-content\\\/uploads\\\/2016\\\/02\\\/mallorca-destino-cultural-2.jpg\",\"articleSection\":[\"Cultura de Mallorca\"],\"inLanguage\":\"ca-ES\"},{\"@type\":\"WebPage\",\"@id\":\"https:\\\/\\\/www.masmallorca.es\\\/ca\\\/cultura\\\/mallorca-desti-cultural.html\",\"url\":\"https:\\\/\\\/www.masmallorca.es\\\/ca\\\/cultura\\\/mallorca-desti-cultural.html\",\"name\":\"Mallorca, dest\u00ed cultural | +Mallorca: la revista de Mallorca\",\"isPartOf\":{\"@id\":\"https:\\\/\\\/www.masmallorca.es\\\/ca#website\"},\"primaryImageOfPage\":{\"@id\":\"https:\\\/\\\/www.masmallorca.es\\\/ca\\\/cultura\\\/mallorca-desti-cultural.html#primaryimage\"},\"image\":{\"@id\":\"https:\\\/\\\/www.masmallorca.es\\\/ca\\\/cultura\\\/mallorca-desti-cultural.html#primaryimage\"},\"thumbnailUrl\":\"https:\\\/\\\/www.masmallorca.es\\\/wp-content\\\/uploads\\\/2016\\\/02\\\/mallorca-destino-cultural-2.jpg\",\"datePublished\":\"2016-02-03T16:24:23+00:00\",\"dateModified\":\"2018-09-18T15:51:29+00:00\",\"description\":\"Mallorca \u00e9s molt m\u00e9s que sol i platja. Gastronomia, arquitectura, experi\u00e8ncies, llocs amb encant, excursions, cicloturisme, tast de vins i oli, artesania...\",\"breadcrumb\":{\"@id\":\"https:\\\/\\\/www.masmallorca.es\\\/ca\\\/cultura\\\/mallorca-desti-cultural.html#breadcrumb\"},\"inLanguage\":\"ca-ES\",\"potentialAction\":[{\"@type\":\"ReadAction\",\"target\":[\"https:\\\/\\\/www.masmallorca.es\\\/ca\\\/cultura\\\/mallorca-desti-cultural.html\"]}]},{\"@type\":\"ImageObject\",\"inLanguage\":\"ca-ES\",\"@id\":\"https:\\\/\\\/www.masmallorca.es\\\/ca\\\/cultura\\\/mallorca-desti-cultural.html#primaryimage\",\"url\":\"https:\\\/\\\/www.masmallorca.es\\\/wp-content\\\/uploads\\\/2016\\\/02\\\/mallorca-destino-cultural-2.jpg\",\"contentUrl\":\"https:\\\/\\\/www.masmallorca.es\\\/wp-content\\\/uploads\\\/2016\\\/02\\\/mallorca-destino-cultural-2.jpg\",\"width\":540,\"height\":545},{\"@type\":\"BreadcrumbList\",\"@id\":\"https:\\\/\\\/www.masmallorca.es\\\/ca\\\/cultura\\\/mallorca-desti-cultural.html#breadcrumb\",\"itemListElement\":[{\"@type\":\"ListItem\",\"position\":1,\"name\":\"Portada\",\"item\":\"https:\\\/\\\/www.masmallorca.es\\\/ca\"},{\"@type\":\"ListItem\",\"position\":2,\"name\":\"Cultura de Mallorca\",\"item\":\"https:\\\/\\\/www.masmallorca.es\\\/ca\\\/cultura\"},{\"@type\":\"ListItem\",\"position\":3,\"name\":\"Mallorca, dest\u00ed cultural\"}]},{\"@type\":\"WebSite\",\"@id\":\"https:\\\/\\\/www.masmallorca.es\\\/ca#website\",\"url\":\"https:\\\/\\\/www.masmallorca.es\\\/ca\",\"name\":\"+Mallorca: la revista de Mallorca\",\"description\":\"Molt m\u00e9s que sol i platja..\",\"publisher\":{\"@id\":\"https:\\\/\\\/www.masmallorca.es\\\/ca#organization\"},\"alternateName\":\"+Mallorca\",\"potentialAction\":[{\"@type\":\"SearchAction\",\"target\":{\"@type\":\"EntryPoint\",\"urlTemplate\":\"https:\\\/\\\/www.masmallorca.es\\\/ca?s={search_term_string}\"},\"query-input\":{\"@type\":\"PropertyValueSpecification\",\"valueRequired\":true,\"valueName\":\"search_term_string\"}}],\"inLanguage\":\"ca-ES\"},{\"@type\":\"Organization\",\"@id\":\"https:\\\/\\\/www.masmallorca.es\\\/ca#organization\",\"name\":\"Revista +Mallorca\",\"alternateName\":\"M\u00e1s Mallorca\",\"url\":\"https:\\\/\\\/www.masmallorca.es\\\/ca\",\"logo\":{\"@type\":\"ImageObject\",\"inLanguage\":\"ca-ES\",\"@id\":\"https:\\\/\\\/www.masmallorca.es\\\/ca#\\\/schema\\\/logo\\\/image\\\/\",\"url\":\"https:\\\/\\\/www.masmallorca.es\\\/wp-content\\\/uploads\\\/2021\\\/04\\\/logomallorca-1.png\",\"contentUrl\":\"https:\\\/\\\/www.masmallorca.es\\\/wp-content\\\/uploads\\\/2021\\\/04\\\/logomallorca-1.png\",\"width\":326,\"height\":84,\"caption\":\"Revista +Mallorca\"},\"image\":{\"@id\":\"https:\\\/\\\/www.masmallorca.es\\\/ca#\\\/schema\\\/logo\\\/image\\\/\"},\"sameAs\":[\"https:\\\/\\\/www.facebook.com\\\/mallorcamagazine\\\/\",\"https:\\\/\\\/x.com\\\/masmallorca\"]},{\"@type\":\"Person\",\"@id\":\"https:\\\/\\\/www.masmallorca.es\\\/ca#\\\/schema\\\/person\\\/554c84e7dfd9917fdba2cace51081633\",\"name\":\"masmallorca\"}]}<\/script>\n<!-- \/ Yoast SEO plugin. -->","yoast_head_json":{"title":"Mallorca, dest\u00ed cultural | +Mallorca: la revista de Mallorca","description":"Mallorca \u00e9s molt m\u00e9s que sol i platja. Gastronomia, arquitectura, experi\u00e8ncies, llocs amb encant, excursions, cicloturisme, tast de vins i oli, artesania...","robots":{"index":"index","follow":"follow","max-snippet":"max-snippet:-1","max-image-preview":"max-image-preview:large","max-video-preview":"max-video-preview:-1"},"canonical":"https:\/\/www.masmallorca.es\/ca\/cultura\/mallorca-desti-cultural.html","og_locale":"ca_ES","og_type":"article","og_title":"Mallorca, dest\u00ed cultural | +Mallorca: la revista de Mallorca","og_description":"Mallorca \u00e9s molt m\u00e9s que sol i platja. Gastronomia, arquitectura, experi\u00e8ncies, llocs amb encant, excursions, cicloturisme, tast de vins i oli, artesania...","og_url":"https:\/\/www.masmallorca.es\/ca\/cultura\/mallorca-desti-cultural.html","og_site_name":"+Mallorca: la revista de Mallorca","article_publisher":"https:\/\/www.facebook.com\/mallorcamagazine\/","article_published_time":"2016-02-03T16:24:23+00:00","article_modified_time":"2018-09-18T15:51:29+00:00","og_image":[{"width":540,"height":545,"url":"https:\/\/www.masmallorca.es\/wp-content\/uploads\/2016\/02\/mallorca-destino-cultural-2.jpg","type":"image\/jpeg"}],"author":"masmallorca","twitter_card":"summary_large_image","twitter_creator":"@masmallorca","twitter_site":"@masmallorca","twitter_misc":{"Written by":"masmallorca","Est. reading time":"2 minutes"},"schema":{"@context":"https:\/\/schema.org","@graph":[{"@type":"Article","@id":"https:\/\/www.masmallorca.es\/ca\/cultura\/mallorca-desti-cultural.html#article","isPartOf":{"@id":"https:\/\/www.masmallorca.es\/ca\/cultura\/mallorca-desti-cultural.html"},"author":{"name":"masmallorca","@id":"https:\/\/www.masmallorca.es\/ca#\/schema\/person\/554c84e7dfd9917fdba2cace51081633"},"headline":"Mallorca, dest\u00ed cultural","datePublished":"2016-02-03T16:24:23+00:00","dateModified":"2018-09-18T15:51:29+00:00","mainEntityOfPage":{"@id":"https:\/\/www.masmallorca.es\/ca\/cultura\/mallorca-desti-cultural.html"},"wordCount":326,"publisher":{"@id":"https:\/\/www.masmallorca.es\/ca#organization"},"image":{"@id":"https:\/\/www.masmallorca.es\/ca\/cultura\/mallorca-desti-cultural.html#primaryimage"},"thumbnailUrl":"https:\/\/www.masmallorca.es\/wp-content\/uploads\/2016\/02\/mallorca-destino-cultural-2.jpg","articleSection":["Cultura de Mallorca"],"inLanguage":"ca-ES"},{"@type":"WebPage","@id":"https:\/\/www.masmallorca.es\/ca\/cultura\/mallorca-desti-cultural.html","url":"https:\/\/www.masmallorca.es\/ca\/cultura\/mallorca-desti-cultural.html","name":"Mallorca, dest\u00ed cultural | +Mallorca: la revista de Mallorca","isPartOf":{"@id":"https:\/\/www.masmallorca.es\/ca#website"},"primaryImageOfPage":{"@id":"https:\/\/www.masmallorca.es\/ca\/cultura\/mallorca-desti-cultural.html#primaryimage"},"image":{"@id":"https:\/\/www.masmallorca.es\/ca\/cultura\/mallorca-desti-cultural.html#primaryimage"},"thumbnailUrl":"https:\/\/www.masmallorca.es\/wp-content\/uploads\/2016\/02\/mallorca-destino-cultural-2.jpg","datePublished":"2016-02-03T16:24:23+00:00","dateModified":"2018-09-18T15:51:29+00:00","description":"Mallorca \u00e9s molt m\u00e9s que sol i platja. Gastronomia, arquitectura, experi\u00e8ncies, llocs amb encant, excursions, cicloturisme, tast de vins i oli, artesania...","breadcrumb":{"@id":"https:\/\/www.masmallorca.es\/ca\/cultura\/mallorca-desti-cultural.html#breadcrumb"},"inLanguage":"ca-ES","potentialAction":[{"@type":"ReadAction","target":["https:\/\/www.masmallorca.es\/ca\/cultura\/mallorca-desti-cultural.html"]}]},{"@type":"ImageObject","inLanguage":"ca-ES","@id":"https:\/\/www.masmallorca.es\/ca\/cultura\/mallorca-desti-cultural.html#primaryimage","url":"https:\/\/www.masmallorca.es\/wp-content\/uploads\/2016\/02\/mallorca-destino-cultural-2.jpg","contentUrl":"https:\/\/www.masmallorca.es\/wp-content\/uploads\/2016\/02\/mallorca-destino-cultural-2.jpg","width":540,"height":545},{"@type":"BreadcrumbList","@id":"https:\/\/www.masmallorca.es\/ca\/cultura\/mallorca-desti-cultural.html#breadcrumb","itemListElement":[{"@type":"ListItem","position":1,"name":"Portada","item":"https:\/\/www.masmallorca.es\/ca"},{"@type":"ListItem","position":2,"name":"Cultura de Mallorca","item":"https:\/\/www.masmallorca.es\/ca\/cultura"},{"@type":"ListItem","position":3,"name":"Mallorca, dest\u00ed cultural"}]},{"@type":"WebSite","@id":"https:\/\/www.masmallorca.es\/ca#website","url":"https:\/\/www.masmallorca.es\/ca","name":"+Mallorca: la revista de Mallorca","description":"Molt m\u00e9s que sol i platja..","publisher":{"@id":"https:\/\/www.masmallorca.es\/ca#organization"},"alternateName":"+Mallorca","potentialAction":[{"@type":"SearchAction","target":{"@type":"EntryPoint","urlTemplate":"https:\/\/www.masmallorca.es\/ca?s={search_term_string}"},"query-input":{"@type":"PropertyValueSpecification","valueRequired":true,"valueName":"search_term_string"}}],"inLanguage":"ca-ES"},{"@type":"Organization","@id":"https:\/\/www.masmallorca.es\/ca#organization","name":"Revista +Mallorca","alternateName":"M\u00e1s Mallorca","url":"https:\/\/www.masmallorca.es\/ca","logo":{"@type":"ImageObject","inLanguage":"ca-ES","@id":"https:\/\/www.masmallorca.es\/ca#\/schema\/logo\/image\/","url":"https:\/\/www.masmallorca.es\/wp-content\/uploads\/2021\/04\/logomallorca-1.png","contentUrl":"https:\/\/www.masmallorca.es\/wp-content\/uploads\/2021\/04\/logomallorca-1.png","width":326,"height":84,"caption":"Revista +Mallorca"},"image":{"@id":"https:\/\/www.masmallorca.es\/ca#\/schema\/logo\/image\/"},"sameAs":["https:\/\/www.facebook.com\/mallorcamagazine\/","https:\/\/x.com\/masmallorca"]},{"@type":"Person","@id":"https:\/\/www.masmallorca.es\/ca#\/schema\/person\/554c84e7dfd9917fdba2cace51081633","name":"masmallorca"}]}},"_links":{"self":[{"href":"https:\/\/www.masmallorca.es\/ca\/wp-json\/wp\/v2\/posts\/13804","targetHints":{"allow":["GET"]}}],"collection":[{"href":"https:\/\/www.masmallorca.es\/ca\/wp-json\/wp\/v2\/posts"}],"about":[{"href":"https:\/\/www.masmallorca.es\/ca\/wp-json\/wp\/v2\/types\/post"}],"author":[{"embeddable":true,"href":"https:\/\/www.masmallorca.es\/ca\/wp-json\/wp\/v2\/users\/1"}],"replies":[{"embeddable":true,"href":"https:\/\/www.masmallorca.es\/ca\/wp-json\/wp\/v2\/comments?post=13804"}],"version-history":[{"count":0,"href":"https:\/\/www.masmallorca.es\/ca\/wp-json\/wp\/v2\/posts\/13804\/revisions"}],"wp:featuredmedia":[{"embeddable":true,"href":"https:\/\/www.masmallorca.es\/ca\/wp-json\/wp\/v2\/media\/13806"}],"wp:attachment":[{"href":"https:\/\/www.masmallorca.es\/ca\/wp-json\/wp\/v2\/media?parent=13804"}],"wp:term":[{"taxonomy":"category","embeddable":true,"href":"https:\/\/www.masmallorca.es\/ca\/wp-json\/wp\/v2\/categories?post=13804"},{"taxonomy":"post_tag","embeddable":true,"href":"https:\/\/www.masmallorca.es\/ca\/wp-json\/wp\/v2\/tags?post=13804"}],"curies":[{"name":"wp","href":"https:\/\/api.w.org\/{rel}","templated":true}]}}