{"id":12919,"date":"2015-08-31T07:54:11","date_gmt":"2015-08-31T05:54:11","guid":{"rendered":""},"modified":"2017-11-16T11:57:41","modified_gmt":"2017-11-16T10:57:41","slug":"amors-prohibits-i-compres-al-call-de-palma","status":"publish","type":"post","link":"https:\/\/www.masmallorca.es\/ca\/cultura\/amors-prohibits-i-compres-al-call-de-palma.html","title":{"rendered":"Amors prohibits i compres al call de Palma"},"content":{"rendered":"<p style=\"text-align: justify;\"><img loading=\"lazy\" decoding=\"async\" class=\" alignright size-full wp-image-12882\" style=\"border: 0px none; margin: 0px 20px 40px; float: right;\" title=\"Juder\u00eda de Palma, Banco de Espa\u00f1a, Mallorca\" src=\"https:\/\/www.masmallorca.es\/wp-content\/uploads\/2015\/08\/Juderia-de-Palma-banco-Espana-1.jpg\" alt=\"Juderia-de-Palma-banco-Espana-1\" width=\"150\" height=\"105\" \/><\/p>\n<p style=\"text-align: justify;\">La comunitat jueva va habitar diverses zones a Palma de Mallorca al llarg de la hist\u00f2ria, exercint influ\u00e8ncia en una \u00e0mplia zona del <strong>nucli hist\u00f2ric<\/strong>. Recorrent el call menor i el call major passejarem pels bonics i intricats carrers del centre de la ciutat, on trobarem petits negocis amb car\u00e0cter.<\/p>\n<p><!--more--><\/p>\n<p style=\"text-align: justify;\"><img loading=\"lazy\" decoding=\"async\" class=\" alignleft size-full wp-image-12887\" style=\"border: 0px none; float: left; border-width: 0px; margin: 0px 20px 20px 0px;\" title=\"Juder\u00eda de Palma, JAIME II, Mallorca\" src=\"https:\/\/www.masmallorca.es\/wp-content\/uploads\/2015\/08\/Juderia-de-Palma-JAIME-II.jpg\" alt=\"Juderia-de-Palma-JAIME-II\" width=\"300\" height=\"456\" srcset=\"https:\/\/www.masmallorca.es\/wp-content\/uploads\/2015\/08\/Juderia-de-Palma-JAIME-II.jpg 300w, https:\/\/www.masmallorca.es\/wp-content\/uploads\/2015\/08\/Juderia-de-Palma-JAIME-II-197x300.jpg 197w\" sizes=\"(max-width: 300px) 100vw, 300px\" \/><\/p>\n<p style=\"text-align: justify;\">\u00a0<\/p>\n<p style=\"text-align: justify;\">\u00a0<\/p>\n<p style=\"text-align: justify;\">\u00a0<\/p>\n<p style=\"text-align: justify;\">Durant l&#8217;\u00e8poca musulmana els jueus van viure al recinte de l&#8217;Almudaina, al solar que ocupen actualment el Palau March i al Parlament Balear (carrer Palau Reial). Despr\u00e9s de la conquesta de Mallorca, Jaume I va afavorir a la comunitat jueva perqu\u00e8 l&#8217;havien recolzat en aquesta empresa.<\/p>\n<p style=\"text-align: justify;\">\u00a0<\/p>\n<p style=\"text-align: justify;\">L&#8217;aljama va passar a estar en call menor, situat entre els carrers Sant Bartomeu, de les Monges i Jaume II.<\/p>\n<p style=\"text-align: justify;\">\u00a0<\/p>\n<p style=\"text-align: justify;\">\u00a0<\/p>\n<p style=\"text-align: justify;\">\u00a0<\/p>\n<p style=\"text-align: justify;\">\u00a0<\/p>\n<p style=\"text-align: justify;\"><img loading=\"lazy\" decoding=\"async\" class=\" alignleft size-full wp-image-12909\" style=\"border: 0px none; margin: 0px 20px 20px 0px; float: left;\" title=\"Juder\u00eda de Palma, pati call major, Mallorca\" src=\"https:\/\/www.masmallorca.es\/wp-content\/uploads\/2015\/08\/Juderia-de-Palma-patio-call-mayor.jpg\" alt=\"Juderia-de-Palma-pati-call-major\" width=\"250\" height=\"333\" srcset=\"https:\/\/www.masmallorca.es\/wp-content\/uploads\/2015\/08\/Juderia-de-Palma-patio-call-mayor.jpg 250w, https:\/\/www.masmallorca.es\/wp-content\/uploads\/2015\/08\/Juderia-de-Palma-patio-call-mayor-225x300.jpg 225w\" sizes=\"(max-width: 250px) 100vw, 250px\" \/><\/p>\n<p style=\"text-align: justify;\">L&#8217;actual edifici del Banc d&#8217;Espanya (carrer Sant Bartomeu) se situa en l&#8217;empla\u00e7ament de la sinagoga del call menor. Posteriorment (1303), Jaume II va establir que els jueus havien de viure dins el call major o call nou de Palma. La porta d&#8217;acc\u00e9s era a la cantonada dels carrers del Sol i Monti-Sion.<\/p>\n<p style=\"text-align: justify;\">Aquests carrers pertanyien a l&#8217;orde del Temple i de Calatrava, i arribaven fins al convent de Santa Clara. Ocupa una important \u00e0rea al casc antic de Palma, amb molts <strong>monuments interessants<\/strong>, com l&#8217;interior <strong>g\u00f2tic<\/strong> de l&#8217;esgl\u00e9sia de Santa Eul\u00e0lia, el convent de les clarisses o l&#8217;esgl\u00e9sia de Monti-Sion, en la seva capella es trobava una sinagoga.<\/p>\n<p>&nbsp;<\/p>\n<p style=\"text-align: justify;\">Palma de Mallorca conserva curioses an\u00e8cdotes de la vida al call, que configuren la fisonomia de la ciutat fins als nostres dies. Un exemple \u00e9s el carrer de la Torre de l&#8217;Amor, al barri de la Calatrava. Mosh\u00e9 Faquim va construir una torre per a poder contemplar a l&#8217;esposa de Magaluf Natjar, de la qual estava obertament enamorat, fins al punt que el seu desvergonyiment va provocar les protestes del marit davant el rei Pere IV, qui va manar rebaixar la torre en dotze pams.<\/p>\n<p style=\"text-align: justify;\">El recorregut pels carrers de l&#8217;antic call de Palma \u00e9s agradable i interessant, alternant bullicioses zones comercials, com Jaume II, amb bells carrerons poc transitats.<\/p>\n<p style=\"text-align: justify;\">\u00a0<\/p>\n<p style=\"text-align: justify;\"><img loading=\"lazy\" decoding=\"async\" class=\"alignleft wp-image-12897\" style=\"border: 0px none; margin: 0px 20px 20px 0px; float: left;\" title=\"Juder\u00eda de Palma, Banco de Espa\u00f1a, Mallorca\" src=\"https:\/\/www.masmallorca.es\/wp-content\/uploads\/2015\/08\/Juderia-de-Palma-banco-Espana.jpg\" alt=\"Juderia-de-Palma-banco-Espana\" width=\"940\" height=\"649\" srcset=\"https:\/\/www.masmallorca.es\/wp-content\/uploads\/2015\/08\/Juderia-de-Palma-banco-Espana.jpg 540w, https:\/\/www.masmallorca.es\/wp-content\/uploads\/2015\/08\/Juderia-de-Palma-banco-Espana-300x207.jpg 300w\" sizes=\"(max-width: 940px) 100vw, 940px\" \/><\/p>\n<p style=\"text-align: justify;\"><img loading=\"lazy\" decoding=\"async\" class=\" alignleft size-full wp-image-12914\" style=\"border: 0px none; float: left; border-width: 0px; margin: 0px 20px 20px 0px;\" title=\"Juder\u00eda de Palma, Torre de l'amor, Mallorca\" src=\"https:\/\/www.masmallorca.es\/wp-content\/uploads\/2015\/08\/Juderia-de-Palma-torre-del-amor.jpg\" alt=\"Juder\u00eda de Palma, Torre de l'amor, Mallorca\" width=\"940\" height=\"825\" srcset=\"https:\/\/www.masmallorca.es\/wp-content\/uploads\/2015\/08\/Juderia-de-Palma-torre-del-amor.jpg 540w, https:\/\/www.masmallorca.es\/wp-content\/uploads\/2015\/08\/Juderia-de-Palma-torre-del-amor-300x263.jpg 300w\" sizes=\"(max-width: 940px) 100vw, 940px\" \/><\/p>\n<p>&nbsp;<\/p>\n<p>&nbsp;<\/p>\n<p lang=\"es-ES\" style=\"margin-bottom: 0cm; widows: 0; orphans: 0;\" align=\"JUSTIFY\">\u00a0<\/p>\n","protected":false},"excerpt":{"rendered":"<p>La comunitat jueva va habitar diverses zones a Palma de Mallorca al llarg de la hist\u00f2ria, exercint influ\u00e8ncia en una \u00e0mplia zona del nucli hist\u00f2ric. Recorrent el call menor i el call major passejarem pels bonics i intricats carrers del centre de la ciutat, on trobarem petits negocis amb car\u00e0cter.<\/p>\n","protected":false},"author":1,"featured_media":12898,"comment_status":"closed","ping_status":"closed","sticky":false,"template":"","format":"standard","meta":{"_et_pb_use_builder":"","_et_pb_old_content":"","_et_gb_content_width":"","footnotes":""},"categories":[19],"tags":[],"class_list":["post-12919","post","type-post","status-publish","format-standard","has-post-thumbnail","hentry","category-cultura","et-has-post-format-content","et_post_format-et-post-format-standard"],"yoast_head":"<!-- This site is optimized with the Yoast SEO plugin v27.4 - https:\/\/yoast.com\/product\/yoast-seo-wordpress\/ -->\n<title>Juder\u00eda de Palma | +Mallorca: la revista de Mallorca<\/title>\n<meta name=\"description\" content=\"+Mallorca: La comunitat jueva habit\u00e0 diverses zones a Palma de Mallorca al llarg de la hist\u00f2ria, exercint influ\u00e8ncia en una \u00e0mplia zona del nucli hist\u00f2ric.\" \/>\n<meta name=\"robots\" content=\"index, follow, max-snippet:-1, max-image-preview:large, max-video-preview:-1\" \/>\n<link rel=\"canonical\" href=\"https:\/\/www.masmallorca.es\/ca\/cultura\/amors-prohibits-i-compres-al-call-de-palma.html\" \/>\n<meta property=\"og:locale\" content=\"ca_ES\" \/>\n<meta property=\"og:type\" content=\"article\" \/>\n<meta property=\"og:title\" content=\"Juder\u00eda de Palma | +Mallorca: la revista de Mallorca\" \/>\n<meta property=\"og:description\" content=\"+Mallorca: La comunitat jueva habit\u00e0 diverses zones a Palma de Mallorca al llarg de la hist\u00f2ria, exercint influ\u00e8ncia en una \u00e0mplia zona del nucli hist\u00f2ric.\" \/>\n<meta property=\"og:url\" content=\"https:\/\/www.masmallorca.es\/ca\/cultura\/amors-prohibits-i-compres-al-call-de-palma.html\" \/>\n<meta property=\"og:site_name\" content=\"+Mallorca: la revista de Mallorca\" \/>\n<meta property=\"article:publisher\" content=\"https:\/\/www.facebook.com\/mallorcamagazine\/\" \/>\n<meta property=\"article:published_time\" content=\"2015-08-31T05:54:11+00:00\" \/>\n<meta property=\"article:modified_time\" content=\"2017-11-16T10:57:41+00:00\" \/>\n<meta property=\"og:image\" content=\"https:\/\/www.masmallorca.es\/wp-content\/uploads\/2015\/08\/Juderia-de-Palma-banco-Espana.jpg\" \/>\n\t<meta property=\"og:image:width\" content=\"540\" \/>\n\t<meta property=\"og:image:height\" content=\"373\" \/>\n\t<meta property=\"og:image:type\" content=\"image\/jpeg\" \/>\n<meta name=\"author\" content=\"masmallorca\" \/>\n<meta name=\"twitter:card\" content=\"summary_large_image\" \/>\n<meta name=\"twitter:creator\" content=\"@masmallorca\" \/>\n<meta name=\"twitter:site\" content=\"@masmallorca\" \/>\n<meta name=\"twitter:label1\" content=\"Written by\" \/>\n\t<meta name=\"twitter:data1\" content=\"masmallorca\" \/>\n\t<meta name=\"twitter:label2\" content=\"Est. reading time\" \/>\n\t<meta name=\"twitter:data2\" content=\"2 minutes\" \/>\n<script type=\"application\/ld+json\" class=\"yoast-schema-graph\">{\"@context\":\"https:\\\/\\\/schema.org\",\"@graph\":[{\"@type\":\"Article\",\"@id\":\"https:\\\/\\\/www.masmallorca.es\\\/ca\\\/cultura\\\/amors-prohibits-i-compres-al-call-de-palma.html#article\",\"isPartOf\":{\"@id\":\"https:\\\/\\\/www.masmallorca.es\\\/ca\\\/cultura\\\/amors-prohibits-i-compres-al-call-de-palma.html\"},\"author\":{\"name\":\"masmallorca\",\"@id\":\"https:\\\/\\\/www.masmallorca.es\\\/ca#\\\/schema\\\/person\\\/554c84e7dfd9917fdba2cace51081633\"},\"headline\":\"Amors prohibits i compres al call de Palma\",\"datePublished\":\"2015-08-31T05:54:11+00:00\",\"dateModified\":\"2017-11-16T10:57:41+00:00\",\"mainEntityOfPage\":{\"@id\":\"https:\\\/\\\/www.masmallorca.es\\\/ca\\\/cultura\\\/amors-prohibits-i-compres-al-call-de-palma.html\"},\"wordCount\":371,\"publisher\":{\"@id\":\"https:\\\/\\\/www.masmallorca.es\\\/ca#organization\"},\"image\":{\"@id\":\"https:\\\/\\\/www.masmallorca.es\\\/ca\\\/cultura\\\/amors-prohibits-i-compres-al-call-de-palma.html#primaryimage\"},\"thumbnailUrl\":\"https:\\\/\\\/www.masmallorca.es\\\/wp-content\\\/uploads\\\/2015\\\/08\\\/Juderia-de-Palma-banco-Espana.jpg\",\"articleSection\":[\"Cultura de Mallorca\"],\"inLanguage\":\"ca-ES\"},{\"@type\":\"WebPage\",\"@id\":\"https:\\\/\\\/www.masmallorca.es\\\/ca\\\/cultura\\\/amors-prohibits-i-compres-al-call-de-palma.html\",\"url\":\"https:\\\/\\\/www.masmallorca.es\\\/ca\\\/cultura\\\/amors-prohibits-i-compres-al-call-de-palma.html\",\"name\":\"Juder\u00eda de Palma | +Mallorca: la revista de Mallorca\",\"isPartOf\":{\"@id\":\"https:\\\/\\\/www.masmallorca.es\\\/ca#website\"},\"primaryImageOfPage\":{\"@id\":\"https:\\\/\\\/www.masmallorca.es\\\/ca\\\/cultura\\\/amors-prohibits-i-compres-al-call-de-palma.html#primaryimage\"},\"image\":{\"@id\":\"https:\\\/\\\/www.masmallorca.es\\\/ca\\\/cultura\\\/amors-prohibits-i-compres-al-call-de-palma.html#primaryimage\"},\"thumbnailUrl\":\"https:\\\/\\\/www.masmallorca.es\\\/wp-content\\\/uploads\\\/2015\\\/08\\\/Juderia-de-Palma-banco-Espana.jpg\",\"datePublished\":\"2015-08-31T05:54:11+00:00\",\"dateModified\":\"2017-11-16T10:57:41+00:00\",\"description\":\"+Mallorca: La comunitat jueva habit\u00e0 diverses zones a Palma de Mallorca al llarg de la hist\u00f2ria, exercint influ\u00e8ncia en una \u00e0mplia zona del nucli hist\u00f2ric.\",\"breadcrumb\":{\"@id\":\"https:\\\/\\\/www.masmallorca.es\\\/ca\\\/cultura\\\/amors-prohibits-i-compres-al-call-de-palma.html#breadcrumb\"},\"inLanguage\":\"ca-ES\",\"potentialAction\":[{\"@type\":\"ReadAction\",\"target\":[\"https:\\\/\\\/www.masmallorca.es\\\/ca\\\/cultura\\\/amors-prohibits-i-compres-al-call-de-palma.html\"]}]},{\"@type\":\"ImageObject\",\"inLanguage\":\"ca-ES\",\"@id\":\"https:\\\/\\\/www.masmallorca.es\\\/ca\\\/cultura\\\/amors-prohibits-i-compres-al-call-de-palma.html#primaryimage\",\"url\":\"https:\\\/\\\/www.masmallorca.es\\\/wp-content\\\/uploads\\\/2015\\\/08\\\/Juderia-de-Palma-banco-Espana.jpg\",\"contentUrl\":\"https:\\\/\\\/www.masmallorca.es\\\/wp-content\\\/uploads\\\/2015\\\/08\\\/Juderia-de-Palma-banco-Espana.jpg\",\"width\":540,\"height\":373},{\"@type\":\"BreadcrumbList\",\"@id\":\"https:\\\/\\\/www.masmallorca.es\\\/ca\\\/cultura\\\/amors-prohibits-i-compres-al-call-de-palma.html#breadcrumb\",\"itemListElement\":[{\"@type\":\"ListItem\",\"position\":1,\"name\":\"Portada\",\"item\":\"https:\\\/\\\/www.masmallorca.es\\\/ca\"},{\"@type\":\"ListItem\",\"position\":2,\"name\":\"Cultura de Mallorca\",\"item\":\"https:\\\/\\\/www.masmallorca.es\\\/ca\\\/cultura\"},{\"@type\":\"ListItem\",\"position\":3,\"name\":\"Amors prohibits i compres al call de Palma\"}]},{\"@type\":\"WebSite\",\"@id\":\"https:\\\/\\\/www.masmallorca.es\\\/ca#website\",\"url\":\"https:\\\/\\\/www.masmallorca.es\\\/ca\",\"name\":\"+Mallorca: la revista de Mallorca\",\"description\":\"Molt m\u00e9s que sol i platja..\",\"publisher\":{\"@id\":\"https:\\\/\\\/www.masmallorca.es\\\/ca#organization\"},\"alternateName\":\"+Mallorca\",\"potentialAction\":[{\"@type\":\"SearchAction\",\"target\":{\"@type\":\"EntryPoint\",\"urlTemplate\":\"https:\\\/\\\/www.masmallorca.es\\\/ca?s={search_term_string}\"},\"query-input\":{\"@type\":\"PropertyValueSpecification\",\"valueRequired\":true,\"valueName\":\"search_term_string\"}}],\"inLanguage\":\"ca-ES\"},{\"@type\":\"Organization\",\"@id\":\"https:\\\/\\\/www.masmallorca.es\\\/ca#organization\",\"name\":\"Revista +Mallorca\",\"alternateName\":\"M\u00e1s Mallorca\",\"url\":\"https:\\\/\\\/www.masmallorca.es\\\/ca\",\"logo\":{\"@type\":\"ImageObject\",\"inLanguage\":\"ca-ES\",\"@id\":\"https:\\\/\\\/www.masmallorca.es\\\/ca#\\\/schema\\\/logo\\\/image\\\/\",\"url\":\"https:\\\/\\\/www.masmallorca.es\\\/wp-content\\\/uploads\\\/2021\\\/04\\\/logomallorca-1.png\",\"contentUrl\":\"https:\\\/\\\/www.masmallorca.es\\\/wp-content\\\/uploads\\\/2021\\\/04\\\/logomallorca-1.png\",\"width\":326,\"height\":84,\"caption\":\"Revista +Mallorca\"},\"image\":{\"@id\":\"https:\\\/\\\/www.masmallorca.es\\\/ca#\\\/schema\\\/logo\\\/image\\\/\"},\"sameAs\":[\"https:\\\/\\\/www.facebook.com\\\/mallorcamagazine\\\/\",\"https:\\\/\\\/x.com\\\/masmallorca\"]},{\"@type\":\"Person\",\"@id\":\"https:\\\/\\\/www.masmallorca.es\\\/ca#\\\/schema\\\/person\\\/554c84e7dfd9917fdba2cace51081633\",\"name\":\"masmallorca\"}]}<\/script>\n<!-- \/ Yoast SEO plugin. -->","yoast_head_json":{"title":"Juder\u00eda de Palma | +Mallorca: la revista de Mallorca","description":"+Mallorca: La comunitat jueva habit\u00e0 diverses zones a Palma de Mallorca al llarg de la hist\u00f2ria, exercint influ\u00e8ncia en una \u00e0mplia zona del nucli hist\u00f2ric.","robots":{"index":"index","follow":"follow","max-snippet":"max-snippet:-1","max-image-preview":"max-image-preview:large","max-video-preview":"max-video-preview:-1"},"canonical":"https:\/\/www.masmallorca.es\/ca\/cultura\/amors-prohibits-i-compres-al-call-de-palma.html","og_locale":"ca_ES","og_type":"article","og_title":"Juder\u00eda de Palma | +Mallorca: la revista de Mallorca","og_description":"+Mallorca: La comunitat jueva habit\u00e0 diverses zones a Palma de Mallorca al llarg de la hist\u00f2ria, exercint influ\u00e8ncia en una \u00e0mplia zona del nucli hist\u00f2ric.","og_url":"https:\/\/www.masmallorca.es\/ca\/cultura\/amors-prohibits-i-compres-al-call-de-palma.html","og_site_name":"+Mallorca: la revista de Mallorca","article_publisher":"https:\/\/www.facebook.com\/mallorcamagazine\/","article_published_time":"2015-08-31T05:54:11+00:00","article_modified_time":"2017-11-16T10:57:41+00:00","og_image":[{"width":540,"height":373,"url":"https:\/\/www.masmallorca.es\/wp-content\/uploads\/2015\/08\/Juderia-de-Palma-banco-Espana.jpg","type":"image\/jpeg"}],"author":"masmallorca","twitter_card":"summary_large_image","twitter_creator":"@masmallorca","twitter_site":"@masmallorca","twitter_misc":{"Written by":"masmallorca","Est. reading time":"2 minutes"},"schema":{"@context":"https:\/\/schema.org","@graph":[{"@type":"Article","@id":"https:\/\/www.masmallorca.es\/ca\/cultura\/amors-prohibits-i-compres-al-call-de-palma.html#article","isPartOf":{"@id":"https:\/\/www.masmallorca.es\/ca\/cultura\/amors-prohibits-i-compres-al-call-de-palma.html"},"author":{"name":"masmallorca","@id":"https:\/\/www.masmallorca.es\/ca#\/schema\/person\/554c84e7dfd9917fdba2cace51081633"},"headline":"Amors prohibits i compres al call de Palma","datePublished":"2015-08-31T05:54:11+00:00","dateModified":"2017-11-16T10:57:41+00:00","mainEntityOfPage":{"@id":"https:\/\/www.masmallorca.es\/ca\/cultura\/amors-prohibits-i-compres-al-call-de-palma.html"},"wordCount":371,"publisher":{"@id":"https:\/\/www.masmallorca.es\/ca#organization"},"image":{"@id":"https:\/\/www.masmallorca.es\/ca\/cultura\/amors-prohibits-i-compres-al-call-de-palma.html#primaryimage"},"thumbnailUrl":"https:\/\/www.masmallorca.es\/wp-content\/uploads\/2015\/08\/Juderia-de-Palma-banco-Espana.jpg","articleSection":["Cultura de Mallorca"],"inLanguage":"ca-ES"},{"@type":"WebPage","@id":"https:\/\/www.masmallorca.es\/ca\/cultura\/amors-prohibits-i-compres-al-call-de-palma.html","url":"https:\/\/www.masmallorca.es\/ca\/cultura\/amors-prohibits-i-compres-al-call-de-palma.html","name":"Juder\u00eda de Palma | +Mallorca: la revista de Mallorca","isPartOf":{"@id":"https:\/\/www.masmallorca.es\/ca#website"},"primaryImageOfPage":{"@id":"https:\/\/www.masmallorca.es\/ca\/cultura\/amors-prohibits-i-compres-al-call-de-palma.html#primaryimage"},"image":{"@id":"https:\/\/www.masmallorca.es\/ca\/cultura\/amors-prohibits-i-compres-al-call-de-palma.html#primaryimage"},"thumbnailUrl":"https:\/\/www.masmallorca.es\/wp-content\/uploads\/2015\/08\/Juderia-de-Palma-banco-Espana.jpg","datePublished":"2015-08-31T05:54:11+00:00","dateModified":"2017-11-16T10:57:41+00:00","description":"+Mallorca: La comunitat jueva habit\u00e0 diverses zones a Palma de Mallorca al llarg de la hist\u00f2ria, exercint influ\u00e8ncia en una \u00e0mplia zona del nucli hist\u00f2ric.","breadcrumb":{"@id":"https:\/\/www.masmallorca.es\/ca\/cultura\/amors-prohibits-i-compres-al-call-de-palma.html#breadcrumb"},"inLanguage":"ca-ES","potentialAction":[{"@type":"ReadAction","target":["https:\/\/www.masmallorca.es\/ca\/cultura\/amors-prohibits-i-compres-al-call-de-palma.html"]}]},{"@type":"ImageObject","inLanguage":"ca-ES","@id":"https:\/\/www.masmallorca.es\/ca\/cultura\/amors-prohibits-i-compres-al-call-de-palma.html#primaryimage","url":"https:\/\/www.masmallorca.es\/wp-content\/uploads\/2015\/08\/Juderia-de-Palma-banco-Espana.jpg","contentUrl":"https:\/\/www.masmallorca.es\/wp-content\/uploads\/2015\/08\/Juderia-de-Palma-banco-Espana.jpg","width":540,"height":373},{"@type":"BreadcrumbList","@id":"https:\/\/www.masmallorca.es\/ca\/cultura\/amors-prohibits-i-compres-al-call-de-palma.html#breadcrumb","itemListElement":[{"@type":"ListItem","position":1,"name":"Portada","item":"https:\/\/www.masmallorca.es\/ca"},{"@type":"ListItem","position":2,"name":"Cultura de Mallorca","item":"https:\/\/www.masmallorca.es\/ca\/cultura"},{"@type":"ListItem","position":3,"name":"Amors prohibits i compres al call de Palma"}]},{"@type":"WebSite","@id":"https:\/\/www.masmallorca.es\/ca#website","url":"https:\/\/www.masmallorca.es\/ca","name":"+Mallorca: la revista de Mallorca","description":"Molt m\u00e9s que sol i platja..","publisher":{"@id":"https:\/\/www.masmallorca.es\/ca#organization"},"alternateName":"+Mallorca","potentialAction":[{"@type":"SearchAction","target":{"@type":"EntryPoint","urlTemplate":"https:\/\/www.masmallorca.es\/ca?s={search_term_string}"},"query-input":{"@type":"PropertyValueSpecification","valueRequired":true,"valueName":"search_term_string"}}],"inLanguage":"ca-ES"},{"@type":"Organization","@id":"https:\/\/www.masmallorca.es\/ca#organization","name":"Revista +Mallorca","alternateName":"M\u00e1s Mallorca","url":"https:\/\/www.masmallorca.es\/ca","logo":{"@type":"ImageObject","inLanguage":"ca-ES","@id":"https:\/\/www.masmallorca.es\/ca#\/schema\/logo\/image\/","url":"https:\/\/www.masmallorca.es\/wp-content\/uploads\/2021\/04\/logomallorca-1.png","contentUrl":"https:\/\/www.masmallorca.es\/wp-content\/uploads\/2021\/04\/logomallorca-1.png","width":326,"height":84,"caption":"Revista +Mallorca"},"image":{"@id":"https:\/\/www.masmallorca.es\/ca#\/schema\/logo\/image\/"},"sameAs":["https:\/\/www.facebook.com\/mallorcamagazine\/","https:\/\/x.com\/masmallorca"]},{"@type":"Person","@id":"https:\/\/www.masmallorca.es\/ca#\/schema\/person\/554c84e7dfd9917fdba2cace51081633","name":"masmallorca"}]}},"_links":{"self":[{"href":"https:\/\/www.masmallorca.es\/ca\/wp-json\/wp\/v2\/posts\/12919","targetHints":{"allow":["GET"]}}],"collection":[{"href":"https:\/\/www.masmallorca.es\/ca\/wp-json\/wp\/v2\/posts"}],"about":[{"href":"https:\/\/www.masmallorca.es\/ca\/wp-json\/wp\/v2\/types\/post"}],"author":[{"embeddable":true,"href":"https:\/\/www.masmallorca.es\/ca\/wp-json\/wp\/v2\/users\/1"}],"replies":[{"embeddable":true,"href":"https:\/\/www.masmallorca.es\/ca\/wp-json\/wp\/v2\/comments?post=12919"}],"version-history":[{"count":0,"href":"https:\/\/www.masmallorca.es\/ca\/wp-json\/wp\/v2\/posts\/12919\/revisions"}],"wp:featuredmedia":[{"embeddable":true,"href":"https:\/\/www.masmallorca.es\/ca\/wp-json\/wp\/v2\/media\/12898"}],"wp:attachment":[{"href":"https:\/\/www.masmallorca.es\/ca\/wp-json\/wp\/v2\/media?parent=12919"}],"wp:term":[{"taxonomy":"category","embeddable":true,"href":"https:\/\/www.masmallorca.es\/ca\/wp-json\/wp\/v2\/categories?post=12919"},{"taxonomy":"post_tag","embeddable":true,"href":"https:\/\/www.masmallorca.es\/ca\/wp-json\/wp\/v2\/tags?post=12919"}],"curies":[{"name":"wp","href":"https:\/\/api.w.org\/{rel}","templated":true}]}}