{"id":12293,"date":"2014-10-23T14:03:51","date_gmt":"2014-10-23T12:03:51","guid":{"rendered":""},"modified":"2023-12-04T12:19:31","modified_gmt":"2023-12-04T11:19:31","slug":"el-culte-al-paisatge","status":"publish","type":"post","link":"https:\/\/www.masmallorca.es\/ca\/cultura\/el-culte-al-paisatge.html","title":{"rendered":"El culte al paisatge"},"content":{"rendered":"\n<p>Des de sempre s&#8217;ha sabut que el culte al paisatge ha estat un dels principals acostaments que t\u00e9 l&#8217;home envers la seva pr\u00f2pia naturalesa, independentment de la seva interpretaci\u00f3. La interpretaci\u00f3 del paisatge pot ser \u00e0mplia, segons la t\u00e8cnica que cada persona realitzi.<\/p>\n\n\n\n<!--more-->\n\n\n\n<p>Si ens centrem en l&#8217;<strong>art pict\u00f2ric<\/strong>, podem trobar molt\u00edssimes corrents que lligades, independentment o no, al paisatgisme han fet de l&#8217;art de la pintura un dels m\u00e9s acceptats per l&#8217;\u00e9sser hum\u00e0, ja que es troba en la gen\u00e8tica d&#8217;aquest durant milers d&#8217;anys, remuntant-se a temps prehist\u00f2rics quan l&#8217;home va intentar plasmar en les coves el seu entorn. <\/p>\n\n\n\n<p>Tal acceptaci\u00f3 ha fet que ens familiaritzem r\u00e0pidament amb una obra pict\u00f2rica, independentment de la nostra acceptaci\u00f3, buscant un s\u00edmil o un patr\u00f3 que identifiqui el que estem visualitzant.<\/p>\n\n\n\n<figure class=\"wp-block-image is-resized\"><img loading=\"lazy\" decoding=\"async\" width=\"540\" height=\"405\" src=\"https:\/\/www.masmallorca.es\/wp-content\/uploads\/2014\/10\/El-culto-al-paisaje-Fuster-Valldemossa.jpg\" alt=\"El culte al paisatge, Fuster: Valldemossa\" class=\"wp-image-12276\" style=\"width:828px;height:auto\" title=\"El culte al paisatge, Fuster: Valldemossa\" srcset=\"https:\/\/www.masmallorca.es\/wp-content\/uploads\/2014\/10\/El-culto-al-paisaje-Fuster-Valldemossa.jpg 540w, https:\/\/www.masmallorca.es\/wp-content\/uploads\/2014\/10\/El-culto-al-paisaje-Fuster-Valldemossa-300x225.jpg 300w\" sizes=\"(max-width: 540px) 100vw, 540px\" \/><figcaption class=\"wp-element-caption\">El culte al paisatge, Fuster: Valldemossa<\/figcaption><\/figure>\n\n\n\n<p>Potser el paisatgisme sigui un dels temes favorits i m\u00e9s recurrents que hi ha en l&#8217;art, per\u00f2 la dificultat que tanca aquesta tem\u00e0tica s&#8217;allunya molt del concepte general que es t\u00e9, incloent l&#8217;opini\u00f3 dels experts.<\/p>\n\n\n\n<p>Intentar imitar el que s&#8217;observa \u00e9s molt complicat, tenint en compte que l&#8217;ess\u00e8ncia de cada imatge est\u00e0 condicionada a una cosa tan b\u00e0sica com l&#8217;instant. <\/p>\n\n\n\n<h2 class=\"wp-block-heading\">No es pot retenir l&#8217;instant, per\u00f2 s\u00ed una concatenaci\u00f3 de diversos d&#8217;ells per aconseguir interpretar-los. <\/h2>\n\n\n\n<p>El gran fil\u00f2sof prussi\u00e0 Kant va dir que &#8220;<strong>la bellesa art\u00edstica no consisteix en representar una cosa bella, sin\u00f3 en la bella representaci\u00f3 d&#8217;una cosa<\/strong>&#8220;. Res m\u00e9s encertat, per aix\u00f2 cada artista t\u00e9 la seva representaci\u00f3 \u00fanica i particular.<\/p>\n\n\n\n<figure class=\"wp-block-image is-resized\"><img loading=\"lazy\" decoding=\"async\" width=\"540\" height=\"444\" src=\"https:\/\/www.masmallorca.es\/wp-content\/uploads\/2014\/10\/El-culto-al-paisaje-Gaspar-Riera-Hort-de-Binissalem.jpg\" alt=\"El culte al paisatge, Gaspar Riera: Hort de Binissalem\" class=\"wp-image-12281\" style=\"width:829px;height:auto\" title=\"El culte al paisatge, Gaspar Riera: Hort de Binissalem\" srcset=\"https:\/\/www.masmallorca.es\/wp-content\/uploads\/2014\/10\/El-culto-al-paisaje-Gaspar-Riera-Hort-de-Binissalem.jpg 540w, https:\/\/www.masmallorca.es\/wp-content\/uploads\/2014\/10\/El-culto-al-paisaje-Gaspar-Riera-Hort-de-Binissalem-300x247.jpg 300w\" sizes=\"(max-width: 540px) 100vw, 540px\" \/><figcaption class=\"wp-element-caption\">El culte al paisatge, Gaspar Riera: Hort de Binissalem<\/figcaption><\/figure>\n\n\n\n<p>Aquesta ra\u00f3, la interpretaci\u00f3 causal, ha reunit diversos artistes de diferents exposicions col\u00b7lectives, que es celebraran en un entorn d&#8217;un poble amb tant d&#8217;art com de cultura, <strong>Valldemossa<\/strong>. <\/p>\n\n\n\n<p>L&#8217;exposici\u00f3 porta el nom de <strong>&#8220;El culte al paisatge. \u00c8poca daurada i actual&#8221;<\/strong>. La primera exposici\u00f3 sobre l&#8217;\u00e8poca daurada, reunir\u00e0 grans artistes que han passat per Mallorca i van marcar un dels moments m\u00e9s espectaculars que tingut l&#8217;illa: Joan Fuster, Joan Borras, Antoni Llobet, Gabriel Fiol. <\/p>\n\n\n\n<p>A la segona col\u00b7lectiva es reuniran artistes actuals, tots amb el mateix tema, per\u00f2 amb diferents estils i or\u00edgens:\u00a0Mariella Moreno i Nathalie Gandouin-Maillard de Fran\u00e7a;\u00a0Esther Coll i Joan Zamora de Catalunya; Pilar Garc\u00eda, Dolors Mart\u00ed, <a title=\"Toni Bennassar\" href=\"https:\/\/www.masmallorca.es\/nuestra-gente\/antoni-bennassar-el-tuareg-de-la-pintura-al-pastel.html\">Toni Bennassar<\/a>, Lucia Parra i Mercedes Alabern de Balears i Max Silva del Per\u00fa.<\/p>\n\n\n\n<p>El culte al paisatge no ve a ser m\u00e9s que l&#8217;excusa perfecta per recordar que l&#8217;art est\u00e0 lligat a la naturalesa de l&#8217;\u00e9sser hum\u00e0 i que la naturalesa de l&#8217;\u00e9sser hum\u00e0 va lligada a la seva ess\u00e8ncia, i l&#8217;ess\u00e8ncia \u00e9s senzillament la contemplaci\u00f3.<\/p>\n\n\n\n<figure class=\"wp-block-image is-resized\"><img loading=\"lazy\" decoding=\"async\" width=\"540\" height=\"405\" src=\"https:\/\/www.masmallorca.es\/wp-content\/uploads\/2014\/10\/el-culto-al-paisaje-cala-figuera-Antoni-Bennassar.jpg\" alt=\"El culte al paisatge, Antoni Bennassar: Cala Figuera\" class=\"wp-image-12286\" style=\"width:831px;height:auto\" title=\"El culte al paisatge, Antoni Bennassar: Cala Figuera\" srcset=\"https:\/\/www.masmallorca.es\/wp-content\/uploads\/2014\/10\/el-culto-al-paisaje-cala-figuera-Antoni-Bennassar.jpg 540w, https:\/\/www.masmallorca.es\/wp-content\/uploads\/2014\/10\/el-culto-al-paisaje-cala-figuera-Antoni-Bennassar-300x225.jpg 300w\" sizes=\"(max-width: 540px) 100vw, 540px\" \/><figcaption class=\"wp-element-caption\">El culte al paisatge, Antoni Bennassar: Cala Figuera<\/figcaption><\/figure>\n","protected":false},"excerpt":{"rendered":"<p>Des de sempre s&#8217;ha sabut que el culte al paisatge ha estat un dels principals acostaments que t\u00e9 l&#8217;home envers la seva pr\u00f2pia naturalesa, independentment de la seva interpretaci\u00f3. La interpretaci\u00f3 del paisatge pot ser \u00e0mplia, segons la t\u00e8cnica que cada persona realitzi.<\/p>\n","protected":false},"author":1,"featured_media":12282,"comment_status":"closed","ping_status":"closed","sticky":false,"template":"","format":"standard","meta":{"_et_pb_use_builder":"","_et_pb_old_content":"","_et_gb_content_width":"","footnotes":""},"categories":[19],"tags":[],"class_list":["post-12293","post","type-post","status-publish","format-standard","has-post-thumbnail","hentry","category-cultura","et-has-post-format-content","et_post_format-et-post-format-standard"],"yoast_head":"<!-- This site is optimized with the Yoast SEO plugin v27.4 - https:\/\/yoast.com\/product\/yoast-seo-wordpress\/ -->\n<title>El culte al paisatge | +Mallorca: la revista de Mallorca<\/title>\n<meta name=\"description\" content=\"El culte al paisatge no ve a ser m\u00e9s que l&#039;excusa perfecta per recordar que l&#039;art est\u00e0 lligat a la naturalesa de l&#039;\u00e9sser hum\u00e0\" \/>\n<meta name=\"robots\" content=\"index, follow, max-snippet:-1, max-image-preview:large, max-video-preview:-1\" \/>\n<link rel=\"canonical\" href=\"https:\/\/www.masmallorca.es\/ca\/cultura\/el-culte-al-paisatge.html\" \/>\n<meta property=\"og:locale\" content=\"ca_ES\" \/>\n<meta property=\"og:type\" content=\"article\" \/>\n<meta property=\"og:title\" content=\"El culte al paisatge | +Mallorca: la revista de Mallorca\" \/>\n<meta property=\"og:description\" content=\"El culte al paisatge no ve a ser m\u00e9s que l&#039;excusa perfecta per recordar que l&#039;art est\u00e0 lligat a la naturalesa de l&#039;\u00e9sser hum\u00e0\" \/>\n<meta property=\"og:url\" content=\"https:\/\/www.masmallorca.es\/ca\/cultura\/el-culte-al-paisatge.html\" \/>\n<meta property=\"og:site_name\" content=\"+Mallorca: la revista de Mallorca\" \/>\n<meta property=\"article:publisher\" content=\"https:\/\/www.facebook.com\/mallorcamagazine\/\" \/>\n<meta property=\"article:published_time\" content=\"2014-10-23T12:03:51+00:00\" \/>\n<meta property=\"article:modified_time\" content=\"2023-12-04T11:19:31+00:00\" \/>\n<meta property=\"og:image\" content=\"https:\/\/www.masmallorca.es\/wp-content\/uploads\/2014\/10\/El-culto-al-paisaje-Gaspar-Riera-Hort-de-Binissalem.jpg\" \/>\n\t<meta property=\"og:image:width\" content=\"540\" \/>\n\t<meta property=\"og:image:height\" content=\"444\" \/>\n\t<meta property=\"og:image:type\" content=\"image\/jpeg\" \/>\n<meta name=\"author\" content=\"masmallorca\" \/>\n<meta name=\"twitter:card\" content=\"summary_large_image\" \/>\n<meta name=\"twitter:creator\" content=\"@masmallorca\" \/>\n<meta name=\"twitter:site\" content=\"@masmallorca\" \/>\n<meta name=\"twitter:label1\" content=\"Written by\" \/>\n\t<meta name=\"twitter:data1\" content=\"masmallorca\" \/>\n\t<meta name=\"twitter:label2\" content=\"Est. reading time\" \/>\n\t<meta name=\"twitter:data2\" content=\"3 minutes\" \/>\n<script type=\"application\/ld+json\" class=\"yoast-schema-graph\">{\"@context\":\"https:\\\/\\\/schema.org\",\"@graph\":[{\"@type\":\"Article\",\"@id\":\"https:\\\/\\\/www.masmallorca.es\\\/ca\\\/cultura\\\/el-culte-al-paisatge.html#article\",\"isPartOf\":{\"@id\":\"https:\\\/\\\/www.masmallorca.es\\\/ca\\\/cultura\\\/el-culte-al-paisatge.html\"},\"author\":{\"name\":\"masmallorca\",\"@id\":\"https:\\\/\\\/www.masmallorca.es\\\/ca#\\\/schema\\\/person\\\/554c84e7dfd9917fdba2cace51081633\"},\"headline\":\"El culte al paisatge\",\"datePublished\":\"2014-10-23T12:03:51+00:00\",\"dateModified\":\"2023-12-04T11:19:31+00:00\",\"mainEntityOfPage\":{\"@id\":\"https:\\\/\\\/www.masmallorca.es\\\/ca\\\/cultura\\\/el-culte-al-paisatge.html\"},\"wordCount\":491,\"publisher\":{\"@id\":\"https:\\\/\\\/www.masmallorca.es\\\/ca#organization\"},\"image\":{\"@id\":\"https:\\\/\\\/www.masmallorca.es\\\/ca\\\/cultura\\\/el-culte-al-paisatge.html#primaryimage\"},\"thumbnailUrl\":\"https:\\\/\\\/www.masmallorca.es\\\/wp-content\\\/uploads\\\/2014\\\/10\\\/El-culto-al-paisaje-Gaspar-Riera-Hort-de-Binissalem.jpg\",\"articleSection\":[\"Cultura de Mallorca\"],\"inLanguage\":\"ca-ES\"},{\"@type\":\"WebPage\",\"@id\":\"https:\\\/\\\/www.masmallorca.es\\\/ca\\\/cultura\\\/el-culte-al-paisatge.html\",\"url\":\"https:\\\/\\\/www.masmallorca.es\\\/ca\\\/cultura\\\/el-culte-al-paisatge.html\",\"name\":\"El culte al paisatge | +Mallorca: la revista de Mallorca\",\"isPartOf\":{\"@id\":\"https:\\\/\\\/www.masmallorca.es\\\/ca#website\"},\"primaryImageOfPage\":{\"@id\":\"https:\\\/\\\/www.masmallorca.es\\\/ca\\\/cultura\\\/el-culte-al-paisatge.html#primaryimage\"},\"image\":{\"@id\":\"https:\\\/\\\/www.masmallorca.es\\\/ca\\\/cultura\\\/el-culte-al-paisatge.html#primaryimage\"},\"thumbnailUrl\":\"https:\\\/\\\/www.masmallorca.es\\\/wp-content\\\/uploads\\\/2014\\\/10\\\/El-culto-al-paisaje-Gaspar-Riera-Hort-de-Binissalem.jpg\",\"datePublished\":\"2014-10-23T12:03:51+00:00\",\"dateModified\":\"2023-12-04T11:19:31+00:00\",\"description\":\"El culte al paisatge no ve a ser m\u00e9s que l'excusa perfecta per recordar que l'art est\u00e0 lligat a la naturalesa de l'\u00e9sser hum\u00e0\",\"breadcrumb\":{\"@id\":\"https:\\\/\\\/www.masmallorca.es\\\/ca\\\/cultura\\\/el-culte-al-paisatge.html#breadcrumb\"},\"inLanguage\":\"ca-ES\",\"potentialAction\":[{\"@type\":\"ReadAction\",\"target\":[\"https:\\\/\\\/www.masmallorca.es\\\/ca\\\/cultura\\\/el-culte-al-paisatge.html\"]}]},{\"@type\":\"ImageObject\",\"inLanguage\":\"ca-ES\",\"@id\":\"https:\\\/\\\/www.masmallorca.es\\\/ca\\\/cultura\\\/el-culte-al-paisatge.html#primaryimage\",\"url\":\"https:\\\/\\\/www.masmallorca.es\\\/wp-content\\\/uploads\\\/2014\\\/10\\\/El-culto-al-paisaje-Gaspar-Riera-Hort-de-Binissalem.jpg\",\"contentUrl\":\"https:\\\/\\\/www.masmallorca.es\\\/wp-content\\\/uploads\\\/2014\\\/10\\\/El-culto-al-paisaje-Gaspar-Riera-Hort-de-Binissalem.jpg\",\"width\":540,\"height\":444,\"caption\":\"El culto al paisaje: Hort de Binissalem, Gaspar Riera.\"},{\"@type\":\"BreadcrumbList\",\"@id\":\"https:\\\/\\\/www.masmallorca.es\\\/ca\\\/cultura\\\/el-culte-al-paisatge.html#breadcrumb\",\"itemListElement\":[{\"@type\":\"ListItem\",\"position\":1,\"name\":\"Portada\",\"item\":\"https:\\\/\\\/www.masmallorca.es\\\/ca\"},{\"@type\":\"ListItem\",\"position\":2,\"name\":\"Cultura de Mallorca\",\"item\":\"https:\\\/\\\/www.masmallorca.es\\\/ca\\\/cultura\"},{\"@type\":\"ListItem\",\"position\":3,\"name\":\"El culte al paisatge\"}]},{\"@type\":\"WebSite\",\"@id\":\"https:\\\/\\\/www.masmallorca.es\\\/ca#website\",\"url\":\"https:\\\/\\\/www.masmallorca.es\\\/ca\",\"name\":\"+Mallorca: la revista de Mallorca\",\"description\":\"Molt m\u00e9s que sol i platja..\",\"publisher\":{\"@id\":\"https:\\\/\\\/www.masmallorca.es\\\/ca#organization\"},\"alternateName\":\"+Mallorca\",\"potentialAction\":[{\"@type\":\"SearchAction\",\"target\":{\"@type\":\"EntryPoint\",\"urlTemplate\":\"https:\\\/\\\/www.masmallorca.es\\\/ca?s={search_term_string}\"},\"query-input\":{\"@type\":\"PropertyValueSpecification\",\"valueRequired\":true,\"valueName\":\"search_term_string\"}}],\"inLanguage\":\"ca-ES\"},{\"@type\":\"Organization\",\"@id\":\"https:\\\/\\\/www.masmallorca.es\\\/ca#organization\",\"name\":\"Revista +Mallorca\",\"alternateName\":\"M\u00e1s Mallorca\",\"url\":\"https:\\\/\\\/www.masmallorca.es\\\/ca\",\"logo\":{\"@type\":\"ImageObject\",\"inLanguage\":\"ca-ES\",\"@id\":\"https:\\\/\\\/www.masmallorca.es\\\/ca#\\\/schema\\\/logo\\\/image\\\/\",\"url\":\"https:\\\/\\\/www.masmallorca.es\\\/wp-content\\\/uploads\\\/2021\\\/04\\\/logomallorca-1.png\",\"contentUrl\":\"https:\\\/\\\/www.masmallorca.es\\\/wp-content\\\/uploads\\\/2021\\\/04\\\/logomallorca-1.png\",\"width\":326,\"height\":84,\"caption\":\"Revista +Mallorca\"},\"image\":{\"@id\":\"https:\\\/\\\/www.masmallorca.es\\\/ca#\\\/schema\\\/logo\\\/image\\\/\"},\"sameAs\":[\"https:\\\/\\\/www.facebook.com\\\/mallorcamagazine\\\/\",\"https:\\\/\\\/x.com\\\/masmallorca\"]},{\"@type\":\"Person\",\"@id\":\"https:\\\/\\\/www.masmallorca.es\\\/ca#\\\/schema\\\/person\\\/554c84e7dfd9917fdba2cace51081633\",\"name\":\"masmallorca\"}]}<\/script>\n<!-- \/ Yoast SEO plugin. -->","yoast_head_json":{"title":"El culte al paisatge | +Mallorca: la revista de Mallorca","description":"El culte al paisatge no ve a ser m\u00e9s que l'excusa perfecta per recordar que l'art est\u00e0 lligat a la naturalesa de l'\u00e9sser hum\u00e0","robots":{"index":"index","follow":"follow","max-snippet":"max-snippet:-1","max-image-preview":"max-image-preview:large","max-video-preview":"max-video-preview:-1"},"canonical":"https:\/\/www.masmallorca.es\/ca\/cultura\/el-culte-al-paisatge.html","og_locale":"ca_ES","og_type":"article","og_title":"El culte al paisatge | +Mallorca: la revista de Mallorca","og_description":"El culte al paisatge no ve a ser m\u00e9s que l'excusa perfecta per recordar que l'art est\u00e0 lligat a la naturalesa de l'\u00e9sser hum\u00e0","og_url":"https:\/\/www.masmallorca.es\/ca\/cultura\/el-culte-al-paisatge.html","og_site_name":"+Mallorca: la revista de Mallorca","article_publisher":"https:\/\/www.facebook.com\/mallorcamagazine\/","article_published_time":"2014-10-23T12:03:51+00:00","article_modified_time":"2023-12-04T11:19:31+00:00","og_image":[{"width":540,"height":444,"url":"https:\/\/www.masmallorca.es\/wp-content\/uploads\/2014\/10\/El-culto-al-paisaje-Gaspar-Riera-Hort-de-Binissalem.jpg","type":"image\/jpeg"}],"author":"masmallorca","twitter_card":"summary_large_image","twitter_creator":"@masmallorca","twitter_site":"@masmallorca","twitter_misc":{"Written by":"masmallorca","Est. reading time":"3 minutes"},"schema":{"@context":"https:\/\/schema.org","@graph":[{"@type":"Article","@id":"https:\/\/www.masmallorca.es\/ca\/cultura\/el-culte-al-paisatge.html#article","isPartOf":{"@id":"https:\/\/www.masmallorca.es\/ca\/cultura\/el-culte-al-paisatge.html"},"author":{"name":"masmallorca","@id":"https:\/\/www.masmallorca.es\/ca#\/schema\/person\/554c84e7dfd9917fdba2cace51081633"},"headline":"El culte al paisatge","datePublished":"2014-10-23T12:03:51+00:00","dateModified":"2023-12-04T11:19:31+00:00","mainEntityOfPage":{"@id":"https:\/\/www.masmallorca.es\/ca\/cultura\/el-culte-al-paisatge.html"},"wordCount":491,"publisher":{"@id":"https:\/\/www.masmallorca.es\/ca#organization"},"image":{"@id":"https:\/\/www.masmallorca.es\/ca\/cultura\/el-culte-al-paisatge.html#primaryimage"},"thumbnailUrl":"https:\/\/www.masmallorca.es\/wp-content\/uploads\/2014\/10\/El-culto-al-paisaje-Gaspar-Riera-Hort-de-Binissalem.jpg","articleSection":["Cultura de Mallorca"],"inLanguage":"ca-ES"},{"@type":"WebPage","@id":"https:\/\/www.masmallorca.es\/ca\/cultura\/el-culte-al-paisatge.html","url":"https:\/\/www.masmallorca.es\/ca\/cultura\/el-culte-al-paisatge.html","name":"El culte al paisatge | +Mallorca: la revista de Mallorca","isPartOf":{"@id":"https:\/\/www.masmallorca.es\/ca#website"},"primaryImageOfPage":{"@id":"https:\/\/www.masmallorca.es\/ca\/cultura\/el-culte-al-paisatge.html#primaryimage"},"image":{"@id":"https:\/\/www.masmallorca.es\/ca\/cultura\/el-culte-al-paisatge.html#primaryimage"},"thumbnailUrl":"https:\/\/www.masmallorca.es\/wp-content\/uploads\/2014\/10\/El-culto-al-paisaje-Gaspar-Riera-Hort-de-Binissalem.jpg","datePublished":"2014-10-23T12:03:51+00:00","dateModified":"2023-12-04T11:19:31+00:00","description":"El culte al paisatge no ve a ser m\u00e9s que l'excusa perfecta per recordar que l'art est\u00e0 lligat a la naturalesa de l'\u00e9sser hum\u00e0","breadcrumb":{"@id":"https:\/\/www.masmallorca.es\/ca\/cultura\/el-culte-al-paisatge.html#breadcrumb"},"inLanguage":"ca-ES","potentialAction":[{"@type":"ReadAction","target":["https:\/\/www.masmallorca.es\/ca\/cultura\/el-culte-al-paisatge.html"]}]},{"@type":"ImageObject","inLanguage":"ca-ES","@id":"https:\/\/www.masmallorca.es\/ca\/cultura\/el-culte-al-paisatge.html#primaryimage","url":"https:\/\/www.masmallorca.es\/wp-content\/uploads\/2014\/10\/El-culto-al-paisaje-Gaspar-Riera-Hort-de-Binissalem.jpg","contentUrl":"https:\/\/www.masmallorca.es\/wp-content\/uploads\/2014\/10\/El-culto-al-paisaje-Gaspar-Riera-Hort-de-Binissalem.jpg","width":540,"height":444,"caption":"El culto al paisaje: Hort de Binissalem, Gaspar Riera."},{"@type":"BreadcrumbList","@id":"https:\/\/www.masmallorca.es\/ca\/cultura\/el-culte-al-paisatge.html#breadcrumb","itemListElement":[{"@type":"ListItem","position":1,"name":"Portada","item":"https:\/\/www.masmallorca.es\/ca"},{"@type":"ListItem","position":2,"name":"Cultura de Mallorca","item":"https:\/\/www.masmallorca.es\/ca\/cultura"},{"@type":"ListItem","position":3,"name":"El culte al paisatge"}]},{"@type":"WebSite","@id":"https:\/\/www.masmallorca.es\/ca#website","url":"https:\/\/www.masmallorca.es\/ca","name":"+Mallorca: la revista de Mallorca","description":"Molt m\u00e9s que sol i platja..","publisher":{"@id":"https:\/\/www.masmallorca.es\/ca#organization"},"alternateName":"+Mallorca","potentialAction":[{"@type":"SearchAction","target":{"@type":"EntryPoint","urlTemplate":"https:\/\/www.masmallorca.es\/ca?s={search_term_string}"},"query-input":{"@type":"PropertyValueSpecification","valueRequired":true,"valueName":"search_term_string"}}],"inLanguage":"ca-ES"},{"@type":"Organization","@id":"https:\/\/www.masmallorca.es\/ca#organization","name":"Revista +Mallorca","alternateName":"M\u00e1s Mallorca","url":"https:\/\/www.masmallorca.es\/ca","logo":{"@type":"ImageObject","inLanguage":"ca-ES","@id":"https:\/\/www.masmallorca.es\/ca#\/schema\/logo\/image\/","url":"https:\/\/www.masmallorca.es\/wp-content\/uploads\/2021\/04\/logomallorca-1.png","contentUrl":"https:\/\/www.masmallorca.es\/wp-content\/uploads\/2021\/04\/logomallorca-1.png","width":326,"height":84,"caption":"Revista +Mallorca"},"image":{"@id":"https:\/\/www.masmallorca.es\/ca#\/schema\/logo\/image\/"},"sameAs":["https:\/\/www.facebook.com\/mallorcamagazine\/","https:\/\/x.com\/masmallorca"]},{"@type":"Person","@id":"https:\/\/www.masmallorca.es\/ca#\/schema\/person\/554c84e7dfd9917fdba2cace51081633","name":"masmallorca"}]}},"_links":{"self":[{"href":"https:\/\/www.masmallorca.es\/ca\/wp-json\/wp\/v2\/posts\/12293","targetHints":{"allow":["GET"]}}],"collection":[{"href":"https:\/\/www.masmallorca.es\/ca\/wp-json\/wp\/v2\/posts"}],"about":[{"href":"https:\/\/www.masmallorca.es\/ca\/wp-json\/wp\/v2\/types\/post"}],"author":[{"embeddable":true,"href":"https:\/\/www.masmallorca.es\/ca\/wp-json\/wp\/v2\/users\/1"}],"replies":[{"embeddable":true,"href":"https:\/\/www.masmallorca.es\/ca\/wp-json\/wp\/v2\/comments?post=12293"}],"version-history":[{"count":0,"href":"https:\/\/www.masmallorca.es\/ca\/wp-json\/wp\/v2\/posts\/12293\/revisions"}],"wp:featuredmedia":[{"embeddable":true,"href":"https:\/\/www.masmallorca.es\/ca\/wp-json\/wp\/v2\/media\/12282"}],"wp:attachment":[{"href":"https:\/\/www.masmallorca.es\/ca\/wp-json\/wp\/v2\/media?parent=12293"}],"wp:term":[{"taxonomy":"category","embeddable":true,"href":"https:\/\/www.masmallorca.es\/ca\/wp-json\/wp\/v2\/categories?post=12293"},{"taxonomy":"post_tag","embeddable":true,"href":"https:\/\/www.masmallorca.es\/ca\/wp-json\/wp\/v2\/tags?post=12293"}],"curies":[{"name":"wp","href":"https:\/\/api.w.org\/{rel}","templated":true}]}}