{"id":11823,"date":"2014-05-15T11:24:51","date_gmt":"2014-05-15T09:24:51","guid":{"rendered":""},"modified":"2019-07-05T12:11:38","modified_gmt":"2019-07-05T10:11:38","slug":"el-claustre-gotic-de-sant-francesc-es-un-raco-de-pau-des-del-segle-xiii","status":"publish","type":"post","link":"https:\/\/www.masmallorca.es\/ca\/cultura\/el-claustre-gotic-de-sant-francesc-es-un-raco-de-pau-des-del-segle-xiii.html","title":{"rendered":"El claustre g\u00f2tic de Sant Francesc \u00e9s un rac\u00f3 de pau des del segle XIII"},"content":{"rendered":"<p style=\"text-align: justify;\"><img loading=\"lazy\" decoding=\"async\" class=\"alignright wp-image-11786 size-full\" style=\"margin-right: 0px; margin-left: 20px; float: right;\" title=\"claustre g\u00f2tic de Sant Francesc de Palma de Mallorca\" src=\"https:\/\/www.masmallorca.es\/wp-content\/uploads\/2014\/05\/claustro-gotico-sant-francesc-palma-mallorca.jpg\" alt=\"claustre g\u00f2tic de Sant Francesc de Palma de Mallorca\" width=\"150\" height=\"106\" \/><\/p>\n<p style=\"text-align: justify;\">El Reial Convent de Sant Francesc de Palma, situat a la pla\u00e7a del mateix nom, t\u00e9 un preci\u00f3s claustre g\u00f2tic perfectament conservat i constitueix una de les principals expressions d&#8217;aquest <strong>estil arquitect\u00f2nic a Mallorca<\/strong>.<\/p>\n<p><!--more--><\/p>\n<p style=\"text-align: justify;\"><img loading=\"lazy\" decoding=\"async\" class=\"alignleft wp-image-11791 size-full\" style=\"margin: 10px 20px 10px 0px; float: left;\" title=\"claustre g\u00f2tic de Sant Francesc de Palma de Mallorca\" src=\"https:\/\/www.masmallorca.es\/wp-content\/uploads\/2014\/05\/claustro-gotico-sant-francesc-palma-mallorca-3.jpg\" alt=\"claustre g\u00f2tic de Sant Francesc de Palma de Mallorca\" width=\"350\" height=\"325\" srcset=\"https:\/\/www.masmallorca.es\/wp-content\/uploads\/2014\/05\/claustro-gotico-sant-francesc-palma-mallorca-3.jpg 350w, https:\/\/www.masmallorca.es\/wp-content\/uploads\/2014\/05\/claustro-gotico-sant-francesc-palma-mallorca-3-300x279.jpg 300w\" sizes=\"(max-width: 350px) 100vw, 350px\" \/><\/p>\n<p style=\"text-align: justify;\">De planta quadrangular irregular, les seves galeries es sustenten sobre fines columnes i arqueries lobulades amb calats de singular bellesa.<\/p>\n<p style=\"text-align: justify;\">Un curt tram de la galeria, format per set arcs de disseny senzill sobre columnes llises de vuit cares, presenta una enorme similitud amb les galeries del <a href=\"https:\/\/www.masmallorca.es\/sitios-con-encanto\/castillo-de-bellver-mallorca.html\">Castell de Bellver<\/a> i el Palau de l&#8217;Almudaina. Aquest n\u00famero vuit i el mateix disseny es repeteixen en les columnes que suporten la volta de <a href=\"https:\/\/www.masmallorca.es\/cultura\/la-catedral-de-palma.html\">la catedral<\/a> de Palma de Mallorca.<\/p>\n<p style=\"text-align: justify;\">Els claustres constitueixen el nucli i s\u00f3n la pe\u00e7a fonamental dels monestirs, que es van crear a partir de l&#8217;\u00e8poca medieval per &#8220;fugir del renou&#8221;. Al voltant d&#8217;aquest cor es constru\u00efen els altres elements que organitzaven la vida de les comunitats monacals: l&#8217;esgl\u00e9sia, la sala capitular, la cuina, el magatzem i els dormitoris.<\/p>\n<p style=\"text-align: justify;\"><img loading=\"lazy\" decoding=\"async\" class=\"wp-image-11818 size-full aligncenter\" title=\"claustre g\u00f2tic de Sant Francesc de Palma de Mallorca\" src=\"https:\/\/www.masmallorca.es\/wp-content\/uploads\/2014\/05\/claustro-gotico-sant-francesc-palma-mallorca-2.jpg\" alt=\"claustre g\u00f2tic de Sant Francesc de Palma de Mallorca\" width=\"540\" height=\"180\" srcset=\"https:\/\/www.masmallorca.es\/wp-content\/uploads\/2014\/05\/claustro-gotico-sant-francesc-palma-mallorca-2.jpg 540w, https:\/\/www.masmallorca.es\/wp-content\/uploads\/2014\/05\/claustro-gotico-sant-francesc-palma-mallorca-2-300x100.jpg 300w\" sizes=\"(max-width: 540px) 100vw, 540px\" \/><\/p>\n<p style=\"text-align: justify;\">El claustre conventual de Sant Francesc es va construir entre 1287 i 1390. \u00c9s l&#8217;\u00fanic claustre pertanyent a aquesta \u00e8poca que es mant\u00e9 complet avui en dia. Va ser un cenotafi de fam\u00edlies pertanyents a l&#8217;oligarquia palmesana, i conserva lapides funer\u00e0ries aix\u00ed com emblemes her\u00e0ldics.<\/p>\n<p style=\"text-align: justify;\"><img loading=\"lazy\" decoding=\"async\" class=\"alignleft wp-image-11806 size-full\" style=\"text-align: justify; margin-right: 20px; margin-bottom: 10px; float: left;\" title=\"claustre g\u00f2tic de Sant Francesc de Palma de Mallorca\" src=\"https:\/\/www.masmallorca.es\/wp-content\/uploads\/2014\/05\/claustro-gotico-sant-francesc-palma-mallorca-6.jpg\" alt=\"claustre g\u00f2tic de Sant Francesc de Palma de Mallorca\" width=\"350\" height=\"234\" srcset=\"https:\/\/www.masmallorca.es\/wp-content\/uploads\/2014\/05\/claustro-gotico-sant-francesc-palma-mallorca-6.jpg 350w, https:\/\/www.masmallorca.es\/wp-content\/uploads\/2014\/05\/claustro-gotico-sant-francesc-palma-mallorca-6-300x201.jpg 300w\" sizes=\"(max-width: 350px) 100vw, 350px\" \/><br \/>\nLa congregaci\u00f3 franciscana va estar afavorida pel rei Jaume II i durant els segles XIII i XIV el franciscanisme va tenir molta influ\u00e8ncia a la vida de Mallorca, sent el convent de Sant Francesc un important centre cultural. A l&#8217;esgl\u00e9sia adjacent al claustre es troba el sepulcre del <a title=\"beat i fil\u00f2sof Ramon Llull\" href=\"https:\/\/www.masmallorca.es\/nuestra-gente\/ramon-llull.html\" target=\"_blank\" rel=\"noopener noreferrer\">beat i fil\u00f2sof Ramon Llull.<\/a><\/p>\n<p style=\"text-align: justify;\"><img loading=\"lazy\" decoding=\"async\" class=\"wp-image-11801 size-full aligncenter\" style=\"text-align: justify;\" title=\"claustre g\u00f2tic de Sant Francesc de Palma de Mallorca\" src=\"https:\/\/www.masmallorca.es\/wp-content\/uploads\/2014\/05\/claustro-gotico-sant-francesc-palma-mallorca-1.jpg\" alt=\"claustre g\u00f2tic de Sant Francesc de Palma de Mallorca\" width=\"540\" height=\"248\" srcset=\"https:\/\/www.masmallorca.es\/wp-content\/uploads\/2014\/05\/claustro-gotico-sant-francesc-palma-mallorca-1.jpg 540w, https:\/\/www.masmallorca.es\/wp-content\/uploads\/2014\/05\/claustro-gotico-sant-francesc-palma-mallorca-1-300x138.jpg 300w\" sizes=\"(max-width: 540px) 100vw, 540px\" \/><\/p>\n<p>Al centre del jard\u00ed monacal, senzill i bonic de Sant Francesc hi ha un pou amb brocal i treball de ferro forjat. Com en tots els claustres, quatre camins conflueixen al pou central. Contemplar aquest bell pati silenci\u00f3s o passejar sota les arcades g\u00f2tiques proporciona una gran sensaci\u00f3 de pau, necess\u00e0ria antigament i vital en l&#8217;agitaci\u00f3 contempor\u00e0nia.<\/p>\n<p style=\"text-align: justify;\">Pla\u00e7a de Sant Francesc, 7 (Palma de Mallorca)<br \/>\n<strong>Horari<\/strong>: de 10:00 a 18:00. Diumenges tancat.<\/p>\n","protected":false},"excerpt":{"rendered":"<p>El Reial Convent de Sant Francesc de Palma, situat a la pla\u00e7a del mateix nom, t\u00e9 un preci\u00f3s claustre g\u00f2tic perfectament conservat i constitueix una de les principals expressions d&#8217;aquest estil arquitect\u00f2nic a Mallorca.<\/p>\n","protected":false},"author":1,"featured_media":11831,"comment_status":"closed","ping_status":"closed","sticky":false,"template":"","format":"standard","meta":{"_et_pb_use_builder":"","_et_pb_old_content":"","_et_gb_content_width":"","footnotes":""},"categories":[19],"tags":[],"class_list":["post-11823","post","type-post","status-publish","format-standard","has-post-thumbnail","hentry","category-cultura","et-has-post-format-content","et_post_format-et-post-format-standard"],"yoast_head":"<!-- This site is optimized with the Yoast SEO plugin v27.4 - https:\/\/yoast.com\/product\/yoast-seo-wordpress\/ -->\n<title>Claustre g\u00f2tic de Sant Francesc, Palma | +Mallorca: la revista de Mallorca<\/title>\n<meta name=\"description\" content=\"El Convent de Sant Francesc de Palma, pla\u00e7a Sant Francesc, t\u00e9 un preci\u00f3s claustre g\u00f2tic. Una de les principals expressions d&#039;arquitectura g\u00f2tica a Mallorca.\" \/>\n<meta name=\"robots\" content=\"index, follow, max-snippet:-1, max-image-preview:large, max-video-preview:-1\" \/>\n<link rel=\"canonical\" href=\"https:\/\/www.masmallorca.es\/ca\/cultura\/el-claustre-gotic-de-sant-francesc-es-un-raco-de-pau-des-del-segle-xiii.html\" \/>\n<meta property=\"og:locale\" content=\"ca_ES\" \/>\n<meta property=\"og:type\" content=\"article\" \/>\n<meta property=\"og:title\" content=\"Claustre g\u00f2tic de Sant Francesc, Palma | +Mallorca: la revista de Mallorca\" \/>\n<meta property=\"og:description\" content=\"El Convent de Sant Francesc de Palma, pla\u00e7a Sant Francesc, t\u00e9 un preci\u00f3s claustre g\u00f2tic. Una de les principals expressions d&#039;arquitectura g\u00f2tica a Mallorca.\" \/>\n<meta property=\"og:url\" content=\"https:\/\/www.masmallorca.es\/ca\/cultura\/el-claustre-gotic-de-sant-francesc-es-un-raco-de-pau-des-del-segle-xiii.html\" \/>\n<meta property=\"og:site_name\" content=\"+Mallorca: la revista de Mallorca\" \/>\n<meta property=\"article:publisher\" content=\"https:\/\/www.facebook.com\/mallorcamagazine\/\" \/>\n<meta property=\"article:published_time\" content=\"2014-05-15T09:24:51+00:00\" \/>\n<meta property=\"article:modified_time\" content=\"2019-07-05T10:11:38+00:00\" \/>\n<meta property=\"og:image\" content=\"https:\/\/www.masmallorca.es\/wp-content\/uploads\/2014\/05\/claustro-gotico-sant-francesc-palma-mallorca-2.jpg\" \/>\n\t<meta property=\"og:image:width\" content=\"540\" \/>\n\t<meta property=\"og:image:height\" content=\"180\" \/>\n\t<meta property=\"og:image:type\" content=\"image\/jpeg\" \/>\n<meta name=\"author\" content=\"masmallorca\" \/>\n<meta name=\"twitter:card\" content=\"summary_large_image\" \/>\n<meta name=\"twitter:creator\" content=\"@masmallorca\" \/>\n<meta name=\"twitter:site\" content=\"@masmallorca\" \/>\n<meta name=\"twitter:label1\" content=\"Written by\" \/>\n\t<meta name=\"twitter:data1\" content=\"masmallorca\" \/>\n\t<meta name=\"twitter:label2\" content=\"Est. reading time\" \/>\n\t<meta name=\"twitter:data2\" content=\"2 minutes\" \/>\n<script type=\"application\/ld+json\" class=\"yoast-schema-graph\">{\"@context\":\"https:\\\/\\\/schema.org\",\"@graph\":[{\"@type\":\"Article\",\"@id\":\"https:\\\/\\\/www.masmallorca.es\\\/ca\\\/cultura\\\/el-claustre-gotic-de-sant-francesc-es-un-raco-de-pau-des-del-segle-xiii.html#article\",\"isPartOf\":{\"@id\":\"https:\\\/\\\/www.masmallorca.es\\\/ca\\\/cultura\\\/el-claustre-gotic-de-sant-francesc-es-un-raco-de-pau-des-del-segle-xiii.html\"},\"author\":{\"name\":\"masmallorca\",\"@id\":\"https:\\\/\\\/www.masmallorca.es\\\/ca#\\\/schema\\\/person\\\/554c84e7dfd9917fdba2cace51081633\"},\"headline\":\"El claustre g\u00f2tic de Sant Francesc \u00e9s un rac\u00f3 de pau des del segle XIII\",\"datePublished\":\"2014-05-15T09:24:51+00:00\",\"dateModified\":\"2019-07-05T10:11:38+00:00\",\"mainEntityOfPage\":{\"@id\":\"https:\\\/\\\/www.masmallorca.es\\\/ca\\\/cultura\\\/el-claustre-gotic-de-sant-francesc-es-un-raco-de-pau-des-del-segle-xiii.html\"},\"wordCount\":375,\"publisher\":{\"@id\":\"https:\\\/\\\/www.masmallorca.es\\\/ca#organization\"},\"image\":{\"@id\":\"https:\\\/\\\/www.masmallorca.es\\\/ca\\\/cultura\\\/el-claustre-gotic-de-sant-francesc-es-un-raco-de-pau-des-del-segle-xiii.html#primaryimage\"},\"thumbnailUrl\":\"https:\\\/\\\/www.masmallorca.es\\\/wp-content\\\/uploads\\\/2014\\\/05\\\/claustro-gotico-sant-francesc-palma-mallorca-2.jpg\",\"articleSection\":[\"Cultura de Mallorca\"],\"inLanguage\":\"ca-ES\"},{\"@type\":\"WebPage\",\"@id\":\"https:\\\/\\\/www.masmallorca.es\\\/ca\\\/cultura\\\/el-claustre-gotic-de-sant-francesc-es-un-raco-de-pau-des-del-segle-xiii.html\",\"url\":\"https:\\\/\\\/www.masmallorca.es\\\/ca\\\/cultura\\\/el-claustre-gotic-de-sant-francesc-es-un-raco-de-pau-des-del-segle-xiii.html\",\"name\":\"Claustre g\u00f2tic de Sant Francesc, Palma | +Mallorca: la revista de Mallorca\",\"isPartOf\":{\"@id\":\"https:\\\/\\\/www.masmallorca.es\\\/ca#website\"},\"primaryImageOfPage\":{\"@id\":\"https:\\\/\\\/www.masmallorca.es\\\/ca\\\/cultura\\\/el-claustre-gotic-de-sant-francesc-es-un-raco-de-pau-des-del-segle-xiii.html#primaryimage\"},\"image\":{\"@id\":\"https:\\\/\\\/www.masmallorca.es\\\/ca\\\/cultura\\\/el-claustre-gotic-de-sant-francesc-es-un-raco-de-pau-des-del-segle-xiii.html#primaryimage\"},\"thumbnailUrl\":\"https:\\\/\\\/www.masmallorca.es\\\/wp-content\\\/uploads\\\/2014\\\/05\\\/claustro-gotico-sant-francesc-palma-mallorca-2.jpg\",\"datePublished\":\"2014-05-15T09:24:51+00:00\",\"dateModified\":\"2019-07-05T10:11:38+00:00\",\"description\":\"El Convent de Sant Francesc de Palma, pla\u00e7a Sant Francesc, t\u00e9 un preci\u00f3s claustre g\u00f2tic. Una de les principals expressions d'arquitectura g\u00f2tica a Mallorca.\",\"breadcrumb\":{\"@id\":\"https:\\\/\\\/www.masmallorca.es\\\/ca\\\/cultura\\\/el-claustre-gotic-de-sant-francesc-es-un-raco-de-pau-des-del-segle-xiii.html#breadcrumb\"},\"inLanguage\":\"ca-ES\",\"potentialAction\":[{\"@type\":\"ReadAction\",\"target\":[\"https:\\\/\\\/www.masmallorca.es\\\/ca\\\/cultura\\\/el-claustre-gotic-de-sant-francesc-es-un-raco-de-pau-des-del-segle-xiii.html\"]}]},{\"@type\":\"ImageObject\",\"inLanguage\":\"ca-ES\",\"@id\":\"https:\\\/\\\/www.masmallorca.es\\\/ca\\\/cultura\\\/el-claustre-gotic-de-sant-francesc-es-un-raco-de-pau-des-del-segle-xiii.html#primaryimage\",\"url\":\"https:\\\/\\\/www.masmallorca.es\\\/wp-content\\\/uploads\\\/2014\\\/05\\\/claustro-gotico-sant-francesc-palma-mallorca-2.jpg\",\"contentUrl\":\"https:\\\/\\\/www.masmallorca.es\\\/wp-content\\\/uploads\\\/2014\\\/05\\\/claustro-gotico-sant-francesc-palma-mallorca-2.jpg\",\"width\":540,\"height\":180,\"caption\":\"\u0413\u043e\u0442\u0438\u0447\u0435\u0441\u043a\u0438\u0439 \u043a\u043b\u0443\u0430\u0442\u0440 \u043c\u043e\u043d\u0430\u0441\u0442\u044b\u0440\u044f \u0421\u0430\u043d\u0442-\u0424\u0440\u0430\u043d\u0441\u0435\u0441\u043a \u2014 \u0443\u0433\u043e\u043b\u043e\u043a \u043f\u043e\u043a\u043e\u044f \u0441 XIII \u0432\u0435\u043a\u0430.\"},{\"@type\":\"BreadcrumbList\",\"@id\":\"https:\\\/\\\/www.masmallorca.es\\\/ca\\\/cultura\\\/el-claustre-gotic-de-sant-francesc-es-un-raco-de-pau-des-del-segle-xiii.html#breadcrumb\",\"itemListElement\":[{\"@type\":\"ListItem\",\"position\":1,\"name\":\"Portada\",\"item\":\"https:\\\/\\\/www.masmallorca.es\\\/ca\"},{\"@type\":\"ListItem\",\"position\":2,\"name\":\"Cultura de Mallorca\",\"item\":\"https:\\\/\\\/www.masmallorca.es\\\/ca\\\/cultura\"},{\"@type\":\"ListItem\",\"position\":3,\"name\":\"El claustre g\u00f2tic de Sant Francesc \u00e9s un rac\u00f3 de pau des del segle XIII\"}]},{\"@type\":\"WebSite\",\"@id\":\"https:\\\/\\\/www.masmallorca.es\\\/ca#website\",\"url\":\"https:\\\/\\\/www.masmallorca.es\\\/ca\",\"name\":\"+Mallorca: la revista de Mallorca\",\"description\":\"Molt m\u00e9s que sol i platja..\",\"publisher\":{\"@id\":\"https:\\\/\\\/www.masmallorca.es\\\/ca#organization\"},\"alternateName\":\"+Mallorca\",\"potentialAction\":[{\"@type\":\"SearchAction\",\"target\":{\"@type\":\"EntryPoint\",\"urlTemplate\":\"https:\\\/\\\/www.masmallorca.es\\\/ca?s={search_term_string}\"},\"query-input\":{\"@type\":\"PropertyValueSpecification\",\"valueRequired\":true,\"valueName\":\"search_term_string\"}}],\"inLanguage\":\"ca-ES\"},{\"@type\":\"Organization\",\"@id\":\"https:\\\/\\\/www.masmallorca.es\\\/ca#organization\",\"name\":\"Revista +Mallorca\",\"alternateName\":\"M\u00e1s Mallorca\",\"url\":\"https:\\\/\\\/www.masmallorca.es\\\/ca\",\"logo\":{\"@type\":\"ImageObject\",\"inLanguage\":\"ca-ES\",\"@id\":\"https:\\\/\\\/www.masmallorca.es\\\/ca#\\\/schema\\\/logo\\\/image\\\/\",\"url\":\"https:\\\/\\\/www.masmallorca.es\\\/wp-content\\\/uploads\\\/2021\\\/04\\\/logomallorca-1.png\",\"contentUrl\":\"https:\\\/\\\/www.masmallorca.es\\\/wp-content\\\/uploads\\\/2021\\\/04\\\/logomallorca-1.png\",\"width\":326,\"height\":84,\"caption\":\"Revista +Mallorca\"},\"image\":{\"@id\":\"https:\\\/\\\/www.masmallorca.es\\\/ca#\\\/schema\\\/logo\\\/image\\\/\"},\"sameAs\":[\"https:\\\/\\\/www.facebook.com\\\/mallorcamagazine\\\/\",\"https:\\\/\\\/x.com\\\/masmallorca\"]},{\"@type\":\"Person\",\"@id\":\"https:\\\/\\\/www.masmallorca.es\\\/ca#\\\/schema\\\/person\\\/554c84e7dfd9917fdba2cace51081633\",\"name\":\"masmallorca\"}]}<\/script>\n<!-- \/ Yoast SEO plugin. -->","yoast_head_json":{"title":"Claustre g\u00f2tic de Sant Francesc, Palma | +Mallorca: la revista de Mallorca","description":"El Convent de Sant Francesc de Palma, pla\u00e7a Sant Francesc, t\u00e9 un preci\u00f3s claustre g\u00f2tic. Una de les principals expressions d'arquitectura g\u00f2tica a Mallorca.","robots":{"index":"index","follow":"follow","max-snippet":"max-snippet:-1","max-image-preview":"max-image-preview:large","max-video-preview":"max-video-preview:-1"},"canonical":"https:\/\/www.masmallorca.es\/ca\/cultura\/el-claustre-gotic-de-sant-francesc-es-un-raco-de-pau-des-del-segle-xiii.html","og_locale":"ca_ES","og_type":"article","og_title":"Claustre g\u00f2tic de Sant Francesc, Palma | +Mallorca: la revista de Mallorca","og_description":"El Convent de Sant Francesc de Palma, pla\u00e7a Sant Francesc, t\u00e9 un preci\u00f3s claustre g\u00f2tic. Una de les principals expressions d'arquitectura g\u00f2tica a Mallorca.","og_url":"https:\/\/www.masmallorca.es\/ca\/cultura\/el-claustre-gotic-de-sant-francesc-es-un-raco-de-pau-des-del-segle-xiii.html","og_site_name":"+Mallorca: la revista de Mallorca","article_publisher":"https:\/\/www.facebook.com\/mallorcamagazine\/","article_published_time":"2014-05-15T09:24:51+00:00","article_modified_time":"2019-07-05T10:11:38+00:00","og_image":[{"width":540,"height":180,"url":"https:\/\/www.masmallorca.es\/wp-content\/uploads\/2014\/05\/claustro-gotico-sant-francesc-palma-mallorca-2.jpg","type":"image\/jpeg"}],"author":"masmallorca","twitter_card":"summary_large_image","twitter_creator":"@masmallorca","twitter_site":"@masmallorca","twitter_misc":{"Written by":"masmallorca","Est. reading time":"2 minutes"},"schema":{"@context":"https:\/\/schema.org","@graph":[{"@type":"Article","@id":"https:\/\/www.masmallorca.es\/ca\/cultura\/el-claustre-gotic-de-sant-francesc-es-un-raco-de-pau-des-del-segle-xiii.html#article","isPartOf":{"@id":"https:\/\/www.masmallorca.es\/ca\/cultura\/el-claustre-gotic-de-sant-francesc-es-un-raco-de-pau-des-del-segle-xiii.html"},"author":{"name":"masmallorca","@id":"https:\/\/www.masmallorca.es\/ca#\/schema\/person\/554c84e7dfd9917fdba2cace51081633"},"headline":"El claustre g\u00f2tic de Sant Francesc \u00e9s un rac\u00f3 de pau des del segle XIII","datePublished":"2014-05-15T09:24:51+00:00","dateModified":"2019-07-05T10:11:38+00:00","mainEntityOfPage":{"@id":"https:\/\/www.masmallorca.es\/ca\/cultura\/el-claustre-gotic-de-sant-francesc-es-un-raco-de-pau-des-del-segle-xiii.html"},"wordCount":375,"publisher":{"@id":"https:\/\/www.masmallorca.es\/ca#organization"},"image":{"@id":"https:\/\/www.masmallorca.es\/ca\/cultura\/el-claustre-gotic-de-sant-francesc-es-un-raco-de-pau-des-del-segle-xiii.html#primaryimage"},"thumbnailUrl":"https:\/\/www.masmallorca.es\/wp-content\/uploads\/2014\/05\/claustro-gotico-sant-francesc-palma-mallorca-2.jpg","articleSection":["Cultura de Mallorca"],"inLanguage":"ca-ES"},{"@type":"WebPage","@id":"https:\/\/www.masmallorca.es\/ca\/cultura\/el-claustre-gotic-de-sant-francesc-es-un-raco-de-pau-des-del-segle-xiii.html","url":"https:\/\/www.masmallorca.es\/ca\/cultura\/el-claustre-gotic-de-sant-francesc-es-un-raco-de-pau-des-del-segle-xiii.html","name":"Claustre g\u00f2tic de Sant Francesc, Palma | +Mallorca: la revista de Mallorca","isPartOf":{"@id":"https:\/\/www.masmallorca.es\/ca#website"},"primaryImageOfPage":{"@id":"https:\/\/www.masmallorca.es\/ca\/cultura\/el-claustre-gotic-de-sant-francesc-es-un-raco-de-pau-des-del-segle-xiii.html#primaryimage"},"image":{"@id":"https:\/\/www.masmallorca.es\/ca\/cultura\/el-claustre-gotic-de-sant-francesc-es-un-raco-de-pau-des-del-segle-xiii.html#primaryimage"},"thumbnailUrl":"https:\/\/www.masmallorca.es\/wp-content\/uploads\/2014\/05\/claustro-gotico-sant-francesc-palma-mallorca-2.jpg","datePublished":"2014-05-15T09:24:51+00:00","dateModified":"2019-07-05T10:11:38+00:00","description":"El Convent de Sant Francesc de Palma, pla\u00e7a Sant Francesc, t\u00e9 un preci\u00f3s claustre g\u00f2tic. Una de les principals expressions d'arquitectura g\u00f2tica a Mallorca.","breadcrumb":{"@id":"https:\/\/www.masmallorca.es\/ca\/cultura\/el-claustre-gotic-de-sant-francesc-es-un-raco-de-pau-des-del-segle-xiii.html#breadcrumb"},"inLanguage":"ca-ES","potentialAction":[{"@type":"ReadAction","target":["https:\/\/www.masmallorca.es\/ca\/cultura\/el-claustre-gotic-de-sant-francesc-es-un-raco-de-pau-des-del-segle-xiii.html"]}]},{"@type":"ImageObject","inLanguage":"ca-ES","@id":"https:\/\/www.masmallorca.es\/ca\/cultura\/el-claustre-gotic-de-sant-francesc-es-un-raco-de-pau-des-del-segle-xiii.html#primaryimage","url":"https:\/\/www.masmallorca.es\/wp-content\/uploads\/2014\/05\/claustro-gotico-sant-francesc-palma-mallorca-2.jpg","contentUrl":"https:\/\/www.masmallorca.es\/wp-content\/uploads\/2014\/05\/claustro-gotico-sant-francesc-palma-mallorca-2.jpg","width":540,"height":180,"caption":"\u0413\u043e\u0442\u0438\u0447\u0435\u0441\u043a\u0438\u0439 \u043a\u043b\u0443\u0430\u0442\u0440 \u043c\u043e\u043d\u0430\u0441\u0442\u044b\u0440\u044f \u0421\u0430\u043d\u0442-\u0424\u0440\u0430\u043d\u0441\u0435\u0441\u043a \u2014 \u0443\u0433\u043e\u043b\u043e\u043a \u043f\u043e\u043a\u043e\u044f \u0441 XIII \u0432\u0435\u043a\u0430."},{"@type":"BreadcrumbList","@id":"https:\/\/www.masmallorca.es\/ca\/cultura\/el-claustre-gotic-de-sant-francesc-es-un-raco-de-pau-des-del-segle-xiii.html#breadcrumb","itemListElement":[{"@type":"ListItem","position":1,"name":"Portada","item":"https:\/\/www.masmallorca.es\/ca"},{"@type":"ListItem","position":2,"name":"Cultura de Mallorca","item":"https:\/\/www.masmallorca.es\/ca\/cultura"},{"@type":"ListItem","position":3,"name":"El claustre g\u00f2tic de Sant Francesc \u00e9s un rac\u00f3 de pau des del segle XIII"}]},{"@type":"WebSite","@id":"https:\/\/www.masmallorca.es\/ca#website","url":"https:\/\/www.masmallorca.es\/ca","name":"+Mallorca: la revista de Mallorca","description":"Molt m\u00e9s que sol i platja..","publisher":{"@id":"https:\/\/www.masmallorca.es\/ca#organization"},"alternateName":"+Mallorca","potentialAction":[{"@type":"SearchAction","target":{"@type":"EntryPoint","urlTemplate":"https:\/\/www.masmallorca.es\/ca?s={search_term_string}"},"query-input":{"@type":"PropertyValueSpecification","valueRequired":true,"valueName":"search_term_string"}}],"inLanguage":"ca-ES"},{"@type":"Organization","@id":"https:\/\/www.masmallorca.es\/ca#organization","name":"Revista +Mallorca","alternateName":"M\u00e1s Mallorca","url":"https:\/\/www.masmallorca.es\/ca","logo":{"@type":"ImageObject","inLanguage":"ca-ES","@id":"https:\/\/www.masmallorca.es\/ca#\/schema\/logo\/image\/","url":"https:\/\/www.masmallorca.es\/wp-content\/uploads\/2021\/04\/logomallorca-1.png","contentUrl":"https:\/\/www.masmallorca.es\/wp-content\/uploads\/2021\/04\/logomallorca-1.png","width":326,"height":84,"caption":"Revista +Mallorca"},"image":{"@id":"https:\/\/www.masmallorca.es\/ca#\/schema\/logo\/image\/"},"sameAs":["https:\/\/www.facebook.com\/mallorcamagazine\/","https:\/\/x.com\/masmallorca"]},{"@type":"Person","@id":"https:\/\/www.masmallorca.es\/ca#\/schema\/person\/554c84e7dfd9917fdba2cace51081633","name":"masmallorca"}]}},"_links":{"self":[{"href":"https:\/\/www.masmallorca.es\/ca\/wp-json\/wp\/v2\/posts\/11823","targetHints":{"allow":["GET"]}}],"collection":[{"href":"https:\/\/www.masmallorca.es\/ca\/wp-json\/wp\/v2\/posts"}],"about":[{"href":"https:\/\/www.masmallorca.es\/ca\/wp-json\/wp\/v2\/types\/post"}],"author":[{"embeddable":true,"href":"https:\/\/www.masmallorca.es\/ca\/wp-json\/wp\/v2\/users\/1"}],"replies":[{"embeddable":true,"href":"https:\/\/www.masmallorca.es\/ca\/wp-json\/wp\/v2\/comments?post=11823"}],"version-history":[{"count":0,"href":"https:\/\/www.masmallorca.es\/ca\/wp-json\/wp\/v2\/posts\/11823\/revisions"}],"wp:featuredmedia":[{"embeddable":true,"href":"https:\/\/www.masmallorca.es\/ca\/wp-json\/wp\/v2\/media\/11831"}],"wp:attachment":[{"href":"https:\/\/www.masmallorca.es\/ca\/wp-json\/wp\/v2\/media?parent=11823"}],"wp:term":[{"taxonomy":"category","embeddable":true,"href":"https:\/\/www.masmallorca.es\/ca\/wp-json\/wp\/v2\/categories?post=11823"},{"taxonomy":"post_tag","embeddable":true,"href":"https:\/\/www.masmallorca.es\/ca\/wp-json\/wp\/v2\/tags?post=11823"}],"curies":[{"name":"wp","href":"https:\/\/api.w.org\/{rel}","templated":true}]}}