{"id":11608,"date":"2014-04-14T16:41:59","date_gmt":"2014-04-14T14:41:59","guid":{"rendered":""},"modified":"2018-09-12T14:39:14","modified_gmt":"2018-09-12T12:39:14","slug":"can-prunera-museu-modernista","status":"publish","type":"post","link":"https:\/\/www.masmallorca.es\/ca\/cultura\/can-prunera-museu-modernista.html","title":{"rendered":"Can Prunera, Museu Modernista"},"content":{"rendered":"<p style=\"text-align: justify;\"><img loading=\"lazy\" decoding=\"async\" class=\" alignright size-full wp-image-11581\" style=\"margin-right: 0px; margin-left: 20px; float: right;\" src=\"https:\/\/www.masmallorca.es\/wp-content\/uploads\/2014\/04\/museum-can-prunera-soller.jpg\" alt=\"museum-can-prunera-soller\" width=\"150\" height=\"100\" \/><\/p>\n<p style=\"text-align: justify;\">El 1911, despr\u00e9s d&#8217;haver amassat una fortuna amb el comer\u00e7 de fruita, verdura i licors, Joan Magraner i Margalida Vicens inauguren la seva mansi\u00f3 modernista al<strong> carrer\u00a0Lluna de S\u00f3ller<\/strong>..<\/p>\n<p>&nbsp;<\/p>\n<p><!--more--><\/p>\n<p style=\"text-align: justify;\"><img loading=\"lazy\" decoding=\"async\" class=\"alignleft wp-image-11586 size-full\" style=\"margin: 10px 20px 10px 0px; float: left;\" title=\"Can Prunera, Museu Modernista\" src=\"https:\/\/www.masmallorca.es\/wp-content\/uploads\/2014\/04\/museum-can-prunera-soller-escalera.jpg\" alt=\"Can Prunera, Museu Modernista\" width=\"360\" height=\"541\" srcset=\"https:\/\/www.masmallorca.es\/wp-content\/uploads\/2014\/04\/museum-can-prunera-soller-escalera.jpg 360w, https:\/\/www.masmallorca.es\/wp-content\/uploads\/2014\/04\/museum-can-prunera-soller-escalera-200x300.jpg 200w\" sizes=\"(max-width: 360px) 100vw, 360px\" \/><\/p>\n<p style=\"text-align: justify;\">Un segle despr\u00e9s, la <strong>Fundaci\u00f3 Tren de l&#8217;Art<\/strong> va adquirir la propietat i la va restaurar, retornant-li tota la seva esplendor. Una terrible plaga va assolar els fruiters de la vall de\u00a0<strong><a title=\"S\u00f3ller, Mallorca\" href=\"https:\/\/www.masmallorca.es\/sitios-con-encanto\/puerto-de-soller-y-tranvia.html\" target=\"_blank\" rel=\"noopener\">S\u00f3ller<\/a><\/strong> a 1865, provocant un moviment migratori cap a Fran\u00e7a i Centre Am\u00e8rica. Els sollerics que van tornar a Mallorca enriquits van portar amb ells el gust per l&#8217;art nouveau, reflectint-ho en les cases que van construir.<\/p>\n<p style=\"text-align: justify;\">Can Prunera constitueix, al costat del Banc de S\u00f3ller i l&#8217;esgl\u00e9sia de Sant Bartomeu, la mostra m\u00e9s representativa del <strong>modernisme<\/strong> a aquest poble de la\u00a0<a title=\"Serra de Tramuntana, Mallorca\" href=\"https:\/\/www.masmallorca.es\/sitios-con-encanto\/la-serra-de-tramuntana-candidata-a-paisaje-cultural-de-la-unesco.html\" target=\"_blank\" rel=\"noopener\">Serra de Tramuntana<\/a>.\u00a0<\/p>\n<p style=\"text-align: justify;\">Els tres edificis comparteixen opul\u00e8ncia i la pedra de Muleta de les seves fa\u00e7anes. Probablement, van ser dissenyats pel mateix arquitecte, Joan Rubi\u00f3 i Bellver, tot i que la documentaci\u00f3 no confirma la seva autoria en el cas de Can Prunera, podent haver estat creada per constructors locals.<\/p>\n<p style=\"text-align: justify;\">El <strong>Museu Modernista de Can Prunera<\/strong> exposa el <strong>mobiliari original<\/strong> de la casa, ricament decorat amb treballs de <strong>marqueteria<\/strong>, que inclou taules, cadires, llits, armaris, vitrines i un piano.<\/p>\n<p style=\"text-align: justify;\">La fa\u00e7ana est\u00e0 adornada amb formes sinuoses i motius vegetals, en la pedra dels seus carreus i el treball de forja. Els s\u00f2ls de <strong>rajola hidr\u00e0ulica<\/strong>, amb vius colors, formen dissenys geom\u00e8trics i florals. Finalment, les imatges d&#8217;estuc dels sostres van des dels motius de ca\u00e7a al menjador principal a les flors d&#8217;estil modernista al despatx del primer propietari de Can Prunera.\u00a0<\/p>\n<p style=\"text-align: justify;\">\n<img loading=\"lazy\" decoding=\"async\" class=\"aligncenter wp-image-11591 size-full\" title=\"Can Prunera, Museu Modernista, S\u00f3ller\" src=\"https:\/\/www.masmallorca.es\/wp-content\/uploads\/2014\/04\/museum-can-prunera-soller-escalera-detall.jpg\" alt=\"Can Prunera, Museu Modernista, S\u00f3ller\" width=\"540\" height=\"383\" srcset=\"https:\/\/www.masmallorca.es\/wp-content\/uploads\/2014\/04\/museum-can-prunera-soller-escalera-detall.jpg 540w, https:\/\/www.masmallorca.es\/wp-content\/uploads\/2014\/04\/museum-can-prunera-soller-escalera-detall-300x213.jpg 300w, https:\/\/www.masmallorca.es\/wp-content\/uploads\/2014\/04\/museum-can-prunera-soller-escalera-detall-400x284.jpg 400w\" sizes=\"(max-width: 540px) 100vw, 540px\" \/><\/p>\n<p style=\"text-align: justify;\"><span style=\"text-align: justify;\">Les vidrieres a l&#8217;\u00e0cid faciliten la vista i el pas de la llum des del carrer Lluna al pati posterior de Can Prunera. S&#8217;hi mostren escultures de la <strong>Col\u00b7lecci\u00f3 d&#8217;Art Serra<\/strong>. Pertanyen a aquesta col\u00b7lecci\u00f3 les obres en exposici\u00f3 permanent. Es tracta de treballs en paper de <strong>Joan Mir\u00f3, Toulouse-Lautrec, Paul Klee i Fernand L\u00e9ger<\/strong>, entre altres artistes, aix\u00ed com de pintors mallorquins o relacionats amb l&#8217;illa: <strong>Santiago Rusi\u00f1ol, Joaquim Mir, Joan Fuster i Miquel Barcel\u00f3<\/strong>. El soterrani de Can Prunera acull les exposicions temporals. S&#8217;ha mostrat l&#8217;obra dels mallorquins Jaume Mir i Malena Tous, l&#8217;escoc\u00e8s establert a S\u00f3ller Geoff MacEwan i el pintor itali\u00e0 Aligi Sassu.<\/p>\n<p>Tamb\u00e9 es poden visitar en exposici\u00f3 permanent la col\u00b7lecci\u00f3 de nines antigues de Le\u00f3n L\u00f3pez i els quadres de l&#8217;artista solleric Juli Ramis.\u00a0<\/span><\/p>\n<p style=\"text-align: justify;\">\u00a0<\/p>\n<p><span style=\"text-align: justify;\"><strong>Museu Modernista Can Prunera <br \/>\n<\/strong>Carrer LLuna, 86. S\u00f3ller \/ Horari d&#8217;estiu: 1 de mar\u00e7 a 30 d&#8217;octubre de 10:30 a 18:30 h. Horari d&#8217;hivern: 1 de novembre a 28 de febrer de 10:30-18:30 (dilluns tancat). <br \/>\n<strong>Preu entrada<\/strong>: 5 euros. Preus especials per a estudiants, jubilats i grups: 3 euros.<br \/>\n<\/span><\/p>\n<p>&nbsp;<\/p>\n<p><img loading=\"lazy\" decoding=\"async\" class=\"aligncenter wp-image-11596 size-full\" style=\"text-align: justify;\" title=\"Can Prunera, Museu Modernista, S\u00f3ller\" src=\"https:\/\/www.masmallorca.es\/wp-content\/uploads\/2014\/04\/museum-can-prunera-soller-escalera-habitacion.jpg\" alt=\"Can Prunera, Museu Modernista, S\u00f3ller\" width=\"540\" height=\"361\" srcset=\"https:\/\/www.masmallorca.es\/wp-content\/uploads\/2014\/04\/museum-can-prunera-soller-escalera-habitacion.jpg 540w, https:\/\/www.masmallorca.es\/wp-content\/uploads\/2014\/04\/museum-can-prunera-soller-escalera-habitacion-300x201.jpg 300w\" sizes=\"(max-width: 540px) 100vw, 540px\" \/><\/p>\n<p><img loading=\"lazy\" decoding=\"async\" class=\"aligncenter wp-image-11601 size-full\" title=\"Can Prunera, Museu Modernista, S\u00f3ller, Mallorca\" src=\"https:\/\/www.masmallorca.es\/wp-content\/uploads\/2014\/04\/can-prunera-soller-mallorca.jpg\" alt=\"Can Prunera, Museu Modernista, S\u00f3ller, Mallorca\" width=\"540\" height=\"107\" srcset=\"https:\/\/www.masmallorca.es\/wp-content\/uploads\/2014\/04\/can-prunera-soller-mallorca.jpg 540w, https:\/\/www.masmallorca.es\/wp-content\/uploads\/2014\/04\/can-prunera-soller-mallorca-300x59.jpg 300w\" sizes=\"(max-width: 540px) 100vw, 540px\" \/><\/p>\n<p><span style=\"text-align: justify;\">\u00a0<\/span><\/p>\n","protected":false},"excerpt":{"rendered":"<p>El 1911, despr\u00e9s d&#8217;haver amassat una fortuna amb el comer\u00e7 de fruita, verdura i licors, Joan Magraner i Margalida Vicens inauguren la seva mansi\u00f3 modernista al carrer\u00a0Lluna de S\u00f3ller.. &nbsp;<\/p>\n","protected":false},"author":1,"featured_media":11587,"comment_status":"closed","ping_status":"closed","sticky":false,"template":"","format":"standard","meta":{"_et_pb_use_builder":"","_et_pb_old_content":"","_et_gb_content_width":"","footnotes":""},"categories":[19],"tags":[],"class_list":["post-11608","post","type-post","status-publish","format-standard","has-post-thumbnail","hentry","category-cultura","et-has-post-format-content","et_post_format-et-post-format-standard"],"yoast_head":"<!-- This site is optimized with the Yoast SEO plugin v27.4 - https:\/\/yoast.com\/product\/yoast-seo-wordpress\/ -->\n<title>Can Prunera, Museu Modernista | +Mallorca: la revista de Mallorca<\/title>\n<meta name=\"description\" content=\"+Mallorca, Cultura: Can Prunera constitueix, al costat del Banc de S\u00f3ller i l&#039;esgl\u00e9sia de Sant Bartomeu, la mostra m\u00e9s representativa del modernisme a aquest poble de la\u00a0Serra de Tramuntana.\" \/>\n<meta name=\"robots\" content=\"index, follow, max-snippet:-1, max-image-preview:large, max-video-preview:-1\" \/>\n<link rel=\"canonical\" href=\"https:\/\/www.masmallorca.es\/ca\/cultura\/can-prunera-museu-modernista.html\" \/>\n<meta property=\"og:locale\" content=\"ca_ES\" \/>\n<meta property=\"og:type\" content=\"article\" \/>\n<meta property=\"og:title\" content=\"Can Prunera, Museu Modernista | +Mallorca: la revista de Mallorca\" \/>\n<meta property=\"og:description\" content=\"+Mallorca, Cultura: Can Prunera constitueix, al costat del Banc de S\u00f3ller i l&#039;esgl\u00e9sia de Sant Bartomeu, la mostra m\u00e9s representativa del modernisme a aquest poble de la\u00a0Serra de Tramuntana.\" \/>\n<meta property=\"og:url\" content=\"https:\/\/www.masmallorca.es\/ca\/cultura\/can-prunera-museu-modernista.html\" \/>\n<meta property=\"og:site_name\" content=\"+Mallorca: la revista de Mallorca\" \/>\n<meta property=\"article:publisher\" content=\"https:\/\/www.facebook.com\/mallorcamagazine\/\" \/>\n<meta property=\"article:published_time\" content=\"2014-04-14T14:41:59+00:00\" \/>\n<meta property=\"article:modified_time\" content=\"2018-09-12T12:39:14+00:00\" \/>\n<meta property=\"og:image\" content=\"https:\/\/www.masmallorca.es\/wp-content\/uploads\/2014\/04\/museum-can-prunera-soller-escalera.jpg\" \/>\n\t<meta property=\"og:image:width\" content=\"360\" \/>\n\t<meta property=\"og:image:height\" content=\"541\" \/>\n\t<meta property=\"og:image:type\" content=\"image\/jpeg\" \/>\n<meta name=\"author\" content=\"masmallorca\" \/>\n<meta name=\"twitter:card\" content=\"summary_large_image\" \/>\n<meta name=\"twitter:creator\" content=\"@masmallorca\" \/>\n<meta name=\"twitter:site\" content=\"@masmallorca\" \/>\n<meta name=\"twitter:label1\" content=\"Written by\" \/>\n\t<meta name=\"twitter:data1\" content=\"masmallorca\" \/>\n\t<meta name=\"twitter:label2\" content=\"Est. reading time\" \/>\n\t<meta name=\"twitter:data2\" content=\"2 minutes\" \/>\n<script type=\"application\/ld+json\" class=\"yoast-schema-graph\">{\"@context\":\"https:\\\/\\\/schema.org\",\"@graph\":[{\"@type\":\"Article\",\"@id\":\"https:\\\/\\\/www.masmallorca.es\\\/ca\\\/cultura\\\/can-prunera-museu-modernista.html#article\",\"isPartOf\":{\"@id\":\"https:\\\/\\\/www.masmallorca.es\\\/ca\\\/cultura\\\/can-prunera-museu-modernista.html\"},\"author\":{\"name\":\"masmallorca\",\"@id\":\"https:\\\/\\\/www.masmallorca.es\\\/ca#\\\/schema\\\/person\\\/554c84e7dfd9917fdba2cace51081633\"},\"headline\":\"Can Prunera, Museu Modernista\",\"datePublished\":\"2014-04-14T14:41:59+00:00\",\"dateModified\":\"2018-09-12T12:39:14+00:00\",\"mainEntityOfPage\":{\"@id\":\"https:\\\/\\\/www.masmallorca.es\\\/ca\\\/cultura\\\/can-prunera-museu-modernista.html\"},\"wordCount\":482,\"publisher\":{\"@id\":\"https:\\\/\\\/www.masmallorca.es\\\/ca#organization\"},\"image\":{\"@id\":\"https:\\\/\\\/www.masmallorca.es\\\/ca\\\/cultura\\\/can-prunera-museu-modernista.html#primaryimage\"},\"thumbnailUrl\":\"https:\\\/\\\/www.masmallorca.es\\\/wp-content\\\/uploads\\\/2014\\\/04\\\/museum-can-prunera-soller-escalera.jpg\",\"articleSection\":[\"Cultura de Mallorca\"],\"inLanguage\":\"ca-ES\"},{\"@type\":\"WebPage\",\"@id\":\"https:\\\/\\\/www.masmallorca.es\\\/ca\\\/cultura\\\/can-prunera-museu-modernista.html\",\"url\":\"https:\\\/\\\/www.masmallorca.es\\\/ca\\\/cultura\\\/can-prunera-museu-modernista.html\",\"name\":\"Can Prunera, Museu Modernista | +Mallorca: la revista de Mallorca\",\"isPartOf\":{\"@id\":\"https:\\\/\\\/www.masmallorca.es\\\/ca#website\"},\"primaryImageOfPage\":{\"@id\":\"https:\\\/\\\/www.masmallorca.es\\\/ca\\\/cultura\\\/can-prunera-museu-modernista.html#primaryimage\"},\"image\":{\"@id\":\"https:\\\/\\\/www.masmallorca.es\\\/ca\\\/cultura\\\/can-prunera-museu-modernista.html#primaryimage\"},\"thumbnailUrl\":\"https:\\\/\\\/www.masmallorca.es\\\/wp-content\\\/uploads\\\/2014\\\/04\\\/museum-can-prunera-soller-escalera.jpg\",\"datePublished\":\"2014-04-14T14:41:59+00:00\",\"dateModified\":\"2018-09-12T12:39:14+00:00\",\"description\":\"+Mallorca, Cultura: Can Prunera constitueix, al costat del Banc de S\u00f3ller i l'esgl\u00e9sia de Sant Bartomeu, la mostra m\u00e9s representativa del modernisme a aquest poble de la\u00a0Serra de Tramuntana.\",\"breadcrumb\":{\"@id\":\"https:\\\/\\\/www.masmallorca.es\\\/ca\\\/cultura\\\/can-prunera-museu-modernista.html#breadcrumb\"},\"inLanguage\":\"ca-ES\",\"potentialAction\":[{\"@type\":\"ReadAction\",\"target\":[\"https:\\\/\\\/www.masmallorca.es\\\/ca\\\/cultura\\\/can-prunera-museu-modernista.html\"]}]},{\"@type\":\"ImageObject\",\"inLanguage\":\"ca-ES\",\"@id\":\"https:\\\/\\\/www.masmallorca.es\\\/ca\\\/cultura\\\/can-prunera-museu-modernista.html#primaryimage\",\"url\":\"https:\\\/\\\/www.masmallorca.es\\\/wp-content\\\/uploads\\\/2014\\\/04\\\/museum-can-prunera-soller-escalera.jpg\",\"contentUrl\":\"https:\\\/\\\/www.masmallorca.es\\\/wp-content\\\/uploads\\\/2014\\\/04\\\/museum-can-prunera-soller-escalera.jpg\",\"width\":360,\"height\":541,\"caption\":\"museu Can Prunera S\u00f3ller, Mallorca\"},{\"@type\":\"BreadcrumbList\",\"@id\":\"https:\\\/\\\/www.masmallorca.es\\\/ca\\\/cultura\\\/can-prunera-museu-modernista.html#breadcrumb\",\"itemListElement\":[{\"@type\":\"ListItem\",\"position\":1,\"name\":\"Portada\",\"item\":\"https:\\\/\\\/www.masmallorca.es\\\/ca\"},{\"@type\":\"ListItem\",\"position\":2,\"name\":\"Cultura de Mallorca\",\"item\":\"https:\\\/\\\/www.masmallorca.es\\\/ca\\\/cultura\"},{\"@type\":\"ListItem\",\"position\":3,\"name\":\"Can Prunera, Museu Modernista\"}]},{\"@type\":\"WebSite\",\"@id\":\"https:\\\/\\\/www.masmallorca.es\\\/ca#website\",\"url\":\"https:\\\/\\\/www.masmallorca.es\\\/ca\",\"name\":\"+Mallorca: la revista de Mallorca\",\"description\":\"Molt m\u00e9s que sol i platja..\",\"publisher\":{\"@id\":\"https:\\\/\\\/www.masmallorca.es\\\/ca#organization\"},\"alternateName\":\"+Mallorca\",\"potentialAction\":[{\"@type\":\"SearchAction\",\"target\":{\"@type\":\"EntryPoint\",\"urlTemplate\":\"https:\\\/\\\/www.masmallorca.es\\\/ca?s={search_term_string}\"},\"query-input\":{\"@type\":\"PropertyValueSpecification\",\"valueRequired\":true,\"valueName\":\"search_term_string\"}}],\"inLanguage\":\"ca-ES\"},{\"@type\":\"Organization\",\"@id\":\"https:\\\/\\\/www.masmallorca.es\\\/ca#organization\",\"name\":\"Revista +Mallorca\",\"alternateName\":\"M\u00e1s Mallorca\",\"url\":\"https:\\\/\\\/www.masmallorca.es\\\/ca\",\"logo\":{\"@type\":\"ImageObject\",\"inLanguage\":\"ca-ES\",\"@id\":\"https:\\\/\\\/www.masmallorca.es\\\/ca#\\\/schema\\\/logo\\\/image\\\/\",\"url\":\"https:\\\/\\\/www.masmallorca.es\\\/wp-content\\\/uploads\\\/2021\\\/04\\\/logomallorca-1.png\",\"contentUrl\":\"https:\\\/\\\/www.masmallorca.es\\\/wp-content\\\/uploads\\\/2021\\\/04\\\/logomallorca-1.png\",\"width\":326,\"height\":84,\"caption\":\"Revista +Mallorca\"},\"image\":{\"@id\":\"https:\\\/\\\/www.masmallorca.es\\\/ca#\\\/schema\\\/logo\\\/image\\\/\"},\"sameAs\":[\"https:\\\/\\\/www.facebook.com\\\/mallorcamagazine\\\/\",\"https:\\\/\\\/x.com\\\/masmallorca\"]},{\"@type\":\"Person\",\"@id\":\"https:\\\/\\\/www.masmallorca.es\\\/ca#\\\/schema\\\/person\\\/554c84e7dfd9917fdba2cace51081633\",\"name\":\"masmallorca\"}]}<\/script>\n<!-- \/ Yoast SEO plugin. -->","yoast_head_json":{"title":"Can Prunera, Museu Modernista | +Mallorca: la revista de Mallorca","description":"+Mallorca, Cultura: Can Prunera constitueix, al costat del Banc de S\u00f3ller i l'esgl\u00e9sia de Sant Bartomeu, la mostra m\u00e9s representativa del modernisme a aquest poble de la\u00a0Serra de Tramuntana.","robots":{"index":"index","follow":"follow","max-snippet":"max-snippet:-1","max-image-preview":"max-image-preview:large","max-video-preview":"max-video-preview:-1"},"canonical":"https:\/\/www.masmallorca.es\/ca\/cultura\/can-prunera-museu-modernista.html","og_locale":"ca_ES","og_type":"article","og_title":"Can Prunera, Museu Modernista | +Mallorca: la revista de Mallorca","og_description":"+Mallorca, Cultura: Can Prunera constitueix, al costat del Banc de S\u00f3ller i l'esgl\u00e9sia de Sant Bartomeu, la mostra m\u00e9s representativa del modernisme a aquest poble de la\u00a0Serra de Tramuntana.","og_url":"https:\/\/www.masmallorca.es\/ca\/cultura\/can-prunera-museu-modernista.html","og_site_name":"+Mallorca: la revista de Mallorca","article_publisher":"https:\/\/www.facebook.com\/mallorcamagazine\/","article_published_time":"2014-04-14T14:41:59+00:00","article_modified_time":"2018-09-12T12:39:14+00:00","og_image":[{"width":360,"height":541,"url":"https:\/\/www.masmallorca.es\/wp-content\/uploads\/2014\/04\/museum-can-prunera-soller-escalera.jpg","type":"image\/jpeg"}],"author":"masmallorca","twitter_card":"summary_large_image","twitter_creator":"@masmallorca","twitter_site":"@masmallorca","twitter_misc":{"Written by":"masmallorca","Est. reading time":"2 minutes"},"schema":{"@context":"https:\/\/schema.org","@graph":[{"@type":"Article","@id":"https:\/\/www.masmallorca.es\/ca\/cultura\/can-prunera-museu-modernista.html#article","isPartOf":{"@id":"https:\/\/www.masmallorca.es\/ca\/cultura\/can-prunera-museu-modernista.html"},"author":{"name":"masmallorca","@id":"https:\/\/www.masmallorca.es\/ca#\/schema\/person\/554c84e7dfd9917fdba2cace51081633"},"headline":"Can Prunera, Museu Modernista","datePublished":"2014-04-14T14:41:59+00:00","dateModified":"2018-09-12T12:39:14+00:00","mainEntityOfPage":{"@id":"https:\/\/www.masmallorca.es\/ca\/cultura\/can-prunera-museu-modernista.html"},"wordCount":482,"publisher":{"@id":"https:\/\/www.masmallorca.es\/ca#organization"},"image":{"@id":"https:\/\/www.masmallorca.es\/ca\/cultura\/can-prunera-museu-modernista.html#primaryimage"},"thumbnailUrl":"https:\/\/www.masmallorca.es\/wp-content\/uploads\/2014\/04\/museum-can-prunera-soller-escalera.jpg","articleSection":["Cultura de Mallorca"],"inLanguage":"ca-ES"},{"@type":"WebPage","@id":"https:\/\/www.masmallorca.es\/ca\/cultura\/can-prunera-museu-modernista.html","url":"https:\/\/www.masmallorca.es\/ca\/cultura\/can-prunera-museu-modernista.html","name":"Can Prunera, Museu Modernista | +Mallorca: la revista de Mallorca","isPartOf":{"@id":"https:\/\/www.masmallorca.es\/ca#website"},"primaryImageOfPage":{"@id":"https:\/\/www.masmallorca.es\/ca\/cultura\/can-prunera-museu-modernista.html#primaryimage"},"image":{"@id":"https:\/\/www.masmallorca.es\/ca\/cultura\/can-prunera-museu-modernista.html#primaryimage"},"thumbnailUrl":"https:\/\/www.masmallorca.es\/wp-content\/uploads\/2014\/04\/museum-can-prunera-soller-escalera.jpg","datePublished":"2014-04-14T14:41:59+00:00","dateModified":"2018-09-12T12:39:14+00:00","description":"+Mallorca, Cultura: Can Prunera constitueix, al costat del Banc de S\u00f3ller i l'esgl\u00e9sia de Sant Bartomeu, la mostra m\u00e9s representativa del modernisme a aquest poble de la\u00a0Serra de Tramuntana.","breadcrumb":{"@id":"https:\/\/www.masmallorca.es\/ca\/cultura\/can-prunera-museu-modernista.html#breadcrumb"},"inLanguage":"ca-ES","potentialAction":[{"@type":"ReadAction","target":["https:\/\/www.masmallorca.es\/ca\/cultura\/can-prunera-museu-modernista.html"]}]},{"@type":"ImageObject","inLanguage":"ca-ES","@id":"https:\/\/www.masmallorca.es\/ca\/cultura\/can-prunera-museu-modernista.html#primaryimage","url":"https:\/\/www.masmallorca.es\/wp-content\/uploads\/2014\/04\/museum-can-prunera-soller-escalera.jpg","contentUrl":"https:\/\/www.masmallorca.es\/wp-content\/uploads\/2014\/04\/museum-can-prunera-soller-escalera.jpg","width":360,"height":541,"caption":"museu Can Prunera S\u00f3ller, Mallorca"},{"@type":"BreadcrumbList","@id":"https:\/\/www.masmallorca.es\/ca\/cultura\/can-prunera-museu-modernista.html#breadcrumb","itemListElement":[{"@type":"ListItem","position":1,"name":"Portada","item":"https:\/\/www.masmallorca.es\/ca"},{"@type":"ListItem","position":2,"name":"Cultura de Mallorca","item":"https:\/\/www.masmallorca.es\/ca\/cultura"},{"@type":"ListItem","position":3,"name":"Can Prunera, Museu Modernista"}]},{"@type":"WebSite","@id":"https:\/\/www.masmallorca.es\/ca#website","url":"https:\/\/www.masmallorca.es\/ca","name":"+Mallorca: la revista de Mallorca","description":"Molt m\u00e9s que sol i platja..","publisher":{"@id":"https:\/\/www.masmallorca.es\/ca#organization"},"alternateName":"+Mallorca","potentialAction":[{"@type":"SearchAction","target":{"@type":"EntryPoint","urlTemplate":"https:\/\/www.masmallorca.es\/ca?s={search_term_string}"},"query-input":{"@type":"PropertyValueSpecification","valueRequired":true,"valueName":"search_term_string"}}],"inLanguage":"ca-ES"},{"@type":"Organization","@id":"https:\/\/www.masmallorca.es\/ca#organization","name":"Revista +Mallorca","alternateName":"M\u00e1s Mallorca","url":"https:\/\/www.masmallorca.es\/ca","logo":{"@type":"ImageObject","inLanguage":"ca-ES","@id":"https:\/\/www.masmallorca.es\/ca#\/schema\/logo\/image\/","url":"https:\/\/www.masmallorca.es\/wp-content\/uploads\/2021\/04\/logomallorca-1.png","contentUrl":"https:\/\/www.masmallorca.es\/wp-content\/uploads\/2021\/04\/logomallorca-1.png","width":326,"height":84,"caption":"Revista +Mallorca"},"image":{"@id":"https:\/\/www.masmallorca.es\/ca#\/schema\/logo\/image\/"},"sameAs":["https:\/\/www.facebook.com\/mallorcamagazine\/","https:\/\/x.com\/masmallorca"]},{"@type":"Person","@id":"https:\/\/www.masmallorca.es\/ca#\/schema\/person\/554c84e7dfd9917fdba2cace51081633","name":"masmallorca"}]}},"_links":{"self":[{"href":"https:\/\/www.masmallorca.es\/ca\/wp-json\/wp\/v2\/posts\/11608","targetHints":{"allow":["GET"]}}],"collection":[{"href":"https:\/\/www.masmallorca.es\/ca\/wp-json\/wp\/v2\/posts"}],"about":[{"href":"https:\/\/www.masmallorca.es\/ca\/wp-json\/wp\/v2\/types\/post"}],"author":[{"embeddable":true,"href":"https:\/\/www.masmallorca.es\/ca\/wp-json\/wp\/v2\/users\/1"}],"replies":[{"embeddable":true,"href":"https:\/\/www.masmallorca.es\/ca\/wp-json\/wp\/v2\/comments?post=11608"}],"version-history":[{"count":0,"href":"https:\/\/www.masmallorca.es\/ca\/wp-json\/wp\/v2\/posts\/11608\/revisions"}],"wp:featuredmedia":[{"embeddable":true,"href":"https:\/\/www.masmallorca.es\/ca\/wp-json\/wp\/v2\/media\/11587"}],"wp:attachment":[{"href":"https:\/\/www.masmallorca.es\/ca\/wp-json\/wp\/v2\/media?parent=11608"}],"wp:term":[{"taxonomy":"category","embeddable":true,"href":"https:\/\/www.masmallorca.es\/ca\/wp-json\/wp\/v2\/categories?post=11608"},{"taxonomy":"post_tag","embeddable":true,"href":"https:\/\/www.masmallorca.es\/ca\/wp-json\/wp\/v2\/tags?post=11608"}],"curies":[{"name":"wp","href":"https:\/\/api.w.org\/{rel}","templated":true}]}}