{"id":11578,"date":"2014-01-23T13:40:40","date_gmt":"2014-01-23T12:40:40","guid":{"rendered":""},"modified":"2017-09-25T11:37:09","modified_gmt":"2017-09-25T09:37:09","slug":"la-llotja-de-palma-de-mallorca-te-el-seu-angel-de-la-guarda","status":"publish","type":"post","link":"https:\/\/www.masmallorca.es\/ca\/cultura\/la-llotja-de-palma-de-mallorca-te-el-seu-angel-de-la-guarda.html","title":{"rendered":"La Llotja de Palma de Mallorca t\u00e9 el seu \u00e0ngel de la guarda"},"content":{"rendered":"<p style=\"text-align: justify;\"><span style=\"text-align: justify;\"><img loading=\"lazy\" decoding=\"async\" class=\"alignright wp-image-11556 size-full\" style=\"border: 0px none; margin: 0px 20px 20px; float: right;\" title=\"La Llotja de Palma de Mallorca\" src=\"https:\/\/www.masmallorca.es\/wp-content\/uploads\/2014\/01\/la-lonja-de-palma-de-mallorca-angel-custodio-1.jpg\" alt=\"La Llotja de Palma de Mallorca\" width=\"150\" height=\"117\" \/>Hi ha un magn\u00edfic monument al <strong>Passeig Sagrera de Palma de Mallorca<\/strong>, que no s&#8217;ha d&#8217;oblidar quan es visita la ciutat. La Llotja \u00e9s una meravella del <strong>g\u00f2tic flam\u00edger<\/strong>, constru\u00efda al segle XV.<\/p>\n<p>\n <\/span><\/p>\n<p><!--more--><\/p>\n<p style=\"text-align: justify;\">\n El col\u00b7legi de mercaders de Mallorca va encarregar aquest edifici p\u00fablic a <strong>l&#8217;arquitecte Guillem Sagrera, en 1426.<\/strong> El seu objectiu, a m\u00e9s de cobrir les necessitats funcionals de compra i venda de productes, era ennoblir la professi\u00f3 de mercader. Per aix\u00f2, es va demanar una llotja grandiosa, adornada amb nombroses est\u00e0tues de sants i \u00e0ngels i impactants elements arquitect\u00f2nics.<\/p>\n<p> <img loading=\"lazy\" decoding=\"async\" class=\"alignleft wp-image-11561 size-full\" style=\"border-style: none; margin: 0px 20px 20px 0px; float: left;\" title=\"La Llotja de Palma de Mallorca\" src=\"https:\/\/www.masmallorca.es\/wp-content\/uploads\/2014\/01\/la-lonja-de-palma-de-mallorca-columnas.jpg\" alt=\"La Llotja de Palma de Mallorca\" width=\"350\" height=\"467\" srcset=\"https:\/\/www.masmallorca.es\/wp-content\/uploads\/2014\/01\/la-lonja-de-palma-de-mallorca-columnas.jpg 350w, https:\/\/www.masmallorca.es\/wp-content\/uploads\/2014\/01\/la-lonja-de-palma-de-mallorca-columnas-225x300.jpg 225w\" sizes=\"(max-width: 350px) 100vw, 350px\" \/><\/p>\n<p style=\"text-align: justify;\">La planta, en forma de paral\u00b7lelep\u00edpede, est\u00e0 coberta per voltes de creueria que descansen en sis columnes helico\u00efdals sense capitell. Les marcades arestes de les columnes es prolonguen formant els nervis de la volta, fent que aquesta gran sala s&#8217;assembli a un palmerar.<\/p>\n<p style=\"text-align: justify;\"><span style=\"text-align: justify;\"><strong>La Llotja<\/strong> presenta una profusi\u00f3 d&#8217;elements superestructurals en el seu exterior, com les quatre torres de cant\u00f3 de planta octogonal encastada, els pinacles dels contraforts i la galeria calada acabada en merlets, que coronen l&#8217;edifici. \u00c9s especialment interessant la fa\u00e7ana lateral, al carrer Llotja de Mar, amb enormes obertures ricament llaurades.<\/span><\/p>\n<p style=\"text-align: justify;\"><span style=\"text-align: justify;\">Quan es va construir, l&#8217;edifici de la Llotja estava situat al costat del mar i formava part de la muralla mar\u00edtima de la ciutat. La fa\u00e7ana principal era la que d\u00f3na a Llevant, perqu\u00e8 des d&#8217;ella\u00a0 es podia contemplar el <strong>Palau de l&#8217;Almudaina<\/strong>. Sobre la porta d&#8217;entrada hi ha una gran escultura de l&#8217;<strong>\u00c0ngel Custodi<\/strong> fet en arenisca, atribu\u00efda al propi Guillem Sagrera que va ser escultor a m\u00e9s d&#8217;arquitecte.<\/p>\n<p> <span style=\"text-align: justify;\"><span style=\"text-align: justify;\"><span style=\"text-align: justify;\"><img loading=\"lazy\" decoding=\"async\" class=\"alignnone wp-image-11566 size-full\" style=\"border-style: none; margin: 0px auto 20px; display: block;\" title=\"La Llotja de Palma de Mallorca\" src=\"https:\/\/www.masmallorca.es\/wp-content\/uploads\/2014\/01\/la-lonja-de-palma-de-mallorca-angel-custodio.jpg\" alt=\"La Llotja de Palma de Mallorca\" width=\"540\" height=\"561\" srcset=\"https:\/\/www.masmallorca.es\/wp-content\/uploads\/2014\/01\/la-lonja-de-palma-de-mallorca-angel-custodio.jpg 540w, https:\/\/www.masmallorca.es\/wp-content\/uploads\/2014\/01\/la-lonja-de-palma-de-mallorca-angel-custodio-289x300.jpg 289w\" sizes=\"(max-width: 540px) 100vw, 540px\" \/><\/span><\/span><\/span>L&#8217;\u00e0ngel subjecta una cartel\u00b7la amb la llegenda &#8220;<strong>Defenedor de la Mercaderia<\/strong>&#8220;. Davant d&#8217; aquesta fa\u00e7ana trobem una pla\u00e7a amb multitud de terrasses, caf\u00e8s i bars molt animats.<\/p>\n<p> Les llotges van ser edificis p\u00fablics caracter\u00edstics de la Corona d&#8217;Arag\u00f3. Possiblement, derivats del almod\u00ed dels ports isl\u00e0mics (casa p\u00fablica destinada a compra i venda de blat o altres grans i comestibles). Avui, <strong>La Llotja de Palma de Mallorca<\/strong> \u00e9s seu d&#8217;exposicions d&#8217;artistes contemporanis i un lloc impressionant on descansar de l&#8217;\u00e0rdua tasca de ser turista.<\/p>\n<p> <img loading=\"lazy\" decoding=\"async\" class=\"size-full wp-image-11571 aligncenter\" src=\"https:\/\/www.masmallorca.es\/wp-content\/uploads\/2014\/01\/la-lonja-de-palma-de-mallorca-fachada-lateral.jpg\" alt=\"la-lonja-de-palma-de-mallorca-fachada-lateral\" width=\"540\" height=\"517\" srcset=\"https:\/\/www.masmallorca.es\/wp-content\/uploads\/2014\/01\/la-lonja-de-palma-de-mallorca-fachada-lateral.jpg 540w, https:\/\/www.masmallorca.es\/wp-content\/uploads\/2014\/01\/la-lonja-de-palma-de-mallorca-fachada-lateral-300x287.jpg 300w\" sizes=\"(max-width: 540px) 100vw, 540px\" \/><br \/>\n <\/span><\/p>\n","protected":false},"excerpt":{"rendered":"<p>Hi ha un magn\u00edfic monument al Passeig Sagrera de Palma de Mallorca, que no s&#8217;ha d&#8217;oblidar quan es visita la ciutat. La Llotja \u00e9s una meravella del g\u00f2tic flam\u00edger, constru\u00efda al segle XV.<\/p>\n","protected":false},"author":1,"featured_media":20582,"comment_status":"closed","ping_status":"closed","sticky":false,"template":"","format":"standard","meta":{"_et_pb_use_builder":"","_et_pb_old_content":"","_et_gb_content_width":"","footnotes":""},"categories":[19],"tags":[],"class_list":["post-11578","post","type-post","status-publish","format-standard","has-post-thumbnail","hentry","category-cultura","et-has-post-format-content","et_post_format-et-post-format-standard"],"yoast_head":"<!-- This site is optimized with the Yoast SEO plugin v27.4 - https:\/\/yoast.com\/product\/yoast-seo-wordpress\/ -->\n<title>La Llotja de Palma de Mallorca | +Mallorca, la revista de Mallorca<\/title>\n<meta name=\"description\" content=\"+Mallorca, Cultura: La Llotja, magn\u00edfic monument al Passeig Sagrera de Palma de Mallorca. La Llotja \u00e9s una meravella del g\u00f2tic flam\u00edger. Illes Balears.\" \/>\n<meta name=\"robots\" content=\"index, follow, max-snippet:-1, max-image-preview:large, max-video-preview:-1\" \/>\n<link rel=\"canonical\" href=\"https:\/\/www.masmallorca.es\/ca\/cultura\/la-llotja-de-palma-de-mallorca-te-el-seu-angel-de-la-guarda.html\" \/>\n<meta property=\"og:locale\" content=\"ca_ES\" \/>\n<meta property=\"og:type\" content=\"article\" \/>\n<meta property=\"og:title\" content=\"La Llotja de Palma de Mallorca | +Mallorca, la revista de Mallorca\" \/>\n<meta property=\"og:description\" content=\"+Mallorca, Cultura: La Llotja, magn\u00edfic monument al Passeig Sagrera de Palma de Mallorca. La Llotja \u00e9s una meravella del g\u00f2tic flam\u00edger. Illes Balears.\" \/>\n<meta property=\"og:url\" content=\"https:\/\/www.masmallorca.es\/ca\/cultura\/la-llotja-de-palma-de-mallorca-te-el-seu-angel-de-la-guarda.html\" \/>\n<meta property=\"og:site_name\" content=\"+Mallorca: la revista de Mallorca\" \/>\n<meta property=\"article:publisher\" content=\"https:\/\/www.facebook.com\/mallorcamagazine\/\" \/>\n<meta property=\"article:published_time\" content=\"2014-01-23T12:40:40+00:00\" \/>\n<meta property=\"article:modified_time\" content=\"2017-09-25T09:37:09+00:00\" \/>\n<meta property=\"og:image\" content=\"https:\/\/www.masmallorca.es\/wp-content\/uploads\/2014\/01\/La-Lonja.jpg\" \/>\n\t<meta property=\"og:image:width\" content=\"940\" \/>\n\t<meta property=\"og:image:height\" content=\"705\" \/>\n\t<meta property=\"og:image:type\" content=\"image\/jpeg\" \/>\n<meta name=\"author\" content=\"masmallorca\" \/>\n<meta name=\"twitter:card\" content=\"summary_large_image\" \/>\n<meta name=\"twitter:creator\" content=\"@masmallorca\" \/>\n<meta name=\"twitter:site\" content=\"@masmallorca\" \/>\n<meta name=\"twitter:label1\" content=\"Written by\" \/>\n\t<meta name=\"twitter:data1\" content=\"masmallorca\" \/>\n\t<meta name=\"twitter:label2\" content=\"Est. reading time\" \/>\n\t<meta name=\"twitter:data2\" content=\"2 minutes\" \/>\n<script type=\"application\/ld+json\" class=\"yoast-schema-graph\">{\"@context\":\"https:\\\/\\\/schema.org\",\"@graph\":[{\"@type\":\"Article\",\"@id\":\"https:\\\/\\\/www.masmallorca.es\\\/ca\\\/cultura\\\/la-llotja-de-palma-de-mallorca-te-el-seu-angel-de-la-guarda.html#article\",\"isPartOf\":{\"@id\":\"https:\\\/\\\/www.masmallorca.es\\\/ca\\\/cultura\\\/la-llotja-de-palma-de-mallorca-te-el-seu-angel-de-la-guarda.html\"},\"author\":{\"name\":\"masmallorca\",\"@id\":\"https:\\\/\\\/www.masmallorca.es\\\/ca#\\\/schema\\\/person\\\/554c84e7dfd9917fdba2cace51081633\"},\"headline\":\"La Llotja de Palma de Mallorca t\u00e9 el seu \u00e0ngel de la guarda\",\"datePublished\":\"2014-01-23T12:40:40+00:00\",\"dateModified\":\"2017-09-25T09:37:09+00:00\",\"mainEntityOfPage\":{\"@id\":\"https:\\\/\\\/www.masmallorca.es\\\/ca\\\/cultura\\\/la-llotja-de-palma-de-mallorca-te-el-seu-angel-de-la-guarda.html\"},\"wordCount\":394,\"publisher\":{\"@id\":\"https:\\\/\\\/www.masmallorca.es\\\/ca#organization\"},\"image\":{\"@id\":\"https:\\\/\\\/www.masmallorca.es\\\/ca\\\/cultura\\\/la-llotja-de-palma-de-mallorca-te-el-seu-angel-de-la-guarda.html#primaryimage\"},\"thumbnailUrl\":\"https:\\\/\\\/www.masmallorca.es\\\/wp-content\\\/uploads\\\/2014\\\/01\\\/La-Lonja.jpg\",\"articleSection\":[\"Cultura de Mallorca\"],\"inLanguage\":\"ca-ES\"},{\"@type\":\"WebPage\",\"@id\":\"https:\\\/\\\/www.masmallorca.es\\\/ca\\\/cultura\\\/la-llotja-de-palma-de-mallorca-te-el-seu-angel-de-la-guarda.html\",\"url\":\"https:\\\/\\\/www.masmallorca.es\\\/ca\\\/cultura\\\/la-llotja-de-palma-de-mallorca-te-el-seu-angel-de-la-guarda.html\",\"name\":\"La Llotja de Palma de Mallorca | +Mallorca, la revista de Mallorca\",\"isPartOf\":{\"@id\":\"https:\\\/\\\/www.masmallorca.es\\\/ca#website\"},\"primaryImageOfPage\":{\"@id\":\"https:\\\/\\\/www.masmallorca.es\\\/ca\\\/cultura\\\/la-llotja-de-palma-de-mallorca-te-el-seu-angel-de-la-guarda.html#primaryimage\"},\"image\":{\"@id\":\"https:\\\/\\\/www.masmallorca.es\\\/ca\\\/cultura\\\/la-llotja-de-palma-de-mallorca-te-el-seu-angel-de-la-guarda.html#primaryimage\"},\"thumbnailUrl\":\"https:\\\/\\\/www.masmallorca.es\\\/wp-content\\\/uploads\\\/2014\\\/01\\\/La-Lonja.jpg\",\"datePublished\":\"2014-01-23T12:40:40+00:00\",\"dateModified\":\"2017-09-25T09:37:09+00:00\",\"description\":\"+Mallorca, Cultura: La Llotja, magn\u00edfic monument al Passeig Sagrera de Palma de Mallorca. La Llotja \u00e9s una meravella del g\u00f2tic flam\u00edger. Illes Balears.\",\"breadcrumb\":{\"@id\":\"https:\\\/\\\/www.masmallorca.es\\\/ca\\\/cultura\\\/la-llotja-de-palma-de-mallorca-te-el-seu-angel-de-la-guarda.html#breadcrumb\"},\"inLanguage\":\"ca-ES\",\"potentialAction\":[{\"@type\":\"ReadAction\",\"target\":[\"https:\\\/\\\/www.masmallorca.es\\\/ca\\\/cultura\\\/la-llotja-de-palma-de-mallorca-te-el-seu-angel-de-la-guarda.html\"]}]},{\"@type\":\"ImageObject\",\"inLanguage\":\"ca-ES\",\"@id\":\"https:\\\/\\\/www.masmallorca.es\\\/ca\\\/cultura\\\/la-llotja-de-palma-de-mallorca-te-el-seu-angel-de-la-guarda.html#primaryimage\",\"url\":\"https:\\\/\\\/www.masmallorca.es\\\/wp-content\\\/uploads\\\/2014\\\/01\\\/La-Lonja.jpg\",\"contentUrl\":\"https:\\\/\\\/www.masmallorca.es\\\/wp-content\\\/uploads\\\/2014\\\/01\\\/La-Lonja.jpg\",\"width\":940,\"height\":705,\"caption\":\"La Lonja de Palma, Mallorca\"},{\"@type\":\"BreadcrumbList\",\"@id\":\"https:\\\/\\\/www.masmallorca.es\\\/ca\\\/cultura\\\/la-llotja-de-palma-de-mallorca-te-el-seu-angel-de-la-guarda.html#breadcrumb\",\"itemListElement\":[{\"@type\":\"ListItem\",\"position\":1,\"name\":\"Portada\",\"item\":\"https:\\\/\\\/www.masmallorca.es\\\/ca\"},{\"@type\":\"ListItem\",\"position\":2,\"name\":\"Cultura de Mallorca\",\"item\":\"https:\\\/\\\/www.masmallorca.es\\\/ca\\\/cultura\"},{\"@type\":\"ListItem\",\"position\":3,\"name\":\"La Llotja de Palma de Mallorca t\u00e9 el seu \u00e0ngel de la guarda\"}]},{\"@type\":\"WebSite\",\"@id\":\"https:\\\/\\\/www.masmallorca.es\\\/ca#website\",\"url\":\"https:\\\/\\\/www.masmallorca.es\\\/ca\",\"name\":\"+Mallorca: la revista de Mallorca\",\"description\":\"Molt m\u00e9s que sol i platja..\",\"publisher\":{\"@id\":\"https:\\\/\\\/www.masmallorca.es\\\/ca#organization\"},\"alternateName\":\"+Mallorca\",\"potentialAction\":[{\"@type\":\"SearchAction\",\"target\":{\"@type\":\"EntryPoint\",\"urlTemplate\":\"https:\\\/\\\/www.masmallorca.es\\\/ca?s={search_term_string}\"},\"query-input\":{\"@type\":\"PropertyValueSpecification\",\"valueRequired\":true,\"valueName\":\"search_term_string\"}}],\"inLanguage\":\"ca-ES\"},{\"@type\":\"Organization\",\"@id\":\"https:\\\/\\\/www.masmallorca.es\\\/ca#organization\",\"name\":\"Revista +Mallorca\",\"alternateName\":\"M\u00e1s Mallorca\",\"url\":\"https:\\\/\\\/www.masmallorca.es\\\/ca\",\"logo\":{\"@type\":\"ImageObject\",\"inLanguage\":\"ca-ES\",\"@id\":\"https:\\\/\\\/www.masmallorca.es\\\/ca#\\\/schema\\\/logo\\\/image\\\/\",\"url\":\"https:\\\/\\\/www.masmallorca.es\\\/wp-content\\\/uploads\\\/2021\\\/04\\\/logomallorca-1.png\",\"contentUrl\":\"https:\\\/\\\/www.masmallorca.es\\\/wp-content\\\/uploads\\\/2021\\\/04\\\/logomallorca-1.png\",\"width\":326,\"height\":84,\"caption\":\"Revista +Mallorca\"},\"image\":{\"@id\":\"https:\\\/\\\/www.masmallorca.es\\\/ca#\\\/schema\\\/logo\\\/image\\\/\"},\"sameAs\":[\"https:\\\/\\\/www.facebook.com\\\/mallorcamagazine\\\/\",\"https:\\\/\\\/x.com\\\/masmallorca\"]},{\"@type\":\"Person\",\"@id\":\"https:\\\/\\\/www.masmallorca.es\\\/ca#\\\/schema\\\/person\\\/554c84e7dfd9917fdba2cace51081633\",\"name\":\"masmallorca\"}]}<\/script>\n<!-- \/ Yoast SEO plugin. -->","yoast_head_json":{"title":"La Llotja de Palma de Mallorca | +Mallorca, la revista de Mallorca","description":"+Mallorca, Cultura: La Llotja, magn\u00edfic monument al Passeig Sagrera de Palma de Mallorca. La Llotja \u00e9s una meravella del g\u00f2tic flam\u00edger. Illes Balears.","robots":{"index":"index","follow":"follow","max-snippet":"max-snippet:-1","max-image-preview":"max-image-preview:large","max-video-preview":"max-video-preview:-1"},"canonical":"https:\/\/www.masmallorca.es\/ca\/cultura\/la-llotja-de-palma-de-mallorca-te-el-seu-angel-de-la-guarda.html","og_locale":"ca_ES","og_type":"article","og_title":"La Llotja de Palma de Mallorca | +Mallorca, la revista de Mallorca","og_description":"+Mallorca, Cultura: La Llotja, magn\u00edfic monument al Passeig Sagrera de Palma de Mallorca. La Llotja \u00e9s una meravella del g\u00f2tic flam\u00edger. Illes Balears.","og_url":"https:\/\/www.masmallorca.es\/ca\/cultura\/la-llotja-de-palma-de-mallorca-te-el-seu-angel-de-la-guarda.html","og_site_name":"+Mallorca: la revista de Mallorca","article_publisher":"https:\/\/www.facebook.com\/mallorcamagazine\/","article_published_time":"2014-01-23T12:40:40+00:00","article_modified_time":"2017-09-25T09:37:09+00:00","og_image":[{"width":940,"height":705,"url":"https:\/\/www.masmallorca.es\/wp-content\/uploads\/2014\/01\/La-Lonja.jpg","type":"image\/jpeg"}],"author":"masmallorca","twitter_card":"summary_large_image","twitter_creator":"@masmallorca","twitter_site":"@masmallorca","twitter_misc":{"Written by":"masmallorca","Est. reading time":"2 minutes"},"schema":{"@context":"https:\/\/schema.org","@graph":[{"@type":"Article","@id":"https:\/\/www.masmallorca.es\/ca\/cultura\/la-llotja-de-palma-de-mallorca-te-el-seu-angel-de-la-guarda.html#article","isPartOf":{"@id":"https:\/\/www.masmallorca.es\/ca\/cultura\/la-llotja-de-palma-de-mallorca-te-el-seu-angel-de-la-guarda.html"},"author":{"name":"masmallorca","@id":"https:\/\/www.masmallorca.es\/ca#\/schema\/person\/554c84e7dfd9917fdba2cace51081633"},"headline":"La Llotja de Palma de Mallorca t\u00e9 el seu \u00e0ngel de la guarda","datePublished":"2014-01-23T12:40:40+00:00","dateModified":"2017-09-25T09:37:09+00:00","mainEntityOfPage":{"@id":"https:\/\/www.masmallorca.es\/ca\/cultura\/la-llotja-de-palma-de-mallorca-te-el-seu-angel-de-la-guarda.html"},"wordCount":394,"publisher":{"@id":"https:\/\/www.masmallorca.es\/ca#organization"},"image":{"@id":"https:\/\/www.masmallorca.es\/ca\/cultura\/la-llotja-de-palma-de-mallorca-te-el-seu-angel-de-la-guarda.html#primaryimage"},"thumbnailUrl":"https:\/\/www.masmallorca.es\/wp-content\/uploads\/2014\/01\/La-Lonja.jpg","articleSection":["Cultura de Mallorca"],"inLanguage":"ca-ES"},{"@type":"WebPage","@id":"https:\/\/www.masmallorca.es\/ca\/cultura\/la-llotja-de-palma-de-mallorca-te-el-seu-angel-de-la-guarda.html","url":"https:\/\/www.masmallorca.es\/ca\/cultura\/la-llotja-de-palma-de-mallorca-te-el-seu-angel-de-la-guarda.html","name":"La Llotja de Palma de Mallorca | +Mallorca, la revista de Mallorca","isPartOf":{"@id":"https:\/\/www.masmallorca.es\/ca#website"},"primaryImageOfPage":{"@id":"https:\/\/www.masmallorca.es\/ca\/cultura\/la-llotja-de-palma-de-mallorca-te-el-seu-angel-de-la-guarda.html#primaryimage"},"image":{"@id":"https:\/\/www.masmallorca.es\/ca\/cultura\/la-llotja-de-palma-de-mallorca-te-el-seu-angel-de-la-guarda.html#primaryimage"},"thumbnailUrl":"https:\/\/www.masmallorca.es\/wp-content\/uploads\/2014\/01\/La-Lonja.jpg","datePublished":"2014-01-23T12:40:40+00:00","dateModified":"2017-09-25T09:37:09+00:00","description":"+Mallorca, Cultura: La Llotja, magn\u00edfic monument al Passeig Sagrera de Palma de Mallorca. La Llotja \u00e9s una meravella del g\u00f2tic flam\u00edger. Illes Balears.","breadcrumb":{"@id":"https:\/\/www.masmallorca.es\/ca\/cultura\/la-llotja-de-palma-de-mallorca-te-el-seu-angel-de-la-guarda.html#breadcrumb"},"inLanguage":"ca-ES","potentialAction":[{"@type":"ReadAction","target":["https:\/\/www.masmallorca.es\/ca\/cultura\/la-llotja-de-palma-de-mallorca-te-el-seu-angel-de-la-guarda.html"]}]},{"@type":"ImageObject","inLanguage":"ca-ES","@id":"https:\/\/www.masmallorca.es\/ca\/cultura\/la-llotja-de-palma-de-mallorca-te-el-seu-angel-de-la-guarda.html#primaryimage","url":"https:\/\/www.masmallorca.es\/wp-content\/uploads\/2014\/01\/La-Lonja.jpg","contentUrl":"https:\/\/www.masmallorca.es\/wp-content\/uploads\/2014\/01\/La-Lonja.jpg","width":940,"height":705,"caption":"La Lonja de Palma, Mallorca"},{"@type":"BreadcrumbList","@id":"https:\/\/www.masmallorca.es\/ca\/cultura\/la-llotja-de-palma-de-mallorca-te-el-seu-angel-de-la-guarda.html#breadcrumb","itemListElement":[{"@type":"ListItem","position":1,"name":"Portada","item":"https:\/\/www.masmallorca.es\/ca"},{"@type":"ListItem","position":2,"name":"Cultura de Mallorca","item":"https:\/\/www.masmallorca.es\/ca\/cultura"},{"@type":"ListItem","position":3,"name":"La Llotja de Palma de Mallorca t\u00e9 el seu \u00e0ngel de la guarda"}]},{"@type":"WebSite","@id":"https:\/\/www.masmallorca.es\/ca#website","url":"https:\/\/www.masmallorca.es\/ca","name":"+Mallorca: la revista de Mallorca","description":"Molt m\u00e9s que sol i platja..","publisher":{"@id":"https:\/\/www.masmallorca.es\/ca#organization"},"alternateName":"+Mallorca","potentialAction":[{"@type":"SearchAction","target":{"@type":"EntryPoint","urlTemplate":"https:\/\/www.masmallorca.es\/ca?s={search_term_string}"},"query-input":{"@type":"PropertyValueSpecification","valueRequired":true,"valueName":"search_term_string"}}],"inLanguage":"ca-ES"},{"@type":"Organization","@id":"https:\/\/www.masmallorca.es\/ca#organization","name":"Revista +Mallorca","alternateName":"M\u00e1s Mallorca","url":"https:\/\/www.masmallorca.es\/ca","logo":{"@type":"ImageObject","inLanguage":"ca-ES","@id":"https:\/\/www.masmallorca.es\/ca#\/schema\/logo\/image\/","url":"https:\/\/www.masmallorca.es\/wp-content\/uploads\/2021\/04\/logomallorca-1.png","contentUrl":"https:\/\/www.masmallorca.es\/wp-content\/uploads\/2021\/04\/logomallorca-1.png","width":326,"height":84,"caption":"Revista +Mallorca"},"image":{"@id":"https:\/\/www.masmallorca.es\/ca#\/schema\/logo\/image\/"},"sameAs":["https:\/\/www.facebook.com\/mallorcamagazine\/","https:\/\/x.com\/masmallorca"]},{"@type":"Person","@id":"https:\/\/www.masmallorca.es\/ca#\/schema\/person\/554c84e7dfd9917fdba2cace51081633","name":"masmallorca"}]}},"_links":{"self":[{"href":"https:\/\/www.masmallorca.es\/ca\/wp-json\/wp\/v2\/posts\/11578","targetHints":{"allow":["GET"]}}],"collection":[{"href":"https:\/\/www.masmallorca.es\/ca\/wp-json\/wp\/v2\/posts"}],"about":[{"href":"https:\/\/www.masmallorca.es\/ca\/wp-json\/wp\/v2\/types\/post"}],"author":[{"embeddable":true,"href":"https:\/\/www.masmallorca.es\/ca\/wp-json\/wp\/v2\/users\/1"}],"replies":[{"embeddable":true,"href":"https:\/\/www.masmallorca.es\/ca\/wp-json\/wp\/v2\/comments?post=11578"}],"version-history":[{"count":0,"href":"https:\/\/www.masmallorca.es\/ca\/wp-json\/wp\/v2\/posts\/11578\/revisions"}],"wp:featuredmedia":[{"embeddable":true,"href":"https:\/\/www.masmallorca.es\/ca\/wp-json\/wp\/v2\/media\/20582"}],"wp:attachment":[{"href":"https:\/\/www.masmallorca.es\/ca\/wp-json\/wp\/v2\/media?parent=11578"}],"wp:term":[{"taxonomy":"category","embeddable":true,"href":"https:\/\/www.masmallorca.es\/ca\/wp-json\/wp\/v2\/categories?post=11578"},{"taxonomy":"post_tag","embeddable":true,"href":"https:\/\/www.masmallorca.es\/ca\/wp-json\/wp\/v2\/tags?post=11578"}],"curies":[{"name":"wp","href":"https:\/\/api.w.org\/{rel}","templated":true}]}}