{"id":11408,"date":"2013-10-01T11:03:41","date_gmt":"2013-10-01T09:03:41","guid":{"rendered":""},"modified":"2021-02-18T12:13:27","modified_gmt":"2021-02-18T11:13:27","slug":"palma-de-mallorca-es-posa-guapa-amb-els-seus-parcs-urbans","status":"publish","type":"post","link":"https:\/\/www.masmallorca.es\/ca\/cultura\/palma-de-mallorca-es-posa-guapa-amb-els-seus-parcs-urbans.html","title":{"rendered":"Palma de Mallorca es posa guapa amb els seus parcs urbans"},"content":{"rendered":"<p style=\"text-align: justify;\"><img loading=\"lazy\" decoding=\"async\" class=\" alignright size-full wp-image-11381\" style=\"border: 0px none; margin: 0px 20px 40px; float: right;\" src=\"https:\/\/www.masmallorca.es\/wp-content\/uploads\/2013\/10\/parques-urbanos-palma-de-mallorca-4.jpg\" alt=\"parques-urbanos-palma-de-mallorca-4\" width=\"150\" height=\"133\" \/>Palma de Mallorca atorga cada vegada m\u00e9s import\u00e0ncia als seus <strong>parcs urbans<\/strong>. En els darrers vint anys, el municipi ha habilitat nous entorns d&#8217;aquest tipus i embellit o ampliat els que ja estaven en funcionament.<\/p>\n<p><!--more--><\/p>\n<p><img loading=\"lazy\" decoding=\"async\" class=\" alignleft size-full wp-image-11386\" style=\"border: 0px none; margin: 10px 20px 10px 0px; float: left;\" src=\"https:\/\/www.masmallorca.es\/wp-content\/uploads\/2013\/10\/parques-urbanos-palma-de-mallorca-3.jpg\" alt=\"parques-urbanos-palma-de-mallorca-3\" width=\"350\" height=\"525\" srcset=\"https:\/\/www.masmallorca.es\/wp-content\/uploads\/2013\/10\/parques-urbanos-palma-de-mallorca-3.jpg 350w, https:\/\/www.masmallorca.es\/wp-content\/uploads\/2013\/10\/parques-urbanos-palma-de-mallorca-3-200x300.jpg 200w\" sizes=\"(max-width: 350px) 100vw, 350px\" \/><\/p>\n<p><strong>El Parc de Sa Riera<\/strong> \u00e9s el de majors dimensions, 120.000 metres quadrats, i l&#8217;\u00faltim a ser inaugurat, l&#8217;any 2004.<\/p>\n<p>Per\u00f2 la ciutat compta tamb\u00e9 amb parcs hist\u00f2rics, com el de <strong>Sa Feixina<\/strong>, inaugurat el 1935 i reformat per \u00faltima vegada el 1991, amb un itinerari que connecta el centre de la ciutat i el port.<\/p>\n<p>El 1983 es va inaugurar el <strong>Parc de la Mar<\/strong>, potser un dels m\u00e9s coneguts pels turistes. Des de 1994 posseeix un llac d&#8217;aigua salada, la funci\u00f3 \u00e9s reflectir la <a title=\"Catedral Palma de Mallorca\" href=\"https:\/\/www.masmallorca.es\/ca\/mallorca\/cultura\/la-catedral-de-palma-2.html\">Catedral<\/a>, recuperant aix\u00ed la imatge que oferia la bas\u00edlica quan la mar arribava fins als seus peus, abans de la construcci\u00f3 de l&#8217;autopista de l&#8217;aeroport.<\/p>\n<p><strong>El parc Krekovic<\/strong>, al Pol\u00edgon de Llevant, es va inaugurar el 1990 en honor al pintor croat Kristian Krekovic ( 1901-1985 ), que va viure a Mallorca durant vint anys. Amb 40.204 metres quadrats de superf\u00edcie distribu\u00efts en sis illetes, ofereix una imatge m\u00e9s austera que els altres tres, sense massa elements l\u00fadics o arquitect\u00f2nics que distreguin al passejant del contacte amb la natura. Cont\u00e9 el Museu Krekovic, on s&#8217;exposa la col\u00b7lecci\u00f3 permanent del pintor.<\/p>\n<p style=\"text-align: justify;\"><img loading=\"lazy\" decoding=\"async\" class=\" alignleft size-full wp-image-11391\" style=\"border: 0px none; margin: 10px 20px 10px 0px; float: left;\" src=\"https:\/\/www.masmallorca.es\/wp-content\/uploads\/2013\/10\/parques-urbanos-palma-de-mallorca-2.jpg\" alt=\"parques-urbanos-palma-de-mallorca-2\" width=\"350\" height=\"233\" srcset=\"https:\/\/www.masmallorca.es\/wp-content\/uploads\/2013\/10\/parques-urbanos-palma-de-mallorca-2.jpg 350w, https:\/\/www.masmallorca.es\/wp-content\/uploads\/2013\/10\/parques-urbanos-palma-de-mallorca-2-300x200.jpg 300w\" sizes=\"(max-width: 350px) 100vw, 350px\" \/><\/p>\n<p style=\"text-align: left;\">\n<img loading=\"lazy\" decoding=\"async\" class=\" alignleft size-full wp-image-11396\" style=\"border: 0px none; margin: 10px 20px 10px 0px; float: left;\" src=\"https:\/\/www.masmallorca.es\/wp-content\/uploads\/2013\/10\/parques-urbanos-palma-de-mallorca.jpg\" alt=\"parques-urbanos-palma-de-mallorca\" width=\"540\" height=\"360\" srcset=\"https:\/\/www.masmallorca.es\/wp-content\/uploads\/2013\/10\/parques-urbanos-palma-de-mallorca.jpg 540w, https:\/\/www.masmallorca.es\/wp-content\/uploads\/2013\/10\/parques-urbanos-palma-de-mallorca-300x200.jpg 300w\" sizes=\"(max-width: 540px) 100vw, 540px\" \/><br \/>\nEls parcs urbans s\u00f3n un reflex de la hist\u00f2ria recent. \u00c9s el cas del parc de Sa Feixina, que des de 1948 exhibeix el mon\u00f2lit dedicat als caiguts en el creuer Balears durant la guerra civil. Aquest parc disposa tamb\u00e9 d&#8217;un important jard\u00ed bot\u00e0nic i d&#8217;un original rellotge de sol amb forma de pir\u00e0mide.<\/p>\n<p style=\"text-align: left;\">\nPer\u00f2 potser \u00e9s el Parc de Sa Riera el millor equipat per respondre a les demandes dels ciutadans. El recinte ofereix als seus visitants un ampli ventall de serveis, des d&#8217;un aparcament subterrani amb 335 places fins a dos cafeteries, un castell infantil i una zona esportiva amb camps de futbol, b\u00e0squet i voleibol. Tamb\u00e9 disposa de m\u00e0quines per a exercicis de gimn\u00e0stica, una pista de monopat\u00ed, un amfiteatre i, per descomptat, \u00e0mplies zones per al passeig.<\/p>\n<p>El Parc de la Mar, amb la seva privilegiada orientaci\u00f3 a la badia, s&#8217;insereix en una ruta que enlla\u00e7a el barri antic amb el Passeig del Born, en un dels entorns m\u00e9s bells de la ciutat mar\u00edtima. En un dels seus extrems, aquest parc acull l&#8217;\u00fanic vestigi de l&#8217;origin\u00e0ria muralla \u00e0rab que conserva la capital mallorquina.<\/p>\n<p><img loading=\"lazy\" decoding=\"async\" class=\" alignleft size-full wp-image-11401\" style=\"border: 0px none; margin: 10px 20px 10px 0px; float: left;\" src=\"https:\/\/www.masmallorca.es\/wp-content\/uploads\/2013\/10\/parques-urbanos-palma-de-mallorca-1.jpg\" alt=\"parques-urbanos-palma-de-mallorca-1\" width=\"540\" height=\"308\" srcset=\"https:\/\/www.masmallorca.es\/wp-content\/uploads\/2013\/10\/parques-urbanos-palma-de-mallorca-1.jpg 540w, https:\/\/www.masmallorca.es\/wp-content\/uploads\/2013\/10\/parques-urbanos-palma-de-mallorca-1-300x171.jpg 300w\" sizes=\"(max-width: 540px) 100vw, 540px\" \/><\/p>\n","protected":false},"excerpt":{"rendered":"<p>Palma de Mallorca atorga cada vegada m\u00e9s import\u00e0ncia als seus parcs urbans. En els darrers vint anys, el municipi ha habilitat nous entorns d&#8217;aquest tipus i embellit o ampliat els que ja estaven en funcionament.<\/p>\n","protected":false},"author":1,"featured_media":11397,"comment_status":"closed","ping_status":"closed","sticky":false,"template":"","format":"standard","meta":{"_et_pb_use_builder":"","_et_pb_old_content":"","_et_gb_content_width":"","footnotes":""},"categories":[19],"tags":[],"class_list":["post-11408","post","type-post","status-publish","format-standard","has-post-thumbnail","hentry","category-cultura","et-has-post-format-content","et_post_format-et-post-format-standard"],"yoast_head":"<!-- This site is optimized with the Yoast SEO plugin v27.4 - https:\/\/yoast.com\/product\/yoast-seo-wordpress\/ -->\n<title>Palma, Mallorca i els seus parcs urbans | +Mallorca: la revista de Mallorca<\/title>\n<meta name=\"description\" content=\"Palma de Mallorca i els seus parcs urbans: Parc de Sa Riera, Parc Sa Feixina, Parc de la Mar, Parc Krekovic. Palma, Mallorca.\" \/>\n<meta name=\"robots\" content=\"index, follow, max-snippet:-1, max-image-preview:large, max-video-preview:-1\" \/>\n<link rel=\"canonical\" href=\"https:\/\/www.masmallorca.es\/ca\/cultura\/palma-de-mallorca-es-posa-guapa-amb-els-seus-parcs-urbans.html\" \/>\n<meta property=\"og:locale\" content=\"ca_ES\" \/>\n<meta property=\"og:type\" content=\"article\" \/>\n<meta property=\"og:title\" content=\"Palma, Mallorca i els seus parcs urbans | +Mallorca: la revista de Mallorca\" \/>\n<meta property=\"og:description\" content=\"Palma de Mallorca i els seus parcs urbans: Parc de Sa Riera, Parc Sa Feixina, Parc de la Mar, Parc Krekovic. Palma, Mallorca.\" \/>\n<meta property=\"og:url\" content=\"https:\/\/www.masmallorca.es\/ca\/cultura\/palma-de-mallorca-es-posa-guapa-amb-els-seus-parcs-urbans.html\" \/>\n<meta property=\"og:site_name\" content=\"+Mallorca: la revista de Mallorca\" \/>\n<meta property=\"article:publisher\" content=\"https:\/\/www.facebook.com\/mallorcamagazine\/\" \/>\n<meta property=\"article:published_time\" content=\"2013-10-01T09:03:41+00:00\" \/>\n<meta property=\"article:modified_time\" content=\"2021-02-18T11:13:27+00:00\" \/>\n<meta property=\"og:image\" content=\"https:\/\/www.masmallorca.es\/wp-content\/uploads\/2013\/10\/parques-urbanos-palma-de-mallorca.jpg\" \/>\n\t<meta property=\"og:image:width\" content=\"540\" \/>\n\t<meta property=\"og:image:height\" content=\"360\" \/>\n\t<meta property=\"og:image:type\" content=\"image\/jpeg\" \/>\n<meta name=\"author\" content=\"masmallorca\" \/>\n<meta name=\"twitter:card\" content=\"summary_large_image\" \/>\n<meta name=\"twitter:creator\" content=\"@masmallorca\" \/>\n<meta name=\"twitter:site\" content=\"@masmallorca\" \/>\n<meta name=\"twitter:label1\" content=\"Written by\" \/>\n\t<meta name=\"twitter:data1\" content=\"masmallorca\" \/>\n\t<meta name=\"twitter:label2\" content=\"Est. reading time\" \/>\n\t<meta name=\"twitter:data2\" content=\"3 minutes\" \/>\n<script type=\"application\/ld+json\" class=\"yoast-schema-graph\">{\"@context\":\"https:\\\/\\\/schema.org\",\"@graph\":[{\"@type\":\"Article\",\"@id\":\"https:\\\/\\\/www.masmallorca.es\\\/ca\\\/cultura\\\/palma-de-mallorca-es-posa-guapa-amb-els-seus-parcs-urbans.html#article\",\"isPartOf\":{\"@id\":\"https:\\\/\\\/www.masmallorca.es\\\/ca\\\/cultura\\\/palma-de-mallorca-es-posa-guapa-amb-els-seus-parcs-urbans.html\"},\"author\":{\"name\":\"masmallorca\",\"@id\":\"https:\\\/\\\/www.masmallorca.es\\\/ca#\\\/schema\\\/person\\\/554c84e7dfd9917fdba2cace51081633\"},\"headline\":\"Palma de Mallorca es posa guapa amb els seus parcs urbans\",\"datePublished\":\"2013-10-01T09:03:41+00:00\",\"dateModified\":\"2021-02-18T11:13:27+00:00\",\"mainEntityOfPage\":{\"@id\":\"https:\\\/\\\/www.masmallorca.es\\\/ca\\\/cultura\\\/palma-de-mallorca-es-posa-guapa-amb-els-seus-parcs-urbans.html\"},\"wordCount\":444,\"publisher\":{\"@id\":\"https:\\\/\\\/www.masmallorca.es\\\/ca#organization\"},\"image\":{\"@id\":\"https:\\\/\\\/www.masmallorca.es\\\/ca\\\/cultura\\\/palma-de-mallorca-es-posa-guapa-amb-els-seus-parcs-urbans.html#primaryimage\"},\"thumbnailUrl\":\"https:\\\/\\\/www.masmallorca.es\\\/wp-content\\\/uploads\\\/2013\\\/10\\\/parques-urbanos-palma-de-mallorca.jpg\",\"articleSection\":[\"Cultura de Mallorca\"],\"inLanguage\":\"ca-ES\"},{\"@type\":\"WebPage\",\"@id\":\"https:\\\/\\\/www.masmallorca.es\\\/ca\\\/cultura\\\/palma-de-mallorca-es-posa-guapa-amb-els-seus-parcs-urbans.html\",\"url\":\"https:\\\/\\\/www.masmallorca.es\\\/ca\\\/cultura\\\/palma-de-mallorca-es-posa-guapa-amb-els-seus-parcs-urbans.html\",\"name\":\"Palma, Mallorca i els seus parcs urbans | +Mallorca: la revista de Mallorca\",\"isPartOf\":{\"@id\":\"https:\\\/\\\/www.masmallorca.es\\\/ca#website\"},\"primaryImageOfPage\":{\"@id\":\"https:\\\/\\\/www.masmallorca.es\\\/ca\\\/cultura\\\/palma-de-mallorca-es-posa-guapa-amb-els-seus-parcs-urbans.html#primaryimage\"},\"image\":{\"@id\":\"https:\\\/\\\/www.masmallorca.es\\\/ca\\\/cultura\\\/palma-de-mallorca-es-posa-guapa-amb-els-seus-parcs-urbans.html#primaryimage\"},\"thumbnailUrl\":\"https:\\\/\\\/www.masmallorca.es\\\/wp-content\\\/uploads\\\/2013\\\/10\\\/parques-urbanos-palma-de-mallorca.jpg\",\"datePublished\":\"2013-10-01T09:03:41+00:00\",\"dateModified\":\"2021-02-18T11:13:27+00:00\",\"description\":\"Palma de Mallorca i els seus parcs urbans: Parc de Sa Riera, Parc Sa Feixina, Parc de la Mar, Parc Krekovic. Palma, Mallorca.\",\"breadcrumb\":{\"@id\":\"https:\\\/\\\/www.masmallorca.es\\\/ca\\\/cultura\\\/palma-de-mallorca-es-posa-guapa-amb-els-seus-parcs-urbans.html#breadcrumb\"},\"inLanguage\":\"ca-ES\",\"potentialAction\":[{\"@type\":\"ReadAction\",\"target\":[\"https:\\\/\\\/www.masmallorca.es\\\/ca\\\/cultura\\\/palma-de-mallorca-es-posa-guapa-amb-els-seus-parcs-urbans.html\"]}]},{\"@type\":\"ImageObject\",\"inLanguage\":\"ca-ES\",\"@id\":\"https:\\\/\\\/www.masmallorca.es\\\/ca\\\/cultura\\\/palma-de-mallorca-es-posa-guapa-amb-els-seus-parcs-urbans.html#primaryimage\",\"url\":\"https:\\\/\\\/www.masmallorca.es\\\/wp-content\\\/uploads\\\/2013\\\/10\\\/parques-urbanos-palma-de-mallorca.jpg\",\"contentUrl\":\"https:\\\/\\\/www.masmallorca.es\\\/wp-content\\\/uploads\\\/2013\\\/10\\\/parques-urbanos-palma-de-mallorca.jpg\",\"width\":540,\"height\":360},{\"@type\":\"BreadcrumbList\",\"@id\":\"https:\\\/\\\/www.masmallorca.es\\\/ca\\\/cultura\\\/palma-de-mallorca-es-posa-guapa-amb-els-seus-parcs-urbans.html#breadcrumb\",\"itemListElement\":[{\"@type\":\"ListItem\",\"position\":1,\"name\":\"Portada\",\"item\":\"https:\\\/\\\/www.masmallorca.es\\\/ca\"},{\"@type\":\"ListItem\",\"position\":2,\"name\":\"Cultura de Mallorca\",\"item\":\"https:\\\/\\\/www.masmallorca.es\\\/ca\\\/cultura\"},{\"@type\":\"ListItem\",\"position\":3,\"name\":\"Palma de Mallorca es posa guapa amb els seus parcs urbans\"}]},{\"@type\":\"WebSite\",\"@id\":\"https:\\\/\\\/www.masmallorca.es\\\/ca#website\",\"url\":\"https:\\\/\\\/www.masmallorca.es\\\/ca\",\"name\":\"+Mallorca: la revista de Mallorca\",\"description\":\"Molt m\u00e9s que sol i platja..\",\"publisher\":{\"@id\":\"https:\\\/\\\/www.masmallorca.es\\\/ca#organization\"},\"alternateName\":\"+Mallorca\",\"potentialAction\":[{\"@type\":\"SearchAction\",\"target\":{\"@type\":\"EntryPoint\",\"urlTemplate\":\"https:\\\/\\\/www.masmallorca.es\\\/ca?s={search_term_string}\"},\"query-input\":{\"@type\":\"PropertyValueSpecification\",\"valueRequired\":true,\"valueName\":\"search_term_string\"}}],\"inLanguage\":\"ca-ES\"},{\"@type\":\"Organization\",\"@id\":\"https:\\\/\\\/www.masmallorca.es\\\/ca#organization\",\"name\":\"Revista +Mallorca\",\"alternateName\":\"M\u00e1s Mallorca\",\"url\":\"https:\\\/\\\/www.masmallorca.es\\\/ca\",\"logo\":{\"@type\":\"ImageObject\",\"inLanguage\":\"ca-ES\",\"@id\":\"https:\\\/\\\/www.masmallorca.es\\\/ca#\\\/schema\\\/logo\\\/image\\\/\",\"url\":\"https:\\\/\\\/www.masmallorca.es\\\/wp-content\\\/uploads\\\/2021\\\/04\\\/logomallorca-1.png\",\"contentUrl\":\"https:\\\/\\\/www.masmallorca.es\\\/wp-content\\\/uploads\\\/2021\\\/04\\\/logomallorca-1.png\",\"width\":326,\"height\":84,\"caption\":\"Revista +Mallorca\"},\"image\":{\"@id\":\"https:\\\/\\\/www.masmallorca.es\\\/ca#\\\/schema\\\/logo\\\/image\\\/\"},\"sameAs\":[\"https:\\\/\\\/www.facebook.com\\\/mallorcamagazine\\\/\",\"https:\\\/\\\/x.com\\\/masmallorca\"]},{\"@type\":\"Person\",\"@id\":\"https:\\\/\\\/www.masmallorca.es\\\/ca#\\\/schema\\\/person\\\/554c84e7dfd9917fdba2cace51081633\",\"name\":\"masmallorca\"}]}<\/script>\n<!-- \/ Yoast SEO plugin. -->","yoast_head_json":{"title":"Palma, Mallorca i els seus parcs urbans | +Mallorca: la revista de Mallorca","description":"Palma de Mallorca i els seus parcs urbans: Parc de Sa Riera, Parc Sa Feixina, Parc de la Mar, Parc Krekovic. Palma, Mallorca.","robots":{"index":"index","follow":"follow","max-snippet":"max-snippet:-1","max-image-preview":"max-image-preview:large","max-video-preview":"max-video-preview:-1"},"canonical":"https:\/\/www.masmallorca.es\/ca\/cultura\/palma-de-mallorca-es-posa-guapa-amb-els-seus-parcs-urbans.html","og_locale":"ca_ES","og_type":"article","og_title":"Palma, Mallorca i els seus parcs urbans | +Mallorca: la revista de Mallorca","og_description":"Palma de Mallorca i els seus parcs urbans: Parc de Sa Riera, Parc Sa Feixina, Parc de la Mar, Parc Krekovic. Palma, Mallorca.","og_url":"https:\/\/www.masmallorca.es\/ca\/cultura\/palma-de-mallorca-es-posa-guapa-amb-els-seus-parcs-urbans.html","og_site_name":"+Mallorca: la revista de Mallorca","article_publisher":"https:\/\/www.facebook.com\/mallorcamagazine\/","article_published_time":"2013-10-01T09:03:41+00:00","article_modified_time":"2021-02-18T11:13:27+00:00","og_image":[{"width":540,"height":360,"url":"https:\/\/www.masmallorca.es\/wp-content\/uploads\/2013\/10\/parques-urbanos-palma-de-mallorca.jpg","type":"image\/jpeg"}],"author":"masmallorca","twitter_card":"summary_large_image","twitter_creator":"@masmallorca","twitter_site":"@masmallorca","twitter_misc":{"Written by":"masmallorca","Est. reading time":"3 minutes"},"schema":{"@context":"https:\/\/schema.org","@graph":[{"@type":"Article","@id":"https:\/\/www.masmallorca.es\/ca\/cultura\/palma-de-mallorca-es-posa-guapa-amb-els-seus-parcs-urbans.html#article","isPartOf":{"@id":"https:\/\/www.masmallorca.es\/ca\/cultura\/palma-de-mallorca-es-posa-guapa-amb-els-seus-parcs-urbans.html"},"author":{"name":"masmallorca","@id":"https:\/\/www.masmallorca.es\/ca#\/schema\/person\/554c84e7dfd9917fdba2cace51081633"},"headline":"Palma de Mallorca es posa guapa amb els seus parcs urbans","datePublished":"2013-10-01T09:03:41+00:00","dateModified":"2021-02-18T11:13:27+00:00","mainEntityOfPage":{"@id":"https:\/\/www.masmallorca.es\/ca\/cultura\/palma-de-mallorca-es-posa-guapa-amb-els-seus-parcs-urbans.html"},"wordCount":444,"publisher":{"@id":"https:\/\/www.masmallorca.es\/ca#organization"},"image":{"@id":"https:\/\/www.masmallorca.es\/ca\/cultura\/palma-de-mallorca-es-posa-guapa-amb-els-seus-parcs-urbans.html#primaryimage"},"thumbnailUrl":"https:\/\/www.masmallorca.es\/wp-content\/uploads\/2013\/10\/parques-urbanos-palma-de-mallorca.jpg","articleSection":["Cultura de Mallorca"],"inLanguage":"ca-ES"},{"@type":"WebPage","@id":"https:\/\/www.masmallorca.es\/ca\/cultura\/palma-de-mallorca-es-posa-guapa-amb-els-seus-parcs-urbans.html","url":"https:\/\/www.masmallorca.es\/ca\/cultura\/palma-de-mallorca-es-posa-guapa-amb-els-seus-parcs-urbans.html","name":"Palma, Mallorca i els seus parcs urbans | +Mallorca: la revista de Mallorca","isPartOf":{"@id":"https:\/\/www.masmallorca.es\/ca#website"},"primaryImageOfPage":{"@id":"https:\/\/www.masmallorca.es\/ca\/cultura\/palma-de-mallorca-es-posa-guapa-amb-els-seus-parcs-urbans.html#primaryimage"},"image":{"@id":"https:\/\/www.masmallorca.es\/ca\/cultura\/palma-de-mallorca-es-posa-guapa-amb-els-seus-parcs-urbans.html#primaryimage"},"thumbnailUrl":"https:\/\/www.masmallorca.es\/wp-content\/uploads\/2013\/10\/parques-urbanos-palma-de-mallorca.jpg","datePublished":"2013-10-01T09:03:41+00:00","dateModified":"2021-02-18T11:13:27+00:00","description":"Palma de Mallorca i els seus parcs urbans: Parc de Sa Riera, Parc Sa Feixina, Parc de la Mar, Parc Krekovic. Palma, Mallorca.","breadcrumb":{"@id":"https:\/\/www.masmallorca.es\/ca\/cultura\/palma-de-mallorca-es-posa-guapa-amb-els-seus-parcs-urbans.html#breadcrumb"},"inLanguage":"ca-ES","potentialAction":[{"@type":"ReadAction","target":["https:\/\/www.masmallorca.es\/ca\/cultura\/palma-de-mallorca-es-posa-guapa-amb-els-seus-parcs-urbans.html"]}]},{"@type":"ImageObject","inLanguage":"ca-ES","@id":"https:\/\/www.masmallorca.es\/ca\/cultura\/palma-de-mallorca-es-posa-guapa-amb-els-seus-parcs-urbans.html#primaryimage","url":"https:\/\/www.masmallorca.es\/wp-content\/uploads\/2013\/10\/parques-urbanos-palma-de-mallorca.jpg","contentUrl":"https:\/\/www.masmallorca.es\/wp-content\/uploads\/2013\/10\/parques-urbanos-palma-de-mallorca.jpg","width":540,"height":360},{"@type":"BreadcrumbList","@id":"https:\/\/www.masmallorca.es\/ca\/cultura\/palma-de-mallorca-es-posa-guapa-amb-els-seus-parcs-urbans.html#breadcrumb","itemListElement":[{"@type":"ListItem","position":1,"name":"Portada","item":"https:\/\/www.masmallorca.es\/ca"},{"@type":"ListItem","position":2,"name":"Cultura de Mallorca","item":"https:\/\/www.masmallorca.es\/ca\/cultura"},{"@type":"ListItem","position":3,"name":"Palma de Mallorca es posa guapa amb els seus parcs urbans"}]},{"@type":"WebSite","@id":"https:\/\/www.masmallorca.es\/ca#website","url":"https:\/\/www.masmallorca.es\/ca","name":"+Mallorca: la revista de Mallorca","description":"Molt m\u00e9s que sol i platja..","publisher":{"@id":"https:\/\/www.masmallorca.es\/ca#organization"},"alternateName":"+Mallorca","potentialAction":[{"@type":"SearchAction","target":{"@type":"EntryPoint","urlTemplate":"https:\/\/www.masmallorca.es\/ca?s={search_term_string}"},"query-input":{"@type":"PropertyValueSpecification","valueRequired":true,"valueName":"search_term_string"}}],"inLanguage":"ca-ES"},{"@type":"Organization","@id":"https:\/\/www.masmallorca.es\/ca#organization","name":"Revista +Mallorca","alternateName":"M\u00e1s Mallorca","url":"https:\/\/www.masmallorca.es\/ca","logo":{"@type":"ImageObject","inLanguage":"ca-ES","@id":"https:\/\/www.masmallorca.es\/ca#\/schema\/logo\/image\/","url":"https:\/\/www.masmallorca.es\/wp-content\/uploads\/2021\/04\/logomallorca-1.png","contentUrl":"https:\/\/www.masmallorca.es\/wp-content\/uploads\/2021\/04\/logomallorca-1.png","width":326,"height":84,"caption":"Revista +Mallorca"},"image":{"@id":"https:\/\/www.masmallorca.es\/ca#\/schema\/logo\/image\/"},"sameAs":["https:\/\/www.facebook.com\/mallorcamagazine\/","https:\/\/x.com\/masmallorca"]},{"@type":"Person","@id":"https:\/\/www.masmallorca.es\/ca#\/schema\/person\/554c84e7dfd9917fdba2cace51081633","name":"masmallorca"}]}},"_links":{"self":[{"href":"https:\/\/www.masmallorca.es\/ca\/wp-json\/wp\/v2\/posts\/11408","targetHints":{"allow":["GET"]}}],"collection":[{"href":"https:\/\/www.masmallorca.es\/ca\/wp-json\/wp\/v2\/posts"}],"about":[{"href":"https:\/\/www.masmallorca.es\/ca\/wp-json\/wp\/v2\/types\/post"}],"author":[{"embeddable":true,"href":"https:\/\/www.masmallorca.es\/ca\/wp-json\/wp\/v2\/users\/1"}],"replies":[{"embeddable":true,"href":"https:\/\/www.masmallorca.es\/ca\/wp-json\/wp\/v2\/comments?post=11408"}],"version-history":[{"count":0,"href":"https:\/\/www.masmallorca.es\/ca\/wp-json\/wp\/v2\/posts\/11408\/revisions"}],"wp:featuredmedia":[{"embeddable":true,"href":"https:\/\/www.masmallorca.es\/ca\/wp-json\/wp\/v2\/media\/11397"}],"wp:attachment":[{"href":"https:\/\/www.masmallorca.es\/ca\/wp-json\/wp\/v2\/media?parent=11408"}],"wp:term":[{"taxonomy":"category","embeddable":true,"href":"https:\/\/www.masmallorca.es\/ca\/wp-json\/wp\/v2\/categories?post=11408"},{"taxonomy":"post_tag","embeddable":true,"href":"https:\/\/www.masmallorca.es\/ca\/wp-json\/wp\/v2\/tags?post=11408"}],"curies":[{"name":"wp","href":"https:\/\/api.w.org\/{rel}","templated":true}]}}