{"id":11378,"date":"2013-09-27T08:53:16","date_gmt":"2013-09-27T06:53:16","guid":{"rendered":"<p style=\"text-align: justify;\"><img class=\" alignright size-full wp-image-11346\" alt=\"jardines-de-la-misericordia-botanico-palma-de-mallorca-1\" style=\"border: 0px none; margin: 0px 20px 40px; float: right;\" src=\"http:\/\/www.masmallorca.es\/wp-content\/uploa"},"modified":"2013-09-27T08:53:16","modified_gmt":"2013-09-27T06:53:16","slug":"lantic-jardi-botanic-de-palma","status":"publish","type":"post","link":"https:\/\/www.masmallorca.es\/ca\/cultura\/lantic-jardi-botanic-de-palma.html","title":{"rendered":"L&#8217;antic Jard\u00ed Bot\u00e0nic de Palma"},"content":{"rendered":"<p style=\"text-align: justify;\"><img loading=\"lazy\" decoding=\"async\" class=\" alignright size-full wp-image-11346\" alt=\"jardines-de-la-misericordia-botanico-palma-de-mallorca-1\" style=\"border: 0px none; margin: 0px 20px 40px; float: right;\" src=\"https:\/\/www.masmallorca.es\/wp-content\/uploads\/2013\/09\/jardines-de-la-misericordia-botanico-palma-de-mallorca-1.jpg\" height=\"107\" width=\"150\" \/>Al peu de l&#8217;edifici que alberga la seu cultural del Consell Insular de Mallorca estan als<strong> Jardins de la Miseric\u00f2rdia<\/strong>. Es tracta d&#8217;un petit parc encantador, amb l&#8217;ambient que s&#8217;espera d&#8217;un jard\u00ed p\u00fablic cl\u00e0ssic: abundant vegetaci\u00f3, zones de clars i ombra i agradables racons on seure a llegir.<\/p>\n<p>  <!--more--> <\/p>\n<p><img loading=\"lazy\" decoding=\"async\" class=\" alignleft size-full wp-image-11351\" alt=\"jardines-de-la-misericordia-botanico-palma-de-mallorca-ficus-4\" style=\"border: 0px none; margin: 10px 20px 10px 0px; float: left;\" src=\"https:\/\/www.masmallorca.es\/wp-content\/uploads\/2013\/09\/jardines-de-la-misericordia-botanico-palma-de-mallorca-ficus-4.jpg\" height=\"376\" width=\"350\" srcset=\"https:\/\/www.masmallorca.es\/wp-content\/uploads\/2013\/09\/jardines-de-la-misericordia-botanico-palma-de-mallorca-ficus-4.jpg 350w, https:\/\/www.masmallorca.es\/wp-content\/uploads\/2013\/09\/jardines-de-la-misericordia-botanico-palma-de-mallorca-ficus-4-279x300.jpg 279w\" sizes=\"(max-width: 350px) 100vw, 350px\" \/><\/p>\n<p>&nbsp;<\/p>\n<p style=\"text-align: justify;\">&nbsp;<\/p>\n<p style=\"text-align: justify;\">Destaca un enorme <strong>arbre centenari<\/strong> ( ficus macropylle ) portat des d&#8217;Austr\u00e0lia i plantat en aquest empla\u00e7ament en 1830. Antigament, en aquest lloc s&#8217;empla\u00e7ava el Jard\u00ed Bot\u00e0nic de Palma, que va ser promogut pel<strong> capit\u00e0 general Josep Maria d&#8217;Al\u00f3s i Mora<\/strong> en 1827 per impulsar els estudis bot\u00e0nics i proporcionar plantes medicinals a la farm\u00e0cia de l&#8217;Hospital General de Mallorca. El disseny del jard\u00ed va ser projectat en 1896 per l&#8217;arquitecte municipal Josep Guasp, i en els anys 30 del passat segle es va habilitar com a parc p\u00fablic.<\/p>\n<p style=\"text-align: justify;\"><img loading=\"lazy\" decoding=\"async\" class=\" alignleft size-full wp-image-11356\" style=\"border: 0px none; margin: 10px 20px 10px 0px; float: left;\" alt=\"jardines-de-la-misericordia-botanico-palma-de-mallorca\" src=\"https:\/\/www.masmallorca.es\/wp-content\/uploads\/2013\/09\/jardines-de-la-misericordia-botanico-palma-de-mallorca.jpg\" height=\"237\" width=\"350\" srcset=\"https:\/\/www.masmallorca.es\/wp-content\/uploads\/2013\/09\/jardines-de-la-misericordia-botanico-palma-de-mallorca.jpg 350w, https:\/\/www.masmallorca.es\/wp-content\/uploads\/2013\/09\/jardines-de-la-misericordia-botanico-palma-de-mallorca-300x203.jpg 300w\" sizes=\"(max-width: 350px) 100vw, 350px\" \/><br \/>L&#8217;antic edifici de la Miseric\u00f2rdia era la seu d&#8217;una instituci\u00f3 de caritat, que acollia pobres, orfes i ancians, fundada pels jesu\u00eftes el 1565. A finals del segle XIX la Miseric\u00f2rdia inclo\u00efa una escola, escola de m\u00fasica i dibuix, biblioteca i tallers d&#8217;aprenentatge d&#8217;oficis, aix\u00ed com l&#8217;Escola Tipogr\u00e0fica Provincial. Actualment, l&#8217;edifici \u00e9s propietat del Consell Insular de Mallorca i acull, entre altres institucions, la Biblioteca Llu\u00eds Alemany especialitzada en tem\u00e0tica balear.<br \/><img loading=\"lazy\" decoding=\"async\" class=\" alignleft size-full wp-image-11361\" style=\"border: 0px none; margin: 10px 20px 10px 0px; float: left;\" alt=\"jardines-de-la-misericordia-botanico-palma-de-mallorca-ficus-2\" src=\"https:\/\/www.masmallorca.es\/wp-content\/uploads\/2013\/09\/jardines-de-la-misericordia-botanico-palma-de-mallorca-ficus-2.jpg\" height=\"321\" width=\"540\" srcset=\"https:\/\/www.masmallorca.es\/wp-content\/uploads\/2013\/09\/jardines-de-la-misericordia-botanico-palma-de-mallorca-ficus-2.jpg 540w, https:\/\/www.masmallorca.es\/wp-content\/uploads\/2013\/09\/jardines-de-la-misericordia-botanico-palma-de-mallorca-ficus-2-300x178.jpg 300w\" sizes=\"(max-width: 540px) 100vw, 540px\" \/><br \/>El 1989 aquest espai va comen\u00e7ar a decorar-se amb escultures d&#8217;artistes locals i internacionals. Inclou, entre altres, obres d&#8217;art de l&#8217;escultor austr\u00edac <strong>Ben Jacober<\/strong> ( &#8220;Biblioteca Misericordiana&#8221;, 1988 ), de Joan Cunill (&#8220;Ull vertical&#8221;, 2006 ) i de Joan Costa (&#8220;L&#8217; origen&#8221;, 1988 ).<\/p>\n<p>El Jard\u00ed de la Miseric\u00f2rdia est\u00e0 envoltat d&#8217;un mur enreixat i s&#8217;accedeix a ell per una portalada d&#8217;estil regionalista, constru\u00efda a principis del segle XX. Aquest &#8220;a\u00efllament&#8221; contribueix a aportar la sensaci\u00f3 de trobar-se en m\u00f3n recollit i ser\u00e8, \u00e9s un bell i tranquil lloc per descansar al mig de la ciutat.<\/p>\n<p><img loading=\"lazy\" decoding=\"async\" class=\" alignleft size-full wp-image-11366\" style=\"border: 0px none; margin: 10px 20px 10px 0px; float: left;\" alt=\"jardines-de-la-misericordia-botanico-palma-de-mallorca-ficus-3\" src=\"https:\/\/www.masmallorca.es\/wp-content\/uploads\/2013\/09\/jardines-de-la-misericordia-botanico-palma-de-mallorca-ficus-3.jpg\" height=\"306\" width=\"540\" srcset=\"https:\/\/www.masmallorca.es\/wp-content\/uploads\/2013\/09\/jardines-de-la-misericordia-botanico-palma-de-mallorca-ficus-3.jpg 540w, https:\/\/www.masmallorca.es\/wp-content\/uploads\/2013\/09\/jardines-de-la-misericordia-botanico-palma-de-mallorca-ficus-3-300x170.jpg 300w\" sizes=\"(max-width: 540px) 100vw, 540px\" \/><\/p>\n<p style=\"text-align: justify;\"><strong>Jardins de la Miseric\u00f2rdia:<\/strong> carrer del Jard\u00ed Bot\u00e0nic, a l&#8217;inici de la Via Roma.<br \/><strong>Horari:<\/strong> de dilluns a divendres de 9:00 a 20:30 . Dissabtes de 9:30-13:45 \/ <span style=\"text-decoration: underline;\">Entrada gratu\u00efta.<\/span><\/p>\n<p style=\"text-align: justify;\">El primer i tercer dissabte de cada mes acull la Fira del Col\u00b7leccionista, amb venda de llibres, c\u00f2mics i vinils antics i d&#8217;ocasi\u00f3.<\/p>\n<p style=\"text-align: justify;\"><img loading=\"lazy\" decoding=\"async\" class=\" size-full wp-image-11371\" alt=\"jardines-de-la-misericordia-botanico-palma-de-mallorca-ficus\" src=\"https:\/\/www.masmallorca.es\/wp-content\/uploads\/2013\/09\/jardines-de-la-misericordia-botanico-palma-de-mallorca-ficus.jpg\" height=\"559\" width=\"540\" srcset=\"https:\/\/www.masmallorca.es\/wp-content\/uploads\/2013\/09\/jardines-de-la-misericordia-botanico-palma-de-mallorca-ficus.jpg 540w, https:\/\/www.masmallorca.es\/wp-content\/uploads\/2013\/09\/jardines-de-la-misericordia-botanico-palma-de-mallorca-ficus-290x300.jpg 290w\" sizes=\"(max-width: 540px) 100vw, 540px\" \/><\/p>\n","protected":false},"excerpt":{"rendered":"<p>Al peu de l&#8217;edifici que alberga la seu cultural del Consell Insular de Mallorca estan als Jardins de la Miseric\u00f2rdia. Es tracta d&#8217;un petit parc encantador, amb l&#8217;ambient que s&#8217;espera d&#8217;un jard\u00ed p\u00fablic cl\u00e0ssic: abundant vegetaci\u00f3, zones de clars i ombra i agradables racons on seure a llegir.<\/p>\n","protected":false},"author":1,"featured_media":11362,"comment_status":"closed","ping_status":"closed","sticky":false,"template":"","format":"standard","meta":{"_et_pb_use_builder":"","_et_pb_old_content":"","_et_gb_content_width":"","footnotes":""},"categories":[19],"tags":[],"class_list":["post-11378","post","type-post","status-publish","format-standard","has-post-thumbnail","hentry","category-cultura","et-has-post-format-content","et_post_format-et-post-format-standard"],"yoast_head":"<!-- This site is optimized with the Yoast SEO plugin v27.4 - https:\/\/yoast.com\/product\/yoast-seo-wordpress\/ -->\n<title>El antiguo Jard\u00edn Bot\u00e1nico de Palma | +Mallorca: la revista de Mallorca<\/title>\n<meta name=\"description\" content=\"Jardines de la Miseric\u00f2rdia. Parque encantador, jard\u00edn p\u00fablico cl\u00e1sico: abundante vegetaci\u00f3n, zonas de claros y sombra y rincones donde sentarse a leer\" \/>\n<meta name=\"robots\" content=\"index, follow, max-snippet:-1, max-image-preview:large, max-video-preview:-1\" \/>\n<link rel=\"canonical\" href=\"https:\/\/www.masmallorca.es\/ca\/cultura\/lantic-jardi-botanic-de-palma.html\" \/>\n<meta property=\"og:locale\" content=\"ca_ES\" \/>\n<meta property=\"og:type\" content=\"article\" \/>\n<meta property=\"og:title\" content=\"El antiguo Jard\u00edn Bot\u00e1nico de Palma | +Mallorca: la revista de Mallorca\" \/>\n<meta property=\"og:description\" content=\"Jardines de la Miseric\u00f2rdia. Parque encantador, jard\u00edn p\u00fablico cl\u00e1sico: abundante vegetaci\u00f3n, zonas de claros y sombra y rincones donde sentarse a leer\" \/>\n<meta property=\"og:url\" content=\"https:\/\/www.masmallorca.es\/ca\/cultura\/lantic-jardi-botanic-de-palma.html\" \/>\n<meta property=\"og:site_name\" content=\"+Mallorca: la revista de Mallorca\" \/>\n<meta property=\"article:publisher\" content=\"https:\/\/www.facebook.com\/mallorcamagazine\/\" \/>\n<meta property=\"article:published_time\" content=\"2013-09-27T06:53:16+00:00\" \/>\n<meta property=\"og:image\" content=\"https:\/\/www.masmallorca.es\/wp-content\/uploads\/2013\/09\/jardines-de-la-misericordia-botanico-palma-de-mallorca-ficus-2.jpg\" \/>\n\t<meta property=\"og:image:width\" content=\"540\" \/>\n\t<meta property=\"og:image:height\" content=\"321\" \/>\n\t<meta property=\"og:image:type\" content=\"image\/jpeg\" \/>\n<meta name=\"author\" content=\"masmallorca\" \/>\n<meta name=\"twitter:card\" content=\"summary_large_image\" \/>\n<meta name=\"twitter:creator\" content=\"@masmallorca\" \/>\n<meta name=\"twitter:site\" content=\"@masmallorca\" \/>\n<meta name=\"twitter:label1\" content=\"Written by\" \/>\n\t<meta name=\"twitter:data1\" content=\"masmallorca\" \/>\n\t<meta name=\"twitter:label2\" content=\"Est. reading time\" \/>\n\t<meta name=\"twitter:data2\" content=\"2 minutes\" \/>\n<script type=\"application\/ld+json\" class=\"yoast-schema-graph\">{\"@context\":\"https:\\\/\\\/schema.org\",\"@graph\":[{\"@type\":\"Article\",\"@id\":\"https:\\\/\\\/www.masmallorca.es\\\/ca\\\/cultura\\\/lantic-jardi-botanic-de-palma.html#article\",\"isPartOf\":{\"@id\":\"https:\\\/\\\/www.masmallorca.es\\\/ca\\\/cultura\\\/lantic-jardi-botanic-de-palma.html\"},\"author\":{\"name\":\"masmallorca\",\"@id\":\"https:\\\/\\\/www.masmallorca.es\\\/ca#\\\/schema\\\/person\\\/554c84e7dfd9917fdba2cace51081633\"},\"headline\":\"L&#8217;antic Jard\u00ed Bot\u00e0nic de Palma\",\"datePublished\":\"2013-09-27T06:53:16+00:00\",\"mainEntityOfPage\":{\"@id\":\"https:\\\/\\\/www.masmallorca.es\\\/ca\\\/cultura\\\/lantic-jardi-botanic-de-palma.html\"},\"wordCount\":400,\"publisher\":{\"@id\":\"https:\\\/\\\/www.masmallorca.es\\\/ca#organization\"},\"image\":{\"@id\":\"https:\\\/\\\/www.masmallorca.es\\\/ca\\\/cultura\\\/lantic-jardi-botanic-de-palma.html#primaryimage\"},\"thumbnailUrl\":\"https:\\\/\\\/www.masmallorca.es\\\/wp-content\\\/uploads\\\/2013\\\/09\\\/jardines-de-la-misericordia-botanico-palma-de-mallorca-ficus-2.jpg\",\"articleSection\":[\"Cultura de Mallorca\"],\"inLanguage\":\"ca-ES\"},{\"@type\":\"WebPage\",\"@id\":\"https:\\\/\\\/www.masmallorca.es\\\/ca\\\/cultura\\\/lantic-jardi-botanic-de-palma.html\",\"url\":\"https:\\\/\\\/www.masmallorca.es\\\/ca\\\/cultura\\\/lantic-jardi-botanic-de-palma.html\",\"name\":\"El antiguo Jard\u00edn Bot\u00e1nico de Palma | +Mallorca: la revista de Mallorca\",\"isPartOf\":{\"@id\":\"https:\\\/\\\/www.masmallorca.es\\\/ca#website\"},\"primaryImageOfPage\":{\"@id\":\"https:\\\/\\\/www.masmallorca.es\\\/ca\\\/cultura\\\/lantic-jardi-botanic-de-palma.html#primaryimage\"},\"image\":{\"@id\":\"https:\\\/\\\/www.masmallorca.es\\\/ca\\\/cultura\\\/lantic-jardi-botanic-de-palma.html#primaryimage\"},\"thumbnailUrl\":\"https:\\\/\\\/www.masmallorca.es\\\/wp-content\\\/uploads\\\/2013\\\/09\\\/jardines-de-la-misericordia-botanico-palma-de-mallorca-ficus-2.jpg\",\"datePublished\":\"2013-09-27T06:53:16+00:00\",\"description\":\"Jardines de la Miseric\u00f2rdia. Parque encantador, jard\u00edn p\u00fablico cl\u00e1sico: abundante vegetaci\u00f3n, zonas de claros y sombra y rincones donde sentarse a leer\",\"breadcrumb\":{\"@id\":\"https:\\\/\\\/www.masmallorca.es\\\/ca\\\/cultura\\\/lantic-jardi-botanic-de-palma.html#breadcrumb\"},\"inLanguage\":\"ca-ES\",\"potentialAction\":[{\"@type\":\"ReadAction\",\"target\":[\"https:\\\/\\\/www.masmallorca.es\\\/ca\\\/cultura\\\/lantic-jardi-botanic-de-palma.html\"]}]},{\"@type\":\"ImageObject\",\"inLanguage\":\"ca-ES\",\"@id\":\"https:\\\/\\\/www.masmallorca.es\\\/ca\\\/cultura\\\/lantic-jardi-botanic-de-palma.html#primaryimage\",\"url\":\"https:\\\/\\\/www.masmallorca.es\\\/wp-content\\\/uploads\\\/2013\\\/09\\\/jardines-de-la-misericordia-botanico-palma-de-mallorca-ficus-2.jpg\",\"contentUrl\":\"https:\\\/\\\/www.masmallorca.es\\\/wp-content\\\/uploads\\\/2013\\\/09\\\/jardines-de-la-misericordia-botanico-palma-de-mallorca-ficus-2.jpg\",\"width\":540,\"height\":321},{\"@type\":\"BreadcrumbList\",\"@id\":\"https:\\\/\\\/www.masmallorca.es\\\/ca\\\/cultura\\\/lantic-jardi-botanic-de-palma.html#breadcrumb\",\"itemListElement\":[{\"@type\":\"ListItem\",\"position\":1,\"name\":\"Portada\",\"item\":\"https:\\\/\\\/www.masmallorca.es\\\/ca\"},{\"@type\":\"ListItem\",\"position\":2,\"name\":\"Cultura de Mallorca\",\"item\":\"https:\\\/\\\/www.masmallorca.es\\\/ca\\\/cultura\"},{\"@type\":\"ListItem\",\"position\":3,\"name\":\"L&#8217;antic Jard\u00ed Bot\u00e0nic de Palma\"}]},{\"@type\":\"WebSite\",\"@id\":\"https:\\\/\\\/www.masmallorca.es\\\/ca#website\",\"url\":\"https:\\\/\\\/www.masmallorca.es\\\/ca\",\"name\":\"+Mallorca: la revista de Mallorca\",\"description\":\"Molt m\u00e9s que sol i platja..\",\"publisher\":{\"@id\":\"https:\\\/\\\/www.masmallorca.es\\\/ca#organization\"},\"alternateName\":\"+Mallorca\",\"potentialAction\":[{\"@type\":\"SearchAction\",\"target\":{\"@type\":\"EntryPoint\",\"urlTemplate\":\"https:\\\/\\\/www.masmallorca.es\\\/ca?s={search_term_string}\"},\"query-input\":{\"@type\":\"PropertyValueSpecification\",\"valueRequired\":true,\"valueName\":\"search_term_string\"}}],\"inLanguage\":\"ca-ES\"},{\"@type\":\"Organization\",\"@id\":\"https:\\\/\\\/www.masmallorca.es\\\/ca#organization\",\"name\":\"Revista +Mallorca\",\"alternateName\":\"M\u00e1s Mallorca\",\"url\":\"https:\\\/\\\/www.masmallorca.es\\\/ca\",\"logo\":{\"@type\":\"ImageObject\",\"inLanguage\":\"ca-ES\",\"@id\":\"https:\\\/\\\/www.masmallorca.es\\\/ca#\\\/schema\\\/logo\\\/image\\\/\",\"url\":\"https:\\\/\\\/www.masmallorca.es\\\/wp-content\\\/uploads\\\/2021\\\/04\\\/logomallorca-1.png\",\"contentUrl\":\"https:\\\/\\\/www.masmallorca.es\\\/wp-content\\\/uploads\\\/2021\\\/04\\\/logomallorca-1.png\",\"width\":326,\"height\":84,\"caption\":\"Revista +Mallorca\"},\"image\":{\"@id\":\"https:\\\/\\\/www.masmallorca.es\\\/ca#\\\/schema\\\/logo\\\/image\\\/\"},\"sameAs\":[\"https:\\\/\\\/www.facebook.com\\\/mallorcamagazine\\\/\",\"https:\\\/\\\/x.com\\\/masmallorca\"]},{\"@type\":\"Person\",\"@id\":\"https:\\\/\\\/www.masmallorca.es\\\/ca#\\\/schema\\\/person\\\/554c84e7dfd9917fdba2cace51081633\",\"name\":\"masmallorca\"}]}<\/script>\n<!-- \/ Yoast SEO plugin. -->","yoast_head_json":{"title":"El antiguo Jard\u00edn Bot\u00e1nico de Palma | +Mallorca: la revista de Mallorca","description":"Jardines de la Miseric\u00f2rdia. Parque encantador, jard\u00edn p\u00fablico cl\u00e1sico: abundante vegetaci\u00f3n, zonas de claros y sombra y rincones donde sentarse a leer","robots":{"index":"index","follow":"follow","max-snippet":"max-snippet:-1","max-image-preview":"max-image-preview:large","max-video-preview":"max-video-preview:-1"},"canonical":"https:\/\/www.masmallorca.es\/ca\/cultura\/lantic-jardi-botanic-de-palma.html","og_locale":"ca_ES","og_type":"article","og_title":"El antiguo Jard\u00edn Bot\u00e1nico de Palma | +Mallorca: la revista de Mallorca","og_description":"Jardines de la Miseric\u00f2rdia. Parque encantador, jard\u00edn p\u00fablico cl\u00e1sico: abundante vegetaci\u00f3n, zonas de claros y sombra y rincones donde sentarse a leer","og_url":"https:\/\/www.masmallorca.es\/ca\/cultura\/lantic-jardi-botanic-de-palma.html","og_site_name":"+Mallorca: la revista de Mallorca","article_publisher":"https:\/\/www.facebook.com\/mallorcamagazine\/","article_published_time":"2013-09-27T06:53:16+00:00","og_image":[{"width":540,"height":321,"url":"https:\/\/www.masmallorca.es\/wp-content\/uploads\/2013\/09\/jardines-de-la-misericordia-botanico-palma-de-mallorca-ficus-2.jpg","type":"image\/jpeg"}],"author":"masmallorca","twitter_card":"summary_large_image","twitter_creator":"@masmallorca","twitter_site":"@masmallorca","twitter_misc":{"Written by":"masmallorca","Est. reading time":"2 minutes"},"schema":{"@context":"https:\/\/schema.org","@graph":[{"@type":"Article","@id":"https:\/\/www.masmallorca.es\/ca\/cultura\/lantic-jardi-botanic-de-palma.html#article","isPartOf":{"@id":"https:\/\/www.masmallorca.es\/ca\/cultura\/lantic-jardi-botanic-de-palma.html"},"author":{"name":"masmallorca","@id":"https:\/\/www.masmallorca.es\/ca#\/schema\/person\/554c84e7dfd9917fdba2cace51081633"},"headline":"L&#8217;antic Jard\u00ed Bot\u00e0nic de Palma","datePublished":"2013-09-27T06:53:16+00:00","mainEntityOfPage":{"@id":"https:\/\/www.masmallorca.es\/ca\/cultura\/lantic-jardi-botanic-de-palma.html"},"wordCount":400,"publisher":{"@id":"https:\/\/www.masmallorca.es\/ca#organization"},"image":{"@id":"https:\/\/www.masmallorca.es\/ca\/cultura\/lantic-jardi-botanic-de-palma.html#primaryimage"},"thumbnailUrl":"https:\/\/www.masmallorca.es\/wp-content\/uploads\/2013\/09\/jardines-de-la-misericordia-botanico-palma-de-mallorca-ficus-2.jpg","articleSection":["Cultura de Mallorca"],"inLanguage":"ca-ES"},{"@type":"WebPage","@id":"https:\/\/www.masmallorca.es\/ca\/cultura\/lantic-jardi-botanic-de-palma.html","url":"https:\/\/www.masmallorca.es\/ca\/cultura\/lantic-jardi-botanic-de-palma.html","name":"El antiguo Jard\u00edn Bot\u00e1nico de Palma | +Mallorca: la revista de Mallorca","isPartOf":{"@id":"https:\/\/www.masmallorca.es\/ca#website"},"primaryImageOfPage":{"@id":"https:\/\/www.masmallorca.es\/ca\/cultura\/lantic-jardi-botanic-de-palma.html#primaryimage"},"image":{"@id":"https:\/\/www.masmallorca.es\/ca\/cultura\/lantic-jardi-botanic-de-palma.html#primaryimage"},"thumbnailUrl":"https:\/\/www.masmallorca.es\/wp-content\/uploads\/2013\/09\/jardines-de-la-misericordia-botanico-palma-de-mallorca-ficus-2.jpg","datePublished":"2013-09-27T06:53:16+00:00","description":"Jardines de la Miseric\u00f2rdia. Parque encantador, jard\u00edn p\u00fablico cl\u00e1sico: abundante vegetaci\u00f3n, zonas de claros y sombra y rincones donde sentarse a leer","breadcrumb":{"@id":"https:\/\/www.masmallorca.es\/ca\/cultura\/lantic-jardi-botanic-de-palma.html#breadcrumb"},"inLanguage":"ca-ES","potentialAction":[{"@type":"ReadAction","target":["https:\/\/www.masmallorca.es\/ca\/cultura\/lantic-jardi-botanic-de-palma.html"]}]},{"@type":"ImageObject","inLanguage":"ca-ES","@id":"https:\/\/www.masmallorca.es\/ca\/cultura\/lantic-jardi-botanic-de-palma.html#primaryimage","url":"https:\/\/www.masmallorca.es\/wp-content\/uploads\/2013\/09\/jardines-de-la-misericordia-botanico-palma-de-mallorca-ficus-2.jpg","contentUrl":"https:\/\/www.masmallorca.es\/wp-content\/uploads\/2013\/09\/jardines-de-la-misericordia-botanico-palma-de-mallorca-ficus-2.jpg","width":540,"height":321},{"@type":"BreadcrumbList","@id":"https:\/\/www.masmallorca.es\/ca\/cultura\/lantic-jardi-botanic-de-palma.html#breadcrumb","itemListElement":[{"@type":"ListItem","position":1,"name":"Portada","item":"https:\/\/www.masmallorca.es\/ca"},{"@type":"ListItem","position":2,"name":"Cultura de Mallorca","item":"https:\/\/www.masmallorca.es\/ca\/cultura"},{"@type":"ListItem","position":3,"name":"L&#8217;antic Jard\u00ed Bot\u00e0nic de Palma"}]},{"@type":"WebSite","@id":"https:\/\/www.masmallorca.es\/ca#website","url":"https:\/\/www.masmallorca.es\/ca","name":"+Mallorca: la revista de Mallorca","description":"Molt m\u00e9s que sol i platja..","publisher":{"@id":"https:\/\/www.masmallorca.es\/ca#organization"},"alternateName":"+Mallorca","potentialAction":[{"@type":"SearchAction","target":{"@type":"EntryPoint","urlTemplate":"https:\/\/www.masmallorca.es\/ca?s={search_term_string}"},"query-input":{"@type":"PropertyValueSpecification","valueRequired":true,"valueName":"search_term_string"}}],"inLanguage":"ca-ES"},{"@type":"Organization","@id":"https:\/\/www.masmallorca.es\/ca#organization","name":"Revista +Mallorca","alternateName":"M\u00e1s Mallorca","url":"https:\/\/www.masmallorca.es\/ca","logo":{"@type":"ImageObject","inLanguage":"ca-ES","@id":"https:\/\/www.masmallorca.es\/ca#\/schema\/logo\/image\/","url":"https:\/\/www.masmallorca.es\/wp-content\/uploads\/2021\/04\/logomallorca-1.png","contentUrl":"https:\/\/www.masmallorca.es\/wp-content\/uploads\/2021\/04\/logomallorca-1.png","width":326,"height":84,"caption":"Revista +Mallorca"},"image":{"@id":"https:\/\/www.masmallorca.es\/ca#\/schema\/logo\/image\/"},"sameAs":["https:\/\/www.facebook.com\/mallorcamagazine\/","https:\/\/x.com\/masmallorca"]},{"@type":"Person","@id":"https:\/\/www.masmallorca.es\/ca#\/schema\/person\/554c84e7dfd9917fdba2cace51081633","name":"masmallorca"}]}},"_links":{"self":[{"href":"https:\/\/www.masmallorca.es\/ca\/wp-json\/wp\/v2\/posts\/11378","targetHints":{"allow":["GET"]}}],"collection":[{"href":"https:\/\/www.masmallorca.es\/ca\/wp-json\/wp\/v2\/posts"}],"about":[{"href":"https:\/\/www.masmallorca.es\/ca\/wp-json\/wp\/v2\/types\/post"}],"author":[{"embeddable":true,"href":"https:\/\/www.masmallorca.es\/ca\/wp-json\/wp\/v2\/users\/1"}],"replies":[{"embeddable":true,"href":"https:\/\/www.masmallorca.es\/ca\/wp-json\/wp\/v2\/comments?post=11378"}],"version-history":[{"count":0,"href":"https:\/\/www.masmallorca.es\/ca\/wp-json\/wp\/v2\/posts\/11378\/revisions"}],"wp:featuredmedia":[{"embeddable":true,"href":"https:\/\/www.masmallorca.es\/ca\/wp-json\/wp\/v2\/media\/11362"}],"wp:attachment":[{"href":"https:\/\/www.masmallorca.es\/ca\/wp-json\/wp\/v2\/media?parent=11378"}],"wp:term":[{"taxonomy":"category","embeddable":true,"href":"https:\/\/www.masmallorca.es\/ca\/wp-json\/wp\/v2\/categories?post=11378"},{"taxonomy":"post_tag","embeddable":true,"href":"https:\/\/www.masmallorca.es\/ca\/wp-json\/wp\/v2\/tags?post=11378"}],"curies":[{"name":"wp","href":"https:\/\/api.w.org\/{rel}","templated":true}]}}