{"id":1080,"date":"2009-10-02T15:56:53","date_gmt":"2009-10-02T13:56:53","guid":{"rendered":""},"modified":"2018-08-28T18:36:12","modified_gmt":"2018-08-28T16:36:12","slug":"cassola-rap-col","status":"publish","type":"post","link":"https:\/\/www.masmallorca.es\/ca\/gastronomia\/cassola-rap-col.html","title":{"rendered":"Cassola de rap amb col"},"content":{"rendered":"<p style=\"text-align: justify;\"><strong>Ingredients:<\/strong><img loading=\"lazy\" decoding=\"async\" class=\"alignright wp-image-1053 size-full\" style=\"float: right; border: 0; margin-left: 20px; margin-right: 20px;\" title=\"Cassola de rap amb col\" src=\"https:\/\/www.masmallorca.es\/wp-content\/uploads\/2009\/10\/cazuela-de-rape-con-col_1.jpg\" alt=\"Cassola de rap amb col\" width=\"150\" height=\"103\" \/><br \/>\n\u2022 100 g. de Sobrassada de Mallorca tallada a daus\u00a0 \u2022 8 fulles de col sense el nervi i tallada a trossos\u00a0 \u2022 8 trossos de rap de 60 g. cada un (sense espines)\u00a0 \u2022 30 g. de pinyons\u00a0 \u2022 30 g. de panses\u00a0 \u2022 0\u20195 dl. de vi blanc\u00a0 \u2022 Una ceba tallada fina\u00a0 \u2022 2 dents d&#8217;all tallats finament\u00a0 \u2022 200 g. de polpa de tom\u00e0tiga\u00a0 \u2022 200 g. de esclata-sangs tallats<\/p>\n<p><!--more--><\/p>\n<p style=\"text-align: justify;\">\u2022 100 g. de p\u00e8sols\u00a0 \u2022 Una cullerada de julivert\u00a0 \u2022 2 dl. d&#8217;oli d&#8217;oliva\u00a0 \u2022 Sal i pebre m\u00f2lt blanc<strong><br \/>\n<\/strong><br \/>\n<img loading=\"lazy\" decoding=\"async\" class=\"alignleft wp-image-1058 size-full\" style=\"border: 0px none; margin: 30px 20px 10px 0px; float: left;\" title=\"Cassola de rap amb col\" src=\"https:\/\/www.masmallorca.es\/wp-content\/uploads\/2009\/10\/cazuela-de-rape-con-col_2.jpg\" alt=\"Cassola de rap amb col\" width=\"296\" height=\"250\" \/><strong>\u00a0<\/strong><\/p>\n<p style=\"text-align: justify;\"><strong>Preparaci\u00f3<\/strong><\/p>\n<p style=\"text-align: justify;\">Salpebrau els trossos de rap, enfarinau-os i fregiu-los sense que agafin color en una paella amb l\u2019oli. Separau el peix en un plat una vegada fregit. Sofregiu dins una cassola amb l\u2019oli restant de la paella l\u2019all i la ceba. Incorporau la tom\u00e0tiga, la <a title=\"Sobrassada de Mallorca\" href=\"https:\/\/www.masmallorca.es\/ca\/productes-tipics\/sobrassada-de-mallorca.html\" target=\"_blank\" rel=\"noopener\">Sobrassada<\/a> de Mallorca i la col amb els pinyons, les panses i el julivert.<\/p>\n<p style=\"text-align: justify;\">Cinc minuts despr\u00e9s afegiu el vi blanc i deixau reduir a la meitat. Afegiu els esclata-sangs i els p\u00e8sols i, tres minuts m\u00e9s tard, un tass\u00f3 d\u2019aigua i salpebrau.<\/p>\n<p style=\"text-align: justify;\">Deixau coure uns deu minuts fins que la col estigui cuita. Afegiu els trossos de rap tres minuts abans de retirar la cassola del foc.<\/p>\n<p>&nbsp;<\/p>\n<p><strong>Presentaci\u00f3<\/strong><\/p>\n<div style=\"text-align: justify;\">Disposau un llit de col a cada plat, els trossos de rap damunt i acompanyau amb unes patates i unes cullerades de salsa al voltant.<\/div>\n<p><img loading=\"lazy\" decoding=\"async\" class=\"aligncenter wp-image-1063 size-full\" style=\"border: 0pt none; margin-top: 10px; margin-bottom: 10px;\" title=\"Cassola de rap amb col\" src=\"https:\/\/www.masmallorca.es\/wp-content\/uploads\/2009\/10\/cazuela-de-rape-con-col_3.jpg\" alt=\"Cassola de rap amb col\" width=\"540\" height=\"263\" srcset=\"https:\/\/www.masmallorca.es\/wp-content\/uploads\/2009\/10\/cazuela-de-rape-con-col_3.jpg 540w, https:\/\/www.masmallorca.es\/wp-content\/uploads\/2009\/10\/cazuela-de-rape-con-col_3-300x146.jpg 300w\" sizes=\"(max-width: 540px) 100vw, 540px\" \/><\/p>\n","protected":false},"excerpt":{"rendered":"<p>Ingredients: \u2022 100 g. de Sobrassada de Mallorca tallada a daus\u00a0 \u2022 8 fulles de col sense el nervi i tallada a trossos\u00a0 \u2022 8 trossos de rap de 60 g. cada un (sense espines)\u00a0 \u2022 30 g. de pinyons\u00a0 \u2022 30 g. de panses\u00a0 \u2022 0\u20195 dl. de vi blanc\u00a0 \u2022 Una ceba tallada [&hellip;]<\/p>\n","protected":false},"author":1,"featured_media":1064,"comment_status":"closed","ping_status":"closed","sticky":false,"template":"","format":"standard","meta":{"_et_pb_use_builder":"","_et_pb_old_content":"","_et_gb_content_width":"","footnotes":""},"categories":[29],"tags":[],"class_list":["post-1080","post","type-post","status-publish","format-standard","has-post-thumbnail","hentry","category-gastronomia","et-has-post-format-content","et_post_format-et-post-format-standard"],"yoast_head":"<!-- This site is optimized with the Yoast SEO plugin v27.4 - https:\/\/yoast.com\/product\/yoast-seo-wordpress\/ -->\n<title>Cassola de rap amb col | +Mallorca: la revista de Mallorca<\/title>\n<meta name=\"description\" content=\"+Mallorca, Gastronomia: Cassola de rap amb col, plat t\u00edpic mallorqu\u00ed. Ingredients i preparaci\u00f3. Receptes mallorquines. Illes Balears.\" \/>\n<meta name=\"robots\" content=\"index, follow, max-snippet:-1, max-image-preview:large, max-video-preview:-1\" \/>\n<link rel=\"canonical\" href=\"https:\/\/www.masmallorca.es\/ca\/gastronomia\/cassola-rap-col.html\" \/>\n<meta property=\"og:locale\" content=\"ca_ES\" \/>\n<meta property=\"og:type\" content=\"article\" \/>\n<meta property=\"og:title\" content=\"Cassola de rap amb col | +Mallorca: la revista de Mallorca\" \/>\n<meta property=\"og:description\" content=\"+Mallorca, Gastronomia: Cassola de rap amb col, plat t\u00edpic mallorqu\u00ed. Ingredients i preparaci\u00f3. Receptes mallorquines. Illes Balears.\" \/>\n<meta property=\"og:url\" content=\"https:\/\/www.masmallorca.es\/ca\/gastronomia\/cassola-rap-col.html\" \/>\n<meta property=\"og:site_name\" content=\"+Mallorca: la revista de Mallorca\" \/>\n<meta property=\"article:publisher\" content=\"https:\/\/www.facebook.com\/mallorcamagazine\/\" \/>\n<meta property=\"article:published_time\" content=\"2009-10-02T13:56:53+00:00\" \/>\n<meta property=\"article:modified_time\" content=\"2018-08-28T16:36:12+00:00\" \/>\n<meta property=\"og:image\" content=\"https:\/\/www.masmallorca.es\/wp-content\/uploads\/2009\/10\/cazuela-de-rape-con-col_3.jpg\" \/>\n\t<meta property=\"og:image:width\" content=\"540\" \/>\n\t<meta property=\"og:image:height\" content=\"263\" \/>\n\t<meta property=\"og:image:type\" content=\"image\/jpeg\" \/>\n<meta name=\"author\" content=\"masmallorca\" \/>\n<meta name=\"twitter:card\" content=\"summary_large_image\" \/>\n<meta name=\"twitter:creator\" content=\"@masmallorca\" \/>\n<meta name=\"twitter:site\" content=\"@masmallorca\" \/>\n<meta name=\"twitter:label1\" content=\"Written by\" \/>\n\t<meta name=\"twitter:data1\" content=\"masmallorca\" \/>\n\t<meta name=\"twitter:label2\" content=\"Est. reading time\" \/>\n\t<meta name=\"twitter:data2\" content=\"1 minute\" \/>\n<script type=\"application\/ld+json\" class=\"yoast-schema-graph\">{\"@context\":\"https:\\\/\\\/schema.org\",\"@graph\":[{\"@type\":\"Article\",\"@id\":\"https:\\\/\\\/www.masmallorca.es\\\/ca\\\/gastronomia\\\/cassola-rap-col.html#article\",\"isPartOf\":{\"@id\":\"https:\\\/\\\/www.masmallorca.es\\\/ca\\\/gastronomia\\\/cassola-rap-col.html\"},\"author\":{\"name\":\"masmallorca\",\"@id\":\"https:\\\/\\\/www.masmallorca.es\\\/ca#\\\/schema\\\/person\\\/554c84e7dfd9917fdba2cace51081633\"},\"headline\":\"Cassola de rap amb col\",\"datePublished\":\"2009-10-02T13:56:53+00:00\",\"dateModified\":\"2018-08-28T16:36:12+00:00\",\"mainEntityOfPage\":{\"@id\":\"https:\\\/\\\/www.masmallorca.es\\\/ca\\\/gastronomia\\\/cassola-rap-col.html\"},\"wordCount\":229,\"publisher\":{\"@id\":\"https:\\\/\\\/www.masmallorca.es\\\/ca#organization\"},\"image\":{\"@id\":\"https:\\\/\\\/www.masmallorca.es\\\/ca\\\/gastronomia\\\/cassola-rap-col.html#primaryimage\"},\"thumbnailUrl\":\"https:\\\/\\\/www.masmallorca.es\\\/wp-content\\\/uploads\\\/2009\\\/10\\\/cazuela-de-rape-con-col_3.jpg\",\"articleSection\":[\"Gastronomia\"],\"inLanguage\":\"ca-ES\"},{\"@type\":\"WebPage\",\"@id\":\"https:\\\/\\\/www.masmallorca.es\\\/ca\\\/gastronomia\\\/cassola-rap-col.html\",\"url\":\"https:\\\/\\\/www.masmallorca.es\\\/ca\\\/gastronomia\\\/cassola-rap-col.html\",\"name\":\"Cassola de rap amb col | +Mallorca: la revista de Mallorca\",\"isPartOf\":{\"@id\":\"https:\\\/\\\/www.masmallorca.es\\\/ca#website\"},\"primaryImageOfPage\":{\"@id\":\"https:\\\/\\\/www.masmallorca.es\\\/ca\\\/gastronomia\\\/cassola-rap-col.html#primaryimage\"},\"image\":{\"@id\":\"https:\\\/\\\/www.masmallorca.es\\\/ca\\\/gastronomia\\\/cassola-rap-col.html#primaryimage\"},\"thumbnailUrl\":\"https:\\\/\\\/www.masmallorca.es\\\/wp-content\\\/uploads\\\/2009\\\/10\\\/cazuela-de-rape-con-col_3.jpg\",\"datePublished\":\"2009-10-02T13:56:53+00:00\",\"dateModified\":\"2018-08-28T16:36:12+00:00\",\"description\":\"+Mallorca, Gastronomia: Cassola de rap amb col, plat t\u00edpic mallorqu\u00ed. Ingredients i preparaci\u00f3. Receptes mallorquines. Illes Balears.\",\"breadcrumb\":{\"@id\":\"https:\\\/\\\/www.masmallorca.es\\\/ca\\\/gastronomia\\\/cassola-rap-col.html#breadcrumb\"},\"inLanguage\":\"ca-ES\",\"potentialAction\":[{\"@type\":\"ReadAction\",\"target\":[\"https:\\\/\\\/www.masmallorca.es\\\/ca\\\/gastronomia\\\/cassola-rap-col.html\"]}]},{\"@type\":\"ImageObject\",\"inLanguage\":\"ca-ES\",\"@id\":\"https:\\\/\\\/www.masmallorca.es\\\/ca\\\/gastronomia\\\/cassola-rap-col.html#primaryimage\",\"url\":\"https:\\\/\\\/www.masmallorca.es\\\/wp-content\\\/uploads\\\/2009\\\/10\\\/cazuela-de-rape-con-col_3.jpg\",\"contentUrl\":\"https:\\\/\\\/www.masmallorca.es\\\/wp-content\\\/uploads\\\/2009\\\/10\\\/cazuela-de-rape-con-col_3.jpg\",\"width\":540,\"height\":263},{\"@type\":\"BreadcrumbList\",\"@id\":\"https:\\\/\\\/www.masmallorca.es\\\/ca\\\/gastronomia\\\/cassola-rap-col.html#breadcrumb\",\"itemListElement\":[{\"@type\":\"ListItem\",\"position\":1,\"name\":\"Portada\",\"item\":\"https:\\\/\\\/www.masmallorca.es\\\/ca\"},{\"@type\":\"ListItem\",\"position\":2,\"name\":\"Gastronomia\",\"item\":\"https:\\\/\\\/www.masmallorca.es\\\/ca\\\/gastronomia\"},{\"@type\":\"ListItem\",\"position\":3,\"name\":\"Cassola de rap amb col\"}]},{\"@type\":\"WebSite\",\"@id\":\"https:\\\/\\\/www.masmallorca.es\\\/ca#website\",\"url\":\"https:\\\/\\\/www.masmallorca.es\\\/ca\",\"name\":\"+Mallorca: la revista de Mallorca\",\"description\":\"Molt m\u00e9s que sol i platja..\",\"publisher\":{\"@id\":\"https:\\\/\\\/www.masmallorca.es\\\/ca#organization\"},\"alternateName\":\"+Mallorca\",\"potentialAction\":[{\"@type\":\"SearchAction\",\"target\":{\"@type\":\"EntryPoint\",\"urlTemplate\":\"https:\\\/\\\/www.masmallorca.es\\\/ca?s={search_term_string}\"},\"query-input\":{\"@type\":\"PropertyValueSpecification\",\"valueRequired\":true,\"valueName\":\"search_term_string\"}}],\"inLanguage\":\"ca-ES\"},{\"@type\":\"Organization\",\"@id\":\"https:\\\/\\\/www.masmallorca.es\\\/ca#organization\",\"name\":\"Revista +Mallorca\",\"alternateName\":\"M\u00e1s Mallorca\",\"url\":\"https:\\\/\\\/www.masmallorca.es\\\/ca\",\"logo\":{\"@type\":\"ImageObject\",\"inLanguage\":\"ca-ES\",\"@id\":\"https:\\\/\\\/www.masmallorca.es\\\/ca#\\\/schema\\\/logo\\\/image\\\/\",\"url\":\"https:\\\/\\\/www.masmallorca.es\\\/wp-content\\\/uploads\\\/2021\\\/04\\\/logomallorca-1.png\",\"contentUrl\":\"https:\\\/\\\/www.masmallorca.es\\\/wp-content\\\/uploads\\\/2021\\\/04\\\/logomallorca-1.png\",\"width\":326,\"height\":84,\"caption\":\"Revista +Mallorca\"},\"image\":{\"@id\":\"https:\\\/\\\/www.masmallorca.es\\\/ca#\\\/schema\\\/logo\\\/image\\\/\"},\"sameAs\":[\"https:\\\/\\\/www.facebook.com\\\/mallorcamagazine\\\/\",\"https:\\\/\\\/x.com\\\/masmallorca\"]},{\"@type\":\"Person\",\"@id\":\"https:\\\/\\\/www.masmallorca.es\\\/ca#\\\/schema\\\/person\\\/554c84e7dfd9917fdba2cace51081633\",\"name\":\"masmallorca\"}]}<\/script>\n<!-- \/ Yoast SEO plugin. -->","yoast_head_json":{"title":"Cassola de rap amb col | +Mallorca: la revista de Mallorca","description":"+Mallorca, Gastronomia: Cassola de rap amb col, plat t\u00edpic mallorqu\u00ed. Ingredients i preparaci\u00f3. Receptes mallorquines. Illes Balears.","robots":{"index":"index","follow":"follow","max-snippet":"max-snippet:-1","max-image-preview":"max-image-preview:large","max-video-preview":"max-video-preview:-1"},"canonical":"https:\/\/www.masmallorca.es\/ca\/gastronomia\/cassola-rap-col.html","og_locale":"ca_ES","og_type":"article","og_title":"Cassola de rap amb col | +Mallorca: la revista de Mallorca","og_description":"+Mallorca, Gastronomia: Cassola de rap amb col, plat t\u00edpic mallorqu\u00ed. Ingredients i preparaci\u00f3. Receptes mallorquines. Illes Balears.","og_url":"https:\/\/www.masmallorca.es\/ca\/gastronomia\/cassola-rap-col.html","og_site_name":"+Mallorca: la revista de Mallorca","article_publisher":"https:\/\/www.facebook.com\/mallorcamagazine\/","article_published_time":"2009-10-02T13:56:53+00:00","article_modified_time":"2018-08-28T16:36:12+00:00","og_image":[{"width":540,"height":263,"url":"https:\/\/www.masmallorca.es\/wp-content\/uploads\/2009\/10\/cazuela-de-rape-con-col_3.jpg","type":"image\/jpeg"}],"author":"masmallorca","twitter_card":"summary_large_image","twitter_creator":"@masmallorca","twitter_site":"@masmallorca","twitter_misc":{"Written by":"masmallorca","Est. reading time":"1 minute"},"schema":{"@context":"https:\/\/schema.org","@graph":[{"@type":"Article","@id":"https:\/\/www.masmallorca.es\/ca\/gastronomia\/cassola-rap-col.html#article","isPartOf":{"@id":"https:\/\/www.masmallorca.es\/ca\/gastronomia\/cassola-rap-col.html"},"author":{"name":"masmallorca","@id":"https:\/\/www.masmallorca.es\/ca#\/schema\/person\/554c84e7dfd9917fdba2cace51081633"},"headline":"Cassola de rap amb col","datePublished":"2009-10-02T13:56:53+00:00","dateModified":"2018-08-28T16:36:12+00:00","mainEntityOfPage":{"@id":"https:\/\/www.masmallorca.es\/ca\/gastronomia\/cassola-rap-col.html"},"wordCount":229,"publisher":{"@id":"https:\/\/www.masmallorca.es\/ca#organization"},"image":{"@id":"https:\/\/www.masmallorca.es\/ca\/gastronomia\/cassola-rap-col.html#primaryimage"},"thumbnailUrl":"https:\/\/www.masmallorca.es\/wp-content\/uploads\/2009\/10\/cazuela-de-rape-con-col_3.jpg","articleSection":["Gastronomia"],"inLanguage":"ca-ES"},{"@type":"WebPage","@id":"https:\/\/www.masmallorca.es\/ca\/gastronomia\/cassola-rap-col.html","url":"https:\/\/www.masmallorca.es\/ca\/gastronomia\/cassola-rap-col.html","name":"Cassola de rap amb col | +Mallorca: la revista de Mallorca","isPartOf":{"@id":"https:\/\/www.masmallorca.es\/ca#website"},"primaryImageOfPage":{"@id":"https:\/\/www.masmallorca.es\/ca\/gastronomia\/cassola-rap-col.html#primaryimage"},"image":{"@id":"https:\/\/www.masmallorca.es\/ca\/gastronomia\/cassola-rap-col.html#primaryimage"},"thumbnailUrl":"https:\/\/www.masmallorca.es\/wp-content\/uploads\/2009\/10\/cazuela-de-rape-con-col_3.jpg","datePublished":"2009-10-02T13:56:53+00:00","dateModified":"2018-08-28T16:36:12+00:00","description":"+Mallorca, Gastronomia: Cassola de rap amb col, plat t\u00edpic mallorqu\u00ed. Ingredients i preparaci\u00f3. Receptes mallorquines. Illes Balears.","breadcrumb":{"@id":"https:\/\/www.masmallorca.es\/ca\/gastronomia\/cassola-rap-col.html#breadcrumb"},"inLanguage":"ca-ES","potentialAction":[{"@type":"ReadAction","target":["https:\/\/www.masmallorca.es\/ca\/gastronomia\/cassola-rap-col.html"]}]},{"@type":"ImageObject","inLanguage":"ca-ES","@id":"https:\/\/www.masmallorca.es\/ca\/gastronomia\/cassola-rap-col.html#primaryimage","url":"https:\/\/www.masmallorca.es\/wp-content\/uploads\/2009\/10\/cazuela-de-rape-con-col_3.jpg","contentUrl":"https:\/\/www.masmallorca.es\/wp-content\/uploads\/2009\/10\/cazuela-de-rape-con-col_3.jpg","width":540,"height":263},{"@type":"BreadcrumbList","@id":"https:\/\/www.masmallorca.es\/ca\/gastronomia\/cassola-rap-col.html#breadcrumb","itemListElement":[{"@type":"ListItem","position":1,"name":"Portada","item":"https:\/\/www.masmallorca.es\/ca"},{"@type":"ListItem","position":2,"name":"Gastronomia","item":"https:\/\/www.masmallorca.es\/ca\/gastronomia"},{"@type":"ListItem","position":3,"name":"Cassola de rap amb col"}]},{"@type":"WebSite","@id":"https:\/\/www.masmallorca.es\/ca#website","url":"https:\/\/www.masmallorca.es\/ca","name":"+Mallorca: la revista de Mallorca","description":"Molt m\u00e9s que sol i platja..","publisher":{"@id":"https:\/\/www.masmallorca.es\/ca#organization"},"alternateName":"+Mallorca","potentialAction":[{"@type":"SearchAction","target":{"@type":"EntryPoint","urlTemplate":"https:\/\/www.masmallorca.es\/ca?s={search_term_string}"},"query-input":{"@type":"PropertyValueSpecification","valueRequired":true,"valueName":"search_term_string"}}],"inLanguage":"ca-ES"},{"@type":"Organization","@id":"https:\/\/www.masmallorca.es\/ca#organization","name":"Revista +Mallorca","alternateName":"M\u00e1s Mallorca","url":"https:\/\/www.masmallorca.es\/ca","logo":{"@type":"ImageObject","inLanguage":"ca-ES","@id":"https:\/\/www.masmallorca.es\/ca#\/schema\/logo\/image\/","url":"https:\/\/www.masmallorca.es\/wp-content\/uploads\/2021\/04\/logomallorca-1.png","contentUrl":"https:\/\/www.masmallorca.es\/wp-content\/uploads\/2021\/04\/logomallorca-1.png","width":326,"height":84,"caption":"Revista +Mallorca"},"image":{"@id":"https:\/\/www.masmallorca.es\/ca#\/schema\/logo\/image\/"},"sameAs":["https:\/\/www.facebook.com\/mallorcamagazine\/","https:\/\/x.com\/masmallorca"]},{"@type":"Person","@id":"https:\/\/www.masmallorca.es\/ca#\/schema\/person\/554c84e7dfd9917fdba2cace51081633","name":"masmallorca"}]}},"_links":{"self":[{"href":"https:\/\/www.masmallorca.es\/ca\/wp-json\/wp\/v2\/posts\/1080","targetHints":{"allow":["GET"]}}],"collection":[{"href":"https:\/\/www.masmallorca.es\/ca\/wp-json\/wp\/v2\/posts"}],"about":[{"href":"https:\/\/www.masmallorca.es\/ca\/wp-json\/wp\/v2\/types\/post"}],"author":[{"embeddable":true,"href":"https:\/\/www.masmallorca.es\/ca\/wp-json\/wp\/v2\/users\/1"}],"replies":[{"embeddable":true,"href":"https:\/\/www.masmallorca.es\/ca\/wp-json\/wp\/v2\/comments?post=1080"}],"version-history":[{"count":0,"href":"https:\/\/www.masmallorca.es\/ca\/wp-json\/wp\/v2\/posts\/1080\/revisions"}],"wp:featuredmedia":[{"embeddable":true,"href":"https:\/\/www.masmallorca.es\/ca\/wp-json\/wp\/v2\/media\/1064"}],"wp:attachment":[{"href":"https:\/\/www.masmallorca.es\/ca\/wp-json\/wp\/v2\/media?parent=1080"}],"wp:term":[{"taxonomy":"category","embeddable":true,"href":"https:\/\/www.masmallorca.es\/ca\/wp-json\/wp\/v2\/categories?post=1080"},{"taxonomy":"post_tag","embeddable":true,"href":"https:\/\/www.masmallorca.es\/ca\/wp-json\/wp\/v2\/tags?post=1080"}],"curies":[{"name":"wp","href":"https:\/\/api.w.org\/{rel}","templated":true}]}}