{"id":10501,"date":"2012-11-30T18:47:47","date_gmt":"2012-11-30T17:47:47","guid":{"rendered":""},"modified":"2017-10-03T11:27:54","modified_gmt":"2017-10-03T09:27:54","slug":"santa-eugenia-biniali-i-ses-alqueries-un-viatge-al-cor-del-pla-de-mallorca","status":"publish","type":"post","link":"https:\/\/www.masmallorca.es\/ca\/llocs-amb-encant\/santa-eugenia-biniali-i-ses-alqueries-un-viatge-al-cor-del-pla-de-mallorca.html","title":{"rendered":"Santa Eug\u00e8nia, Biniali i ses Alqueries, un viatge al cor del Pla de Mallorca"},"content":{"rendered":"<p style=\"text-align: justify;\"><img loading=\"lazy\" decoding=\"async\" class=\"alignright wp-image-10439 size-full\" style=\"margin: 0px 20px; border-width: 0px; border-style: none; float: right;\" title=\"Santa Eug\u00e8nia, Biniali i ses Alqueries, Pla de Mallorca\" src=\"https:\/\/www.masmallorca.es\/wp-content\/uploads\/2012\/11\/santa-eugenia-biniali-y-ses-alqueries-un-viaje-al-corazon-del-pla-de-mallorca-2.jpg\" alt=\"Santa Eug\u00e8nia, Biniali i ses Alqueries, Pla de Mallorca\" width=\"150\" height=\"100\" \/>El municipi de Santa Eug\u00e8nia, al <strong>Pla de Mallorca<\/strong>, es caracteritza per mantenir intactes els seus trets identitaris. La seva fundaci\u00f3 data de l&#8217;\u00e8poca isl\u00e0mica, al voltant de l&#8217;alqueria Benibazari, ia partir de 1268 pren el nom del seu senyor, Bernat de Santa Eug\u00e8nia. Posseeix 13 jaciments arqueol\u00f2gics que documenten la seva prehist\u00f2ria i la seva hist\u00f2ria antiga.<\/p>\n<p><!--more--><\/p>\n<p style=\"text-align: justify;\">\u00a0<\/p>\n<p style=\"text-align: justify;\"><strong><img loading=\"lazy\" decoding=\"async\" class=\" alignleft size-full wp-image-10476\" style=\"margin: 10px 20px 30px 0px; border-width: 0px; border-style: none; float: left;\" title=\"Santa Eug\u00e8nia, Biniali i ses Alqueries, Pla de Mallorca\" src=\"https:\/\/www.masmallorca.es\/wp-content\/uploads\/2012\/11\/santa-eugenia-biniali-y-ses-alqueries-un-viaje-al-corazon-del-pla-de-mallorca-1.jpg\" alt=\"Santa Eug\u00e8nia, Biniali i ses Alqueries, un viatge al cor del Pla de Mallorca\" width=\"350\" height=\"233\" srcset=\"https:\/\/www.masmallorca.es\/wp-content\/uploads\/2012\/11\/santa-eugenia-biniali-y-ses-alqueries-un-viaje-al-corazon-del-pla-de-mallorca-1.jpg 350w, https:\/\/www.masmallorca.es\/wp-content\/uploads\/2012\/11\/santa-eugenia-biniali-y-ses-alqueries-un-viaje-al-corazon-del-pla-de-mallorca-1-300x200.jpg 300w\" sizes=\"(max-width: 350px) 100vw, 350px\" \/><\/strong><br \/>\n Hist\u00f2ricament ha estat un municipi orientat a la ramaderia i l&#8217;agricultura productives.<\/p>\n<p style=\"text-align: justify;\">En l&#8217;actualitat, amb una poblaci\u00f3 de 1.600 habitants, un significatiu percentatge dels seus residents t\u00e9 la seva feina a Palma, en el sector serveis, segons explica Guillem Cresp\u00ed, batle de la localitat. Cresp\u00ed assegura per\u00f2 que el municipi treballa tamb\u00e9 per potenciar el teixit empresarial local.<\/p>\n<p>&nbsp;<\/p>\n<p style=\"text-align: justify;\"><strong><strong><img loading=\"lazy\" decoding=\"async\" class=\" alignleft size-full wp-image-10481\" style=\"margin: 10px 20px 10px 0px; border-width: 0px; border-style: none; float: left;\" title=\"Santa Eug\u00e8nia, Biniali i ses Alqueries, Pla de Mallorca\" src=\"https:\/\/www.masmallorca.es\/wp-content\/uploads\/2012\/11\/santa-eugenia-biniali-y-ses-alqueries-un-viaje-al-corazon-del-pla-de-mallorca-5.jpg\" alt=\"Santa Eug\u00e8nia, Biniali i ses Alqueries, Pla de Mallorca\" width=\"350\" height=\"525\" srcset=\"https:\/\/www.masmallorca.es\/wp-content\/uploads\/2012\/11\/santa-eugenia-biniali-y-ses-alqueries-un-viaje-al-corazon-del-pla-de-mallorca-5.jpg 350w, https:\/\/www.masmallorca.es\/wp-content\/uploads\/2012\/11\/santa-eugenia-biniali-y-ses-alqueries-un-viaje-al-corazon-del-pla-de-mallorca-5-200x300.jpg 200w\" sizes=\"(max-width: 350px) 100vw, 350px\" \/><\/strong><\/strong><\/p>\n<p style=\"text-align: justify;\"><strong>\u00a0<\/strong><\/p>\n<p style=\"text-align: justify;\"><strong>Santa Eugenia<\/strong><\/p>\n<p style=\"text-align: justify;\">Santa Eugenia \u00e9s un municipi &#8220;obert i hospitalari&#8221;, que no ha experimentat el &#8220;boom&#8221; demogr\u00e0fic i immobiliari que han patit altres municipis ve\u00efns &#8220;i on els nostres visitants o futurs ve\u00efns es poden sentir com a casa&#8221;. Un dels \u00faltims projectes encaminats en aquesta direcci\u00f3 ha estat la millora de la senyalitzaci\u00f3 comercial.<\/p>\n<p>&nbsp;<\/p>\n<p style=\"text-align: justify;\">Potenciar el turisme cultural \u00e9s una de les sendes de futur. Per aix\u00f2, es treballa en la rehabilitaci\u00f3 de la zona del Monument de Son Mascar\u00f3, per tal de convertir-lo en un Centre d&#8217;Interpretaci\u00f3 de la Flora de la Comarca del Pla. Segons Cresp\u00ed, l&#8217;objectiu \u00e9s desenvoluparlo durant aquest mandat municipal.<\/p>\n<p style=\"text-align: justify;\">Suposar\u00e0 crear un itinerari adaptat i senyalitzar la flora i la fauna existent en un espai natural obert de 14 hect\u00e0rees, fruit de la donaci\u00f3 al poble del fill il\u00b7lustre Jos\u00e9 Coll.<\/p>\n<p>&nbsp;<\/p>\n<p>&nbsp;<\/p>\n<p style=\"text-align: justify;\"><img loading=\"lazy\" decoding=\"async\" class=\" alignleft size-full wp-image-10486\" style=\"margin: 10px 20px 10px 0px; border-width: 0px; border-style: none; float: left;\" title=\"Santa Eug\u00e8nia, Biniali i ses Alqueries, Pla de Mallorca\" src=\"https:\/\/www.masmallorca.es\/wp-content\/uploads\/2012\/11\/santa-eugenia-biniali-y-ses-alqueries-un-viaje-al-corazon-del-pla-de-mallorca-4.jpg\" alt=\"Santa Eug\u00e8nia, Biniali i ses Alqueries, Pla de Mallorca\" width=\"350\" height=\"525\" srcset=\"https:\/\/www.masmallorca.es\/wp-content\/uploads\/2012\/11\/santa-eugenia-biniali-y-ses-alqueries-un-viaje-al-corazon-del-pla-de-mallorca-4.jpg 350w, https:\/\/www.masmallorca.es\/wp-content\/uploads\/2012\/11\/santa-eugenia-biniali-y-ses-alqueries-un-viaje-al-corazon-del-pla-de-mallorca-4-200x300.jpg 200w\" sizes=\"(max-width: 350px) 100vw, 350px\" \/><\/p>\n<p style=\"text-align: justify;\"><strong>Ses Alqueries<\/strong><\/p>\n<p style=\"text-align: justify;\">Un dels &#8220;llogarets&#8221; del municipi \u00e9s el conjunt hist\u00f2ric de <strong>Ses Alqueries<\/strong>, situat a 1,5 quil\u00f2metres. El nom del &#8220;llogaret&#8221;, declarat <strong>B\u00e9 d&#8217;Inter\u00e8s Cultural (BIC)<\/strong> pel Consell de Mallorca, prov\u00e9 de dues alqueries d&#8217;origen isl\u00e0mic i que daten del segle XIII.<\/p>\n<p style=\"text-align: justify;\">Avui \u00e9s un tranquil barri de bell entramat urban\u00edstic que conserva intactes les caracter\u00edstiques hist\u00f2riques dels seus edificis.<\/p>\n<p>&nbsp;<\/p>\n<p style=\"text-align: justify;\"><strong>Biniali<\/strong><\/p>\n<p style=\"text-align: justify;\">A pocs quil\u00f2metres de Santa Eug\u00e8nia es situa el &#8220;llogaret&#8221; de <strong>Biniali<\/strong>, pertanyent al terme municipal de Sencelles. Compta amb 200 habitants i gaudeix tamb\u00e9 de la declaraci\u00f3 <strong>BIC<\/strong>.<\/p>\n<p style=\"text-align: justify;\">Posseeix importants jaciments arqueol\u00f2gics, entre ells la Cova Monja.<\/p>\n<p>&nbsp;<\/p>\n<p style=\"text-align: justify;\"><img loading=\"lazy\" decoding=\"async\" class=\"size-full wp-image-10491 aligncenter\" title=\"Santa Eug\u00e8nia, Biniali i ses Alqueries, Pla de Mallorca\" src=\"https:\/\/www.masmallorca.es\/wp-content\/uploads\/2012\/11\/santa-eugenia-biniali-y-ses-alqueries-un-viaje-al-corazon-del-pla-de-mallorca.jpg\" alt=\"Santa Eug\u00e8nia, Biniali i ses Alqueries, Pla de Mallorca\" width=\"540\" height=\"221\" srcset=\"https:\/\/www.masmallorca.es\/wp-content\/uploads\/2012\/11\/santa-eugenia-biniali-y-ses-alqueries-un-viaje-al-corazon-del-pla-de-mallorca.jpg 540w, https:\/\/www.masmallorca.es\/wp-content\/uploads\/2012\/11\/santa-eugenia-biniali-y-ses-alqueries-un-viaje-al-corazon-del-pla-de-mallorca-300x123.jpg 300w\" sizes=\"(max-width: 540px) 100vw, 540px\" \/><\/p>\n<p style=\"text-align: justify;\"><img loading=\"lazy\" decoding=\"async\" class=\"aligncenter wp-image-10496 size-full\" title=\"Santa Eug\u00e8nia, Biniali i ses Alqueries, Pla de Mallorca\" src=\"https:\/\/www.masmallorca.es\/wp-content\/uploads\/2012\/11\/santa-eugenia-biniali-y-ses-alqueries-un-viaje-al-corazon-del-pla-de-mallorca-3.jpg\" alt=\"Santa Eug\u00e8nia, Biniali i ses Alqueries, Pla de Mallorca\" width=\"540\" height=\"360\" srcset=\"https:\/\/www.masmallorca.es\/wp-content\/uploads\/2012\/11\/santa-eugenia-biniali-y-ses-alqueries-un-viaje-al-corazon-del-pla-de-mallorca-3.jpg 540w, https:\/\/www.masmallorca.es\/wp-content\/uploads\/2012\/11\/santa-eugenia-biniali-y-ses-alqueries-un-viaje-al-corazon-del-pla-de-mallorca-3-300x200.jpg 300w\" sizes=\"(max-width: 540px) 100vw, 540px\" \/><\/p>\n","protected":false},"excerpt":{"rendered":"<p>El municipi de Santa Eug\u00e8nia, al Pla de Mallorca, es caracteritza per mantenir intactes els seus trets identitaris. La seva fundaci\u00f3 data de l&#8217;\u00e8poca isl\u00e0mica, al voltant de l&#8217;alqueria Benibazari, ia partir de 1268 pren el nom del seu senyor, Bernat de Santa Eug\u00e8nia. Posseeix 13 jaciments arqueol\u00f2gics que documenten la seva prehist\u00f2ria i la [&hellip;]<\/p>\n","protected":false},"author":1,"featured_media":10460,"comment_status":"closed","ping_status":"closed","sticky":false,"template":"","format":"standard","meta":{"_et_pb_use_builder":"","_et_pb_old_content":"","_et_gb_content_width":"","footnotes":""},"categories":[34],"tags":[],"class_list":["post-10501","post","type-post","status-publish","format-standard","has-post-thumbnail","hentry","category-llocs-amb-encant","et-has-post-format-content","et_post_format-et-post-format-standard"],"yoast_head":"<!-- This site is optimized with the Yoast SEO plugin v27.4 - https:\/\/yoast.com\/product\/yoast-seo-wordpress\/ -->\n<title>Santa Eug\u00e8nia, Biniali i ses Alqueries, un viatge al cor del Pla de Mallorca | +Mallorca: la revista de Mallorca<\/title>\n<meta name=\"description\" content=\"+Mallorca: Santa Eug\u00e8nia, Biniali i Ses Alqueries. Biniali, al terme municipal de Sencelles. B\u00e9 d&#039;Inter\u00e8s Cultural. Pobles de Mallorca. Illes Balears.\" \/>\n<meta name=\"robots\" content=\"index, follow, max-snippet:-1, max-image-preview:large, max-video-preview:-1\" \/>\n<link rel=\"canonical\" href=\"https:\/\/www.masmallorca.es\/ca\/llocs-amb-encant\/santa-eugenia-biniali-i-ses-alqueries-un-viatge-al-cor-del-pla-de-mallorca.html\" \/>\n<meta property=\"og:locale\" content=\"ca_ES\" \/>\n<meta property=\"og:type\" content=\"article\" \/>\n<meta property=\"og:title\" content=\"Santa Eug\u00e8nia, Biniali i ses Alqueries, un viatge al cor del Pla de Mallorca | +Mallorca: la revista de Mallorca\" \/>\n<meta property=\"og:description\" content=\"+Mallorca: Santa Eug\u00e8nia, Biniali i Ses Alqueries. Biniali, al terme municipal de Sencelles. B\u00e9 d&#039;Inter\u00e8s Cultural. Pobles de Mallorca. Illes Balears.\" \/>\n<meta property=\"og:url\" content=\"https:\/\/www.masmallorca.es\/ca\/llocs-amb-encant\/santa-eugenia-biniali-i-ses-alqueries-un-viatge-al-cor-del-pla-de-mallorca.html\" \/>\n<meta property=\"og:site_name\" content=\"+Mallorca: la revista de Mallorca\" \/>\n<meta property=\"article:publisher\" content=\"https:\/\/www.facebook.com\/mallorcamagazine\/\" \/>\n<meta property=\"article:published_time\" content=\"2012-11-30T17:47:47+00:00\" \/>\n<meta property=\"article:modified_time\" content=\"2017-10-03T09:27:54+00:00\" \/>\n<meta property=\"og:image\" content=\"https:\/\/www.masmallorca.es\/wp-content\/uploads\/2012\/11\/santa-eugenia-biniali-y-ses-alqueries-un-viaje-al-corazon-del-pla-de-mallorca.jpg\" \/>\n\t<meta property=\"og:image:width\" content=\"540\" \/>\n\t<meta property=\"og:image:height\" content=\"221\" \/>\n\t<meta property=\"og:image:type\" content=\"image\/jpeg\" \/>\n<meta name=\"author\" content=\"masmallorca\" \/>\n<meta name=\"twitter:card\" content=\"summary_large_image\" \/>\n<meta name=\"twitter:creator\" content=\"@masmallorca\" \/>\n<meta name=\"twitter:site\" content=\"@masmallorca\" \/>\n<meta name=\"twitter:label1\" content=\"Written by\" \/>\n\t<meta name=\"twitter:data1\" content=\"masmallorca\" \/>\n\t<meta name=\"twitter:label2\" content=\"Est. reading time\" \/>\n\t<meta name=\"twitter:data2\" content=\"2 minutes\" \/>\n<script type=\"application\/ld+json\" class=\"yoast-schema-graph\">{\"@context\":\"https:\\\/\\\/schema.org\",\"@graph\":[{\"@type\":\"Article\",\"@id\":\"https:\\\/\\\/www.masmallorca.es\\\/ca\\\/llocs-amb-encant\\\/santa-eugenia-biniali-i-ses-alqueries-un-viatge-al-cor-del-pla-de-mallorca.html#article\",\"isPartOf\":{\"@id\":\"https:\\\/\\\/www.masmallorca.es\\\/ca\\\/llocs-amb-encant\\\/santa-eugenia-biniali-i-ses-alqueries-un-viatge-al-cor-del-pla-de-mallorca.html\"},\"author\":{\"name\":\"masmallorca\",\"@id\":\"https:\\\/\\\/www.masmallorca.es\\\/ca#\\\/schema\\\/person\\\/554c84e7dfd9917fdba2cace51081633\"},\"headline\":\"Santa Eug\u00e8nia, Biniali i ses Alqueries, un viatge al cor del Pla de Mallorca\",\"datePublished\":\"2012-11-30T17:47:47+00:00\",\"dateModified\":\"2017-10-03T09:27:54+00:00\",\"mainEntityOfPage\":{\"@id\":\"https:\\\/\\\/www.masmallorca.es\\\/ca\\\/llocs-amb-encant\\\/santa-eugenia-biniali-i-ses-alqueries-un-viatge-al-cor-del-pla-de-mallorca.html\"},\"wordCount\":399,\"publisher\":{\"@id\":\"https:\\\/\\\/www.masmallorca.es\\\/ca#organization\"},\"image\":{\"@id\":\"https:\\\/\\\/www.masmallorca.es\\\/ca\\\/llocs-amb-encant\\\/santa-eugenia-biniali-i-ses-alqueries-un-viatge-al-cor-del-pla-de-mallorca.html#primaryimage\"},\"thumbnailUrl\":\"https:\\\/\\\/www.masmallorca.es\\\/wp-content\\\/uploads\\\/2012\\\/11\\\/santa-eugenia-biniali-y-ses-alqueries-un-viaje-al-corazon-del-pla-de-mallorca.jpg\",\"articleSection\":[\"Llocs amb encant\"],\"inLanguage\":\"ca-ES\"},{\"@type\":\"WebPage\",\"@id\":\"https:\\\/\\\/www.masmallorca.es\\\/ca\\\/llocs-amb-encant\\\/santa-eugenia-biniali-i-ses-alqueries-un-viatge-al-cor-del-pla-de-mallorca.html\",\"url\":\"https:\\\/\\\/www.masmallorca.es\\\/ca\\\/llocs-amb-encant\\\/santa-eugenia-biniali-i-ses-alqueries-un-viatge-al-cor-del-pla-de-mallorca.html\",\"name\":\"Santa Eug\u00e8nia, Biniali i ses Alqueries, un viatge al cor del Pla de Mallorca | +Mallorca: la revista de Mallorca\",\"isPartOf\":{\"@id\":\"https:\\\/\\\/www.masmallorca.es\\\/ca#website\"},\"primaryImageOfPage\":{\"@id\":\"https:\\\/\\\/www.masmallorca.es\\\/ca\\\/llocs-amb-encant\\\/santa-eugenia-biniali-i-ses-alqueries-un-viatge-al-cor-del-pla-de-mallorca.html#primaryimage\"},\"image\":{\"@id\":\"https:\\\/\\\/www.masmallorca.es\\\/ca\\\/llocs-amb-encant\\\/santa-eugenia-biniali-i-ses-alqueries-un-viatge-al-cor-del-pla-de-mallorca.html#primaryimage\"},\"thumbnailUrl\":\"https:\\\/\\\/www.masmallorca.es\\\/wp-content\\\/uploads\\\/2012\\\/11\\\/santa-eugenia-biniali-y-ses-alqueries-un-viaje-al-corazon-del-pla-de-mallorca.jpg\",\"datePublished\":\"2012-11-30T17:47:47+00:00\",\"dateModified\":\"2017-10-03T09:27:54+00:00\",\"description\":\"+Mallorca: Santa Eug\u00e8nia, Biniali i Ses Alqueries. Biniali, al terme municipal de Sencelles. B\u00e9 d'Inter\u00e8s Cultural. Pobles de Mallorca. Illes Balears.\",\"breadcrumb\":{\"@id\":\"https:\\\/\\\/www.masmallorca.es\\\/ca\\\/llocs-amb-encant\\\/santa-eugenia-biniali-i-ses-alqueries-un-viatge-al-cor-del-pla-de-mallorca.html#breadcrumb\"},\"inLanguage\":\"ca-ES\",\"potentialAction\":[{\"@type\":\"ReadAction\",\"target\":[\"https:\\\/\\\/www.masmallorca.es\\\/ca\\\/llocs-amb-encant\\\/santa-eugenia-biniali-i-ses-alqueries-un-viatge-al-cor-del-pla-de-mallorca.html\"]}]},{\"@type\":\"ImageObject\",\"inLanguage\":\"ca-ES\",\"@id\":\"https:\\\/\\\/www.masmallorca.es\\\/ca\\\/llocs-amb-encant\\\/santa-eugenia-biniali-i-ses-alqueries-un-viatge-al-cor-del-pla-de-mallorca.html#primaryimage\",\"url\":\"https:\\\/\\\/www.masmallorca.es\\\/wp-content\\\/uploads\\\/2012\\\/11\\\/santa-eugenia-biniali-y-ses-alqueries-un-viaje-al-corazon-del-pla-de-mallorca.jpg\",\"contentUrl\":\"https:\\\/\\\/www.masmallorca.es\\\/wp-content\\\/uploads\\\/2012\\\/11\\\/santa-eugenia-biniali-y-ses-alqueries-un-viaje-al-corazon-del-pla-de-mallorca.jpg\",\"width\":540,\"height\":221},{\"@type\":\"BreadcrumbList\",\"@id\":\"https:\\\/\\\/www.masmallorca.es\\\/ca\\\/llocs-amb-encant\\\/santa-eugenia-biniali-i-ses-alqueries-un-viatge-al-cor-del-pla-de-mallorca.html#breadcrumb\",\"itemListElement\":[{\"@type\":\"ListItem\",\"position\":1,\"name\":\"Portada\",\"item\":\"https:\\\/\\\/www.masmallorca.es\\\/ca\"},{\"@type\":\"ListItem\",\"position\":2,\"name\":\"Llocs amb encant\",\"item\":\"https:\\\/\\\/www.masmallorca.es\\\/ca\\\/llocs-amb-encant\"},{\"@type\":\"ListItem\",\"position\":3,\"name\":\"Santa Eug\u00e8nia, Biniali i ses Alqueries, un viatge al cor del Pla de Mallorca\"}]},{\"@type\":\"WebSite\",\"@id\":\"https:\\\/\\\/www.masmallorca.es\\\/ca#website\",\"url\":\"https:\\\/\\\/www.masmallorca.es\\\/ca\",\"name\":\"+Mallorca: la revista de Mallorca\",\"description\":\"Molt m\u00e9s que sol i platja..\",\"publisher\":{\"@id\":\"https:\\\/\\\/www.masmallorca.es\\\/ca#organization\"},\"alternateName\":\"+Mallorca\",\"potentialAction\":[{\"@type\":\"SearchAction\",\"target\":{\"@type\":\"EntryPoint\",\"urlTemplate\":\"https:\\\/\\\/www.masmallorca.es\\\/ca?s={search_term_string}\"},\"query-input\":{\"@type\":\"PropertyValueSpecification\",\"valueRequired\":true,\"valueName\":\"search_term_string\"}}],\"inLanguage\":\"ca-ES\"},{\"@type\":\"Organization\",\"@id\":\"https:\\\/\\\/www.masmallorca.es\\\/ca#organization\",\"name\":\"Revista +Mallorca\",\"alternateName\":\"M\u00e1s Mallorca\",\"url\":\"https:\\\/\\\/www.masmallorca.es\\\/ca\",\"logo\":{\"@type\":\"ImageObject\",\"inLanguage\":\"ca-ES\",\"@id\":\"https:\\\/\\\/www.masmallorca.es\\\/ca#\\\/schema\\\/logo\\\/image\\\/\",\"url\":\"https:\\\/\\\/www.masmallorca.es\\\/wp-content\\\/uploads\\\/2021\\\/04\\\/logomallorca-1.png\",\"contentUrl\":\"https:\\\/\\\/www.masmallorca.es\\\/wp-content\\\/uploads\\\/2021\\\/04\\\/logomallorca-1.png\",\"width\":326,\"height\":84,\"caption\":\"Revista +Mallorca\"},\"image\":{\"@id\":\"https:\\\/\\\/www.masmallorca.es\\\/ca#\\\/schema\\\/logo\\\/image\\\/\"},\"sameAs\":[\"https:\\\/\\\/www.facebook.com\\\/mallorcamagazine\\\/\",\"https:\\\/\\\/x.com\\\/masmallorca\"]},{\"@type\":\"Person\",\"@id\":\"https:\\\/\\\/www.masmallorca.es\\\/ca#\\\/schema\\\/person\\\/554c84e7dfd9917fdba2cace51081633\",\"name\":\"masmallorca\"}]}<\/script>\n<!-- \/ Yoast SEO plugin. -->","yoast_head_json":{"title":"Santa Eug\u00e8nia, Biniali i ses Alqueries, un viatge al cor del Pla de Mallorca | +Mallorca: la revista de Mallorca","description":"+Mallorca: Santa Eug\u00e8nia, Biniali i Ses Alqueries. Biniali, al terme municipal de Sencelles. B\u00e9 d'Inter\u00e8s Cultural. Pobles de Mallorca. Illes Balears.","robots":{"index":"index","follow":"follow","max-snippet":"max-snippet:-1","max-image-preview":"max-image-preview:large","max-video-preview":"max-video-preview:-1"},"canonical":"https:\/\/www.masmallorca.es\/ca\/llocs-amb-encant\/santa-eugenia-biniali-i-ses-alqueries-un-viatge-al-cor-del-pla-de-mallorca.html","og_locale":"ca_ES","og_type":"article","og_title":"Santa Eug\u00e8nia, Biniali i ses Alqueries, un viatge al cor del Pla de Mallorca | +Mallorca: la revista de Mallorca","og_description":"+Mallorca: Santa Eug\u00e8nia, Biniali i Ses Alqueries. Biniali, al terme municipal de Sencelles. B\u00e9 d'Inter\u00e8s Cultural. Pobles de Mallorca. Illes Balears.","og_url":"https:\/\/www.masmallorca.es\/ca\/llocs-amb-encant\/santa-eugenia-biniali-i-ses-alqueries-un-viatge-al-cor-del-pla-de-mallorca.html","og_site_name":"+Mallorca: la revista de Mallorca","article_publisher":"https:\/\/www.facebook.com\/mallorcamagazine\/","article_published_time":"2012-11-30T17:47:47+00:00","article_modified_time":"2017-10-03T09:27:54+00:00","og_image":[{"width":540,"height":221,"url":"https:\/\/www.masmallorca.es\/wp-content\/uploads\/2012\/11\/santa-eugenia-biniali-y-ses-alqueries-un-viaje-al-corazon-del-pla-de-mallorca.jpg","type":"image\/jpeg"}],"author":"masmallorca","twitter_card":"summary_large_image","twitter_creator":"@masmallorca","twitter_site":"@masmallorca","twitter_misc":{"Written by":"masmallorca","Est. reading time":"2 minutes"},"schema":{"@context":"https:\/\/schema.org","@graph":[{"@type":"Article","@id":"https:\/\/www.masmallorca.es\/ca\/llocs-amb-encant\/santa-eugenia-biniali-i-ses-alqueries-un-viatge-al-cor-del-pla-de-mallorca.html#article","isPartOf":{"@id":"https:\/\/www.masmallorca.es\/ca\/llocs-amb-encant\/santa-eugenia-biniali-i-ses-alqueries-un-viatge-al-cor-del-pla-de-mallorca.html"},"author":{"name":"masmallorca","@id":"https:\/\/www.masmallorca.es\/ca#\/schema\/person\/554c84e7dfd9917fdba2cace51081633"},"headline":"Santa Eug\u00e8nia, Biniali i ses Alqueries, un viatge al cor del Pla de Mallorca","datePublished":"2012-11-30T17:47:47+00:00","dateModified":"2017-10-03T09:27:54+00:00","mainEntityOfPage":{"@id":"https:\/\/www.masmallorca.es\/ca\/llocs-amb-encant\/santa-eugenia-biniali-i-ses-alqueries-un-viatge-al-cor-del-pla-de-mallorca.html"},"wordCount":399,"publisher":{"@id":"https:\/\/www.masmallorca.es\/ca#organization"},"image":{"@id":"https:\/\/www.masmallorca.es\/ca\/llocs-amb-encant\/santa-eugenia-biniali-i-ses-alqueries-un-viatge-al-cor-del-pla-de-mallorca.html#primaryimage"},"thumbnailUrl":"https:\/\/www.masmallorca.es\/wp-content\/uploads\/2012\/11\/santa-eugenia-biniali-y-ses-alqueries-un-viaje-al-corazon-del-pla-de-mallorca.jpg","articleSection":["Llocs amb encant"],"inLanguage":"ca-ES"},{"@type":"WebPage","@id":"https:\/\/www.masmallorca.es\/ca\/llocs-amb-encant\/santa-eugenia-biniali-i-ses-alqueries-un-viatge-al-cor-del-pla-de-mallorca.html","url":"https:\/\/www.masmallorca.es\/ca\/llocs-amb-encant\/santa-eugenia-biniali-i-ses-alqueries-un-viatge-al-cor-del-pla-de-mallorca.html","name":"Santa Eug\u00e8nia, Biniali i ses Alqueries, un viatge al cor del Pla de Mallorca | +Mallorca: la revista de Mallorca","isPartOf":{"@id":"https:\/\/www.masmallorca.es\/ca#website"},"primaryImageOfPage":{"@id":"https:\/\/www.masmallorca.es\/ca\/llocs-amb-encant\/santa-eugenia-biniali-i-ses-alqueries-un-viatge-al-cor-del-pla-de-mallorca.html#primaryimage"},"image":{"@id":"https:\/\/www.masmallorca.es\/ca\/llocs-amb-encant\/santa-eugenia-biniali-i-ses-alqueries-un-viatge-al-cor-del-pla-de-mallorca.html#primaryimage"},"thumbnailUrl":"https:\/\/www.masmallorca.es\/wp-content\/uploads\/2012\/11\/santa-eugenia-biniali-y-ses-alqueries-un-viaje-al-corazon-del-pla-de-mallorca.jpg","datePublished":"2012-11-30T17:47:47+00:00","dateModified":"2017-10-03T09:27:54+00:00","description":"+Mallorca: Santa Eug\u00e8nia, Biniali i Ses Alqueries. Biniali, al terme municipal de Sencelles. B\u00e9 d'Inter\u00e8s Cultural. Pobles de Mallorca. Illes Balears.","breadcrumb":{"@id":"https:\/\/www.masmallorca.es\/ca\/llocs-amb-encant\/santa-eugenia-biniali-i-ses-alqueries-un-viatge-al-cor-del-pla-de-mallorca.html#breadcrumb"},"inLanguage":"ca-ES","potentialAction":[{"@type":"ReadAction","target":["https:\/\/www.masmallorca.es\/ca\/llocs-amb-encant\/santa-eugenia-biniali-i-ses-alqueries-un-viatge-al-cor-del-pla-de-mallorca.html"]}]},{"@type":"ImageObject","inLanguage":"ca-ES","@id":"https:\/\/www.masmallorca.es\/ca\/llocs-amb-encant\/santa-eugenia-biniali-i-ses-alqueries-un-viatge-al-cor-del-pla-de-mallorca.html#primaryimage","url":"https:\/\/www.masmallorca.es\/wp-content\/uploads\/2012\/11\/santa-eugenia-biniali-y-ses-alqueries-un-viaje-al-corazon-del-pla-de-mallorca.jpg","contentUrl":"https:\/\/www.masmallorca.es\/wp-content\/uploads\/2012\/11\/santa-eugenia-biniali-y-ses-alqueries-un-viaje-al-corazon-del-pla-de-mallorca.jpg","width":540,"height":221},{"@type":"BreadcrumbList","@id":"https:\/\/www.masmallorca.es\/ca\/llocs-amb-encant\/santa-eugenia-biniali-i-ses-alqueries-un-viatge-al-cor-del-pla-de-mallorca.html#breadcrumb","itemListElement":[{"@type":"ListItem","position":1,"name":"Portada","item":"https:\/\/www.masmallorca.es\/ca"},{"@type":"ListItem","position":2,"name":"Llocs amb encant","item":"https:\/\/www.masmallorca.es\/ca\/llocs-amb-encant"},{"@type":"ListItem","position":3,"name":"Santa Eug\u00e8nia, Biniali i ses Alqueries, un viatge al cor del Pla de Mallorca"}]},{"@type":"WebSite","@id":"https:\/\/www.masmallorca.es\/ca#website","url":"https:\/\/www.masmallorca.es\/ca","name":"+Mallorca: la revista de Mallorca","description":"Molt m\u00e9s que sol i platja..","publisher":{"@id":"https:\/\/www.masmallorca.es\/ca#organization"},"alternateName":"+Mallorca","potentialAction":[{"@type":"SearchAction","target":{"@type":"EntryPoint","urlTemplate":"https:\/\/www.masmallorca.es\/ca?s={search_term_string}"},"query-input":{"@type":"PropertyValueSpecification","valueRequired":true,"valueName":"search_term_string"}}],"inLanguage":"ca-ES"},{"@type":"Organization","@id":"https:\/\/www.masmallorca.es\/ca#organization","name":"Revista +Mallorca","alternateName":"M\u00e1s Mallorca","url":"https:\/\/www.masmallorca.es\/ca","logo":{"@type":"ImageObject","inLanguage":"ca-ES","@id":"https:\/\/www.masmallorca.es\/ca#\/schema\/logo\/image\/","url":"https:\/\/www.masmallorca.es\/wp-content\/uploads\/2021\/04\/logomallorca-1.png","contentUrl":"https:\/\/www.masmallorca.es\/wp-content\/uploads\/2021\/04\/logomallorca-1.png","width":326,"height":84,"caption":"Revista +Mallorca"},"image":{"@id":"https:\/\/www.masmallorca.es\/ca#\/schema\/logo\/image\/"},"sameAs":["https:\/\/www.facebook.com\/mallorcamagazine\/","https:\/\/x.com\/masmallorca"]},{"@type":"Person","@id":"https:\/\/www.masmallorca.es\/ca#\/schema\/person\/554c84e7dfd9917fdba2cace51081633","name":"masmallorca"}]}},"_links":{"self":[{"href":"https:\/\/www.masmallorca.es\/ca\/wp-json\/wp\/v2\/posts\/10501","targetHints":{"allow":["GET"]}}],"collection":[{"href":"https:\/\/www.masmallorca.es\/ca\/wp-json\/wp\/v2\/posts"}],"about":[{"href":"https:\/\/www.masmallorca.es\/ca\/wp-json\/wp\/v2\/types\/post"}],"author":[{"embeddable":true,"href":"https:\/\/www.masmallorca.es\/ca\/wp-json\/wp\/v2\/users\/1"}],"replies":[{"embeddable":true,"href":"https:\/\/www.masmallorca.es\/ca\/wp-json\/wp\/v2\/comments?post=10501"}],"version-history":[{"count":0,"href":"https:\/\/www.masmallorca.es\/ca\/wp-json\/wp\/v2\/posts\/10501\/revisions"}],"wp:featuredmedia":[{"embeddable":true,"href":"https:\/\/www.masmallorca.es\/ca\/wp-json\/wp\/v2\/media\/10460"}],"wp:attachment":[{"href":"https:\/\/www.masmallorca.es\/ca\/wp-json\/wp\/v2\/media?parent=10501"}],"wp:term":[{"taxonomy":"category","embeddable":true,"href":"https:\/\/www.masmallorca.es\/ca\/wp-json\/wp\/v2\/categories?post=10501"},{"taxonomy":"post_tag","embeddable":true,"href":"https:\/\/www.masmallorca.es\/ca\/wp-json\/wp\/v2\/tags?post=10501"}],"curies":[{"name":"wp","href":"https:\/\/api.w.org\/{rel}","templated":true}]}}